{"id":81316,"date":"2025-01-08T22:07:47","date_gmt":"2025-01-09T01:07:47","guid":{"rendered":"https:\/\/vocesparalelas.com.ar\/sitio\/?p=81316"},"modified":"2025-01-10T00:20:17","modified_gmt":"2025-01-10T03:20:17","slug":"becas-de-la-unsj-para-estudiar-aleman-e-italiano","status":"publish","type":"post","link":"https:\/\/vocesparalelas.com.ar\/sitio\/becas-de-la-unsj-para-estudiar-aleman-e-italiano\/","title":{"rendered":"Becas de la UNSJ para estudiar alem\u00e1n e italiano"},"content":{"rendered":"<p>La Secretar\u00eda de Posgrado y Relaciones Internacionales de la UNSJ informa que ya est\u00e1n abiertas las inscripciones a becas de Alem\u00e1n niveles A1 y A2 e Italiano nivel A1 del Instituto Alem\u00e1n Instituto Alem\u00e1n &#8211; Goethe Zentrum. Las personas beneficiarias son estudiantes universitarias regulares de grado de la Universidad Nacional de San Juan, a partir de 3er. A\u00f1o.<\/p>\n<p>La modalidad del beneficio para\u00a0Nivel A 1\u00a0corresponde a un total de 12 becas distribuidas en las 5 facultades y la Escuela Universitaria de Ciencias de la Salud.<\/p>\n<ul>\n<li>3 (tres) becas completas que cubren el 100% del cursado para Alem\u00e1n.<\/li>\n<li>3 (tres) becas completas para Italiano.<\/li>\n<li>3 becas parciales que cubren 50% del cursado para Alem\u00e1n.<\/li>\n<li>3 becas parciales para Italiano.<\/li>\n<\/ul>\n<p><span style=\"color: #ff6600;\"><b>Nivel A2 solo destinado a idioma Alem\u00e1n<\/b><\/span><\/p>\n<p>Una beca completa (100%) y una media beca (50%), para cada una de las facultades y la Escuela Universitaria de Ciencias de la Salud.<\/p>\n<p>Para cursar este nivel es necesario tener aprobado el A1 de alem\u00e1n.<\/p>\n<p>Los cursos son presenciales<\/p>\n<p><span style=\"color: #ff6600;\"><b>Informes e inscripci\u00f3n<\/b><\/span><\/p>\n<p>Enviar por internet, en formato PDF, la siguiente documentaci\u00f3n a: <a href=\"http:\/\/www.unsj.edu.ar\/home\/noticias_detalles\/6761\/cooperacion@unsj.edu.ar\">cooperacion@unsj.edu.ar<\/a><\/p>\n<ul>\n<li>Formulario de Inscripci\u00f3n General completo (modelo)<\/li>\n<li>Certificado Alumno regular<\/li>\n<li>Certificado anal\u00edtico (con aplazos)<\/li>\n<li>Certificado de Promedio. Avance Carrera<\/li>\n<li>Fotocopia DNI<\/li>\n<\/ul>\n<p><span style=\"color: #ff6600;\"><strong><b>Fecha l\u00edmite<\/b> recepci\u00f3n de documentaci\u00f3n<\/strong><\/span><\/p>\n<p><strong>Mi\u00e9rcoles, 22 de Enero.<\/strong><\/p>\n<p>Los resultados se comunican el Lunes, 27 de Enero a trav\u00e9s de correo electr\u00f3nico.<\/p>\n<p><strong><span style=\"color: #ff6600;\">Fecha Curso<\/span><\/strong><\/p>\n<p>03 de Febrero a 07 de Marzo de 2025.<\/p>\n<p><span style=\"color: #ff6600;\"><b>Horario Cursos<\/b><\/span><\/p>\n<ul>\n<li>ALEM\u00c1N A1 \u2013 lunes a viernes de 9:00 a 13:00 h<\/li>\n<li>ALEM\u00c1N A2 \u2013 A convenir<\/li>\n<li>ITALIANO A1 \u2013 lunes, mi\u00e9rcoles y viernes de 09:00 a 12:00 h<strong><br \/>\n<\/strong><\/li>\n<\/ul>\n<p><span style=\"color: #ff6600;\"><b>Importante<\/b><\/span><\/p>\n<p>Los estudiantes seleccionados deber\u00e1n abonar la inscripci\u00f3n de $20.000 y el Examen Internacional de Alem\u00e1n o examen interno de Italiano ya que no se encuentran contemplados en la beca.<\/p>\n<p>Es obligatorio rendir el examen correspondiente\u00a0y cumplir con el 80 % de asistencia al curso.<\/p>\n<p>El Instituto Alem\u00e1n solicitar\u00e1 a las personas seleccionadas la firma del Reglamento para becarios en los que se especifican estos \u00edtems.<\/p>\n<p>El estudiante que no rinda el examen correspondiente NO puede presentarse a otra convocatoria de idiomas de esta Secretar\u00eda.<\/p>\n<p>La Beca Completa implica la eximici\u00f3n de las cuotas mensuales.<\/p>\n<p>La Beca Parcial indica que el estudiante abona el 50 % del valor de la cuota.<\/p>\n<p>A fin de calcular el importe del 50% se informa que actualmente la cuota mensual para Alem\u00e1n A1 y A2 es de $300.000 y la de Italiano A1 es de $135.000.<\/p>\n<p><span style=\"color: #ff6600;\"><b>Documento Adjuntos<\/b><\/span><\/p>\n<ul>\n<li><span style=\"color: #ff6600;\"><b>Reglamento<\/b><\/span><\/li>\n<\/ul>\n<p><a href=\"https:\/\/vocesparalelas.com.ar\/sitio\/wp-content\/uploads\/2025\/01\/ReglamentoBecar_8857_016.doc\">ReglamentoBecar_8857_016<\/a><\/p>\n<ul>\n<li><span style=\"color: #ff6600;\"><b>Formulario de inscripci\u00f3n<\/b><\/span><\/li>\n<\/ul>\n<p><a href=\"https:\/\/vocesparalelas.com.ar\/sitio\/wp-content\/uploads\/2025\/01\/FormularioBecas_8857_116.docx\">FormularioBecas_8857_116<\/a><\/p>\n<p><img loading=\"lazy\" decoding=\"async\" class=\"alignnone size-full wp-image-79515\" src=\"https:\/\/vocesparalelas.com.ar\/sitio\/wp-content\/uploads\/2024\/11\/UNSJ-LOGO-01.jpg\" alt=\"\" width=\"800\" height=\"459\" srcset=\"https:\/\/vocesparalelas.com.ar\/sitio\/wp-content\/uploads\/2024\/11\/UNSJ-LOGO-01.jpg 800w, https:\/\/vocesparalelas.com.ar\/sitio\/wp-content\/uploads\/2024\/11\/UNSJ-LOGO-01-300x172.jpg 300w, https:\/\/vocesparalelas.com.ar\/sitio\/wp-content\/uploads\/2024\/11\/UNSJ-LOGO-01-768x441.jpg 768w\" sizes=\"auto, (max-width: 800px) 100vw, 800px\" \/><\/p>\n<p>&nbsp;<\/p>\n","protected":false},"excerpt":{"rendered":"<p>La Secretar\u00eda de Posgrado y Relaciones Internacionales de la UNSJ informa que ya est\u00e1n abiertas las inscripciones a becas de<\/p>\n","protected":false},"author":3,"featured_media":54097,"comment_status":"closed","ping_status":"closed","sticky":false,"template":"","format":"standard","meta":{"_acf_changed":false,"_seopress_robots_primary_cat":"none","_seopress_titles_title":"","_seopress_titles_desc":"","_seopress_robots_index":"","colormag_page_container_layout":"default_layout","colormag_page_sidebar_layout":"default_layout","footnotes":""},"categories":[9],"tags":[],"class_list":["post-81316","post","type-post","status-publish","format-standard","has-post-thumbnail","hentry","category-cursos"],"acf":[],"_links":{"self":[{"href":"https:\/\/vocesparalelas.com.ar\/sitio\/wp-json\/wp\/v2\/posts\/81316","targetHints":{"allow":["GET"]}}],"collection":[{"href":"https:\/\/vocesparalelas.com.ar\/sitio\/wp-json\/wp\/v2\/posts"}],"about":[{"href":"https:\/\/vocesparalelas.com.ar\/sitio\/wp-json\/wp\/v2\/types\/post"}],"author":[{"embeddable":true,"href":"https:\/\/vocesparalelas.com.ar\/sitio\/wp-json\/wp\/v2\/users\/3"}],"replies":[{"embeddable":true,"href":"https:\/\/vocesparalelas.com.ar\/sitio\/wp-json\/wp\/v2\/comments?post=81316"}],"version-history":[{"count":3,"href":"https:\/\/vocesparalelas.com.ar\/sitio\/wp-json\/wp\/v2\/posts\/81316\/revisions"}],"predecessor-version":[{"id":81324,"href":"https:\/\/vocesparalelas.com.ar\/sitio\/wp-json\/wp\/v2\/posts\/81316\/revisions\/81324"}],"wp:featuredmedia":[{"embeddable":true,"href":"https:\/\/vocesparalelas.com.ar\/sitio\/wp-json\/wp\/v2\/media\/54097"}],"wp:attachment":[{"href":"https:\/\/vocesparalelas.com.ar\/sitio\/wp-json\/wp\/v2\/media?parent=81316"}],"wp:term":[{"taxonomy":"category","embeddable":true,"href":"https:\/\/vocesparalelas.com.ar\/sitio\/wp-json\/wp\/v2\/categories?post=81316"},{"taxonomy":"post_tag","embeddable":true,"href":"https:\/\/vocesparalelas.com.ar\/sitio\/wp-json\/wp\/v2\/tags?post=81316"}],"curies":[{"name":"wp","href":"https:\/\/api.w.org\/{rel}","templated":true}]}}