{"id":81310,"date":"2025-01-08T21:30:13","date_gmt":"2025-01-09T00:30:13","guid":{"rendered":"https:\/\/vocesparalelas.com.ar\/sitio\/?p=81310"},"modified":"2025-01-09T20:54:10","modified_gmt":"2025-01-09T23:54:10","slug":"se-fortalece-el-programa-aprender-trabajar-y-producir-en-san-juan","status":"publish","type":"post","link":"https:\/\/vocesparalelas.com.ar\/sitio\/se-fortalece-el-programa-aprender-trabajar-y-producir-en-san-juan\/","title":{"rendered":"Se fortalece el Programa \u00abAprender, Trabajar y Producir\u00bb en San Juan"},"content":{"rendered":"<p>El Gobierno de San Juan, a trav\u00e9s del programa Aprender, Trabajar, Producir, ha logrado capacitar a m\u00e1s de 3.000 personas, brind\u00e1ndoles herramientas para mejorar su inserci\u00f3n laboral. Este programa combina formaci\u00f3n te\u00f3rico-pr\u00e1ctica con la implementaci\u00f3n de pr\u00e1cticas profesionalizantes y financiamiento para proyectos de autoempleo, incluyendo microcr\u00e9ditos destinados a fomentar el desarrollo personal y econ\u00f3mico de los participantes.<\/p>\n<p>La propuesta se adapta a las demandas del sector productivo local, incentivando la diversificaci\u00f3n de la matriz productiva y promoviendo el desarrollo econ\u00f3mico de la provincia. En este sentido, el programa busca no solo generar empleo, sino tambi\u00e9n fortalecer la capacidad productiva y competitiva de San Juan.<\/p>\n<p>El trabajo articulado es una de las claves del \u00e9xito de esta iniciativa. Participan activamente el Gobierno, c\u00e1maras empresariales, gremios, empresas y cooperativas, generando sinergias que potencian los resultados del programa.<\/p>\n<p><strong><span style=\"color: #008000;\">\u00bfA qui\u00e9n se dirige?<\/span><\/strong><\/p>\n<p>Aprender, Trabajar, Producir est\u00e1 pensado para la poblaci\u00f3n econ\u00f3micamente activa de entre 18 y 65 a\u00f1os, que busca adquirir nuevas habilidades y mejorar sus oportunidades laborales.<\/p>\n<p>Este programa no solo es una herramienta para quienes desean insertarse en el mercado laboral, sino tambi\u00e9n para aquellos que buscan emprender o desarrollar proyectos productivos propios.<\/p>\n<p>Con \u00abAprender, Trabajar, Producir\u00bb, San Juan reafirma su compromiso con el fortalecimiento de la empleabilidad y el desarrollo de su gente, promoviendo un crecimiento inclusivo y sostenible en toda la provincia.<\/p>\n<p>&nbsp;<\/p>\n<p><img loading=\"lazy\" decoding=\"async\" class=\"alignnone size-full wp-image-65642\" src=\"https:\/\/vocesparalelas.com.ar\/sitio\/wp-content\/uploads\/2023\/11\/GOBIERNO-SAN-JUAN.jpg\" alt=\"\" width=\"800\" height=\"600\" srcset=\"https:\/\/vocesparalelas.com.ar\/sitio\/wp-content\/uploads\/2023\/11\/GOBIERNO-SAN-JUAN.jpg 800w, https:\/\/vocesparalelas.com.ar\/sitio\/wp-content\/uploads\/2023\/11\/GOBIERNO-SAN-JUAN-300x225.jpg 300w, https:\/\/vocesparalelas.com.ar\/sitio\/wp-content\/uploads\/2023\/11\/GOBIERNO-SAN-JUAN-768x576.jpg 768w\" sizes=\"auto, (max-width: 800px) 100vw, 800px\" \/><\/p>\n","protected":false},"excerpt":{"rendered":"<p>El Gobierno de San Juan, a trav\u00e9s del programa Aprender, Trabajar, Producir, ha logrado capacitar a m\u00e1s de 3.000 personas,<\/p>\n","protected":false},"author":3,"featured_media":81314,"comment_status":"closed","ping_status":"closed","sticky":false,"template":"","format":"standard","meta":{"_acf_changed":false,"_seopress_robots_primary_cat":"none","_seopress_titles_title":"","_seopress_titles_desc":"","_seopress_robots_index":"","colormag_page_container_layout":"default_layout","colormag_page_sidebar_layout":"default_layout","footnotes":""},"categories":[9],"tags":[],"class_list":["post-81310","post","type-post","status-publish","format-standard","has-post-thumbnail","hentry","category-cursos"],"acf":[],"_links":{"self":[{"href":"https:\/\/vocesparalelas.com.ar\/sitio\/wp-json\/wp\/v2\/posts\/81310","targetHints":{"allow":["GET"]}}],"collection":[{"href":"https:\/\/vocesparalelas.com.ar\/sitio\/wp-json\/wp\/v2\/posts"}],"about":[{"href":"https:\/\/vocesparalelas.com.ar\/sitio\/wp-json\/wp\/v2\/types\/post"}],"author":[{"embeddable":true,"href":"https:\/\/vocesparalelas.com.ar\/sitio\/wp-json\/wp\/v2\/users\/3"}],"replies":[{"embeddable":true,"href":"https:\/\/vocesparalelas.com.ar\/sitio\/wp-json\/wp\/v2\/comments?post=81310"}],"version-history":[{"count":1,"href":"https:\/\/vocesparalelas.com.ar\/sitio\/wp-json\/wp\/v2\/posts\/81310\/revisions"}],"predecessor-version":[{"id":81315,"href":"https:\/\/vocesparalelas.com.ar\/sitio\/wp-json\/wp\/v2\/posts\/81310\/revisions\/81315"}],"wp:featuredmedia":[{"embeddable":true,"href":"https:\/\/vocesparalelas.com.ar\/sitio\/wp-json\/wp\/v2\/media\/81314"}],"wp:attachment":[{"href":"https:\/\/vocesparalelas.com.ar\/sitio\/wp-json\/wp\/v2\/media?parent=81310"}],"wp:term":[{"taxonomy":"category","embeddable":true,"href":"https:\/\/vocesparalelas.com.ar\/sitio\/wp-json\/wp\/v2\/categories?post=81310"},{"taxonomy":"post_tag","embeddable":true,"href":"https:\/\/vocesparalelas.com.ar\/sitio\/wp-json\/wp\/v2\/tags?post=81310"}],"curies":[{"name":"wp","href":"https:\/\/api.w.org\/{rel}","templated":true}]}}