{"id":81302,"date":"2025-01-08T20:24:44","date_gmt":"2025-01-08T23:24:44","guid":{"rendered":"https:\/\/vocesparalelas.com.ar\/sitio\/?p=81302"},"modified":"2025-01-09T20:53:35","modified_gmt":"2025-01-09T23:53:35","slug":"actualizacion-del-informe-de-impacto-ambiental-de-casposo-y-se-le-otorga-el-dia-en-san-juan","status":"publish","type":"post","link":"https:\/\/vocesparalelas.com.ar\/sitio\/actualizacion-del-informe-de-impacto-ambiental-de-casposo-y-se-le-otorga-el-dia-en-san-juan\/","title":{"rendered":"Actualizaci\u00f3n del Informe de Impacto Ambiental de Casposo y se le otorga el DIA en San Juan"},"content":{"rendered":"<p>El Ministerio de Miner\u00eda del Gobierno de San Juan anunci\u00f3 la aprobaci\u00f3n conjunta de las 5\u00b0 y 6\u00b0 Actualizaciones del Informe de Impacto Ambiental para la etapa de explotaci\u00f3n de Mina Casposo, Departamento Calingasta, otorgando la correspondiente Declaraci\u00f3n de Impacto Ambiental (DIA).<\/p>\n<p>El proceso comenz\u00f3 en julio de 2023, con la entrega de la 5ta Actualizaci\u00f3n por parte de Casposo, y continu\u00f3 en noviembre del mismo a\u00f1o con la presentaci\u00f3n de la 6ta Actualizaci\u00f3n. Durante 2024, el primer a\u00f1o de esta administraci\u00f3n, se realiz\u00f3 una evaluaci\u00f3n conjunta de las actualizaciones, resultando en 86 requerimientos que incluyen el mantenimiento de infraestructuras existentes y la futura reactivaci\u00f3n de la planta de procesos.<\/p>\n<p>Con esta aprobaci\u00f3n, el proyecto reactiva su operaci\u00f3n en oro, destacando la celeridad y rigurosidad del proceso evaluativo durante el primer a\u00f1o de gesti\u00f3n. Este hito refuerza la posici\u00f3n de San Juan como l\u00edder en miner\u00eda responsable, generando empleo y oportunidades de desarrollo sustentable para la regi\u00f3n.<\/p>\n<p><img loading=\"lazy\" decoding=\"async\" class=\"alignnone size-full wp-image-81305\" src=\"https:\/\/vocesparalelas.com.ar\/sitio\/wp-content\/uploads\/2025\/01\/PLANTA-CASPOSO.jpg\" alt=\"\" width=\"800\" height=\"576\" srcset=\"https:\/\/vocesparalelas.com.ar\/sitio\/wp-content\/uploads\/2025\/01\/PLANTA-CASPOSO.jpg 800w, https:\/\/vocesparalelas.com.ar\/sitio\/wp-content\/uploads\/2025\/01\/PLANTA-CASPOSO-300x216.jpg 300w, https:\/\/vocesparalelas.com.ar\/sitio\/wp-content\/uploads\/2025\/01\/PLANTA-CASPOSO-768x553.jpg 768w\" sizes=\"auto, (max-width: 800px) 100vw, 800px\" \/><\/p>\n","protected":false},"excerpt":{"rendered":"<p>El Ministerio de Miner\u00eda del Gobierno de San Juan anunci\u00f3 la aprobaci\u00f3n conjunta de las 5\u00b0 y 6\u00b0 Actualizaciones del<\/p>\n","protected":false},"author":3,"featured_media":74883,"comment_status":"closed","ping_status":"closed","sticky":false,"template":"","format":"standard","meta":{"_acf_changed":false,"_seopress_robots_primary_cat":"none","_seopress_titles_title":"","_seopress_titles_desc":"","_seopress_robots_index":"","colormag_page_container_layout":"default_layout","colormag_page_sidebar_layout":"default_layout","footnotes":""},"categories":[8],"tags":[],"class_list":["post-81302","post","type-post","status-publish","format-standard","has-post-thumbnail","hentry","category-concursos"],"acf":[],"_links":{"self":[{"href":"https:\/\/vocesparalelas.com.ar\/sitio\/wp-json\/wp\/v2\/posts\/81302","targetHints":{"allow":["GET"]}}],"collection":[{"href":"https:\/\/vocesparalelas.com.ar\/sitio\/wp-json\/wp\/v2\/posts"}],"about":[{"href":"https:\/\/vocesparalelas.com.ar\/sitio\/wp-json\/wp\/v2\/types\/post"}],"author":[{"embeddable":true,"href":"https:\/\/vocesparalelas.com.ar\/sitio\/wp-json\/wp\/v2\/users\/3"}],"replies":[{"embeddable":true,"href":"https:\/\/vocesparalelas.com.ar\/sitio\/wp-json\/wp\/v2\/comments?post=81302"}],"version-history":[{"count":1,"href":"https:\/\/vocesparalelas.com.ar\/sitio\/wp-json\/wp\/v2\/posts\/81302\/revisions"}],"predecessor-version":[{"id":81306,"href":"https:\/\/vocesparalelas.com.ar\/sitio\/wp-json\/wp\/v2\/posts\/81302\/revisions\/81306"}],"wp:featuredmedia":[{"embeddable":true,"href":"https:\/\/vocesparalelas.com.ar\/sitio\/wp-json\/wp\/v2\/media\/74883"}],"wp:attachment":[{"href":"https:\/\/vocesparalelas.com.ar\/sitio\/wp-json\/wp\/v2\/media?parent=81302"}],"wp:term":[{"taxonomy":"category","embeddable":true,"href":"https:\/\/vocesparalelas.com.ar\/sitio\/wp-json\/wp\/v2\/categories?post=81302"},{"taxonomy":"post_tag","embeddable":true,"href":"https:\/\/vocesparalelas.com.ar\/sitio\/wp-json\/wp\/v2\/tags?post=81302"}],"curies":[{"name":"wp","href":"https:\/\/api.w.org\/{rel}","templated":true}]}}