{"id":81296,"date":"2025-01-08T19:54:39","date_gmt":"2025-01-08T22:54:39","guid":{"rendered":"https:\/\/vocesparalelas.com.ar\/sitio\/?p=81296"},"modified":"2025-01-09T20:53:08","modified_gmt":"2025-01-09T23:53:08","slug":"un-mono-titi-que-vivio-en-cautiverio-bajo-condiciones-inadecuadas-en-san-juan","status":"publish","type":"post","link":"https:\/\/vocesparalelas.com.ar\/sitio\/un-mono-titi-que-vivio-en-cautiverio-bajo-condiciones-inadecuadas-en-san-juan\/","title":{"rendered":"\u00bfUn Mono Tit\u00ed que vivi\u00f3 en cautiverio bajo condiciones inadecuadas en San Juan?"},"content":{"rendered":"<p>En la madrugada del Mi\u00e9rcoles, 8 de Enero, personal de la Secretar\u00eda de Ambiente y Desarrollo Sustentable del Gobierno de San Juan, logr\u00f3 capturar un mono tit\u00ed cola de pincel penacho negro &#8211; Callithrix penicillata &#8211; que fue avistado en la Plaza Trinidad, Departamento Capital.<\/p>\n<p>El operativo de rescate comenz\u00f3 tras la alerta de vecinos, quienes notificaron a las autoridades sobre la presencia del animal en el espacio verde.<\/p>\n<p>Para lograr su captura, los especialistas de la Polic\u00eda Ecol\u00f3gica, de la Direcci\u00f3n de Conservaci\u00f3n, el veterinario Aldo Olivares, Bomberos y Polic\u00eda de San Juan, colocaron trampas cebadas con comida en los \u00e1rboles de la plaza. Aunque el mono se aliment\u00f3 de la banana dispuesta como cebo, su bajo peso dificult\u00f3 el mecanismo de cierre autom\u00e1tico de la trampa.<\/p>\n<p>La hembra juvenil presenta signos de haber estado en cautiverio en condiciones inadecuadas. Entre las evidencias se encuentran la ausencia de falanges en una de sus extremidades, posiblemente debido al confinamiento en jaulas peque\u00f1as. Adem\u00e1s, fue encontrada en un estado de desnutrici\u00f3n y deshidrataci\u00f3n severa, con un peso muy por debajo del esperado para su edad y tama\u00f1o.<\/p>\n<p>El equipo de rescate inform\u00f3 que se trata de monos que se alimentan de frutas e insectos, y se le va a brindar la atenci\u00f3n necesaria para estabilizar su salud. Actualmente, el animal se encuentra bajo cuidado en una veterinaria El Arca para luego, trasladado al Centro para la Conservaci\u00f3n de Fauna Silvestre \u00abFaun\u00edstico\u00bb.<\/p>\n<p>Las autoridades realizan las investigaciones correspondientes para determinar su procedencia y garantizar su pronta rehabilitaci\u00f3n en un centro especializado. Adem\u00e1s, inician la tarea de establecer los contactos necesarios con centros ubicados en el pa\u00eds, que se encuentren trabajando con este tipo de monos para iniciar su rehabilitaci\u00f3n.<\/p>\n<p>Desde la Secretar\u00eda de Ambiente y Desarrollo Sustentable, recuerda a la poblaci\u00f3n que la tenencia de animales silvestres est\u00e1 penada por Ley Provincial 606 &#8211; L &#8211; 2014 y se insta a la comunidad a colaborar con las autoridades para proteger la biodiversidad.<\/p>\n<p><strong><span style=\"color: #ff0000;\">Documento Adjunto<\/span><\/strong><\/p>\n<p><a href=\"https:\/\/vocesparalelas.com.ar\/sitio\/wp-content\/uploads\/2025\/01\/LP-606-L-2014.pdf\">LP-606-L-2014<\/a><\/p>\n<p>En caso de tener informaci\u00f3n sobre una situaci\u00f3n similar, se puede denunciar de forma an\u00f3nima llamando al 4305057.<\/p>\n<p>Es de suma importancia denunciar el tr\u00e1fico ilegal de fauna silvestre y de preservar las especies en su h\u00e1bitat natural.<\/p>\n<p><img loading=\"lazy\" decoding=\"async\" class=\"alignnone size-large wp-image-81300\" src=\"https:\/\/vocesparalelas.com.ar\/sitio\/wp-content\/uploads\/2025\/01\/MONO-TITI-02-667x800.jpg\" alt=\"\" width=\"667\" height=\"800\" srcset=\"https:\/\/vocesparalelas.com.ar\/sitio\/wp-content\/uploads\/2025\/01\/MONO-TITI-02-667x800.jpg 667w, https:\/\/vocesparalelas.com.ar\/sitio\/wp-content\/uploads\/2025\/01\/MONO-TITI-02-250x300.jpg 250w, https:\/\/vocesparalelas.com.ar\/sitio\/wp-content\/uploads\/2025\/01\/MONO-TITI-02-768x922.jpg 768w, https:\/\/vocesparalelas.com.ar\/sitio\/wp-content\/uploads\/2025\/01\/MONO-TITI-02.jpg 800w\" sizes=\"auto, (max-width: 667px) 100vw, 667px\" \/><\/p>\n","protected":false},"excerpt":{"rendered":"<p>En la madrugada del Mi\u00e9rcoles, 8 de Enero, personal de la Secretar\u00eda de Ambiente y Desarrollo Sustentable del Gobierno de<\/p>\n","protected":false},"author":3,"featured_media":81299,"comment_status":"closed","ping_status":"closed","sticky":false,"template":"","format":"standard","meta":{"_acf_changed":false,"_seopress_robots_primary_cat":"none","_seopress_titles_title":"","_seopress_titles_desc":"","_seopress_robots_index":"","colormag_page_container_layout":"default_layout","colormag_page_sidebar_layout":"default_layout","footnotes":""},"categories":[10],"tags":[],"class_list":["post-81296","post","type-post","status-publish","format-standard","has-post-thumbnail","hentry","category-opiniones"],"acf":[],"_links":{"self":[{"href":"https:\/\/vocesparalelas.com.ar\/sitio\/wp-json\/wp\/v2\/posts\/81296","targetHints":{"allow":["GET"]}}],"collection":[{"href":"https:\/\/vocesparalelas.com.ar\/sitio\/wp-json\/wp\/v2\/posts"}],"about":[{"href":"https:\/\/vocesparalelas.com.ar\/sitio\/wp-json\/wp\/v2\/types\/post"}],"author":[{"embeddable":true,"href":"https:\/\/vocesparalelas.com.ar\/sitio\/wp-json\/wp\/v2\/users\/3"}],"replies":[{"embeddable":true,"href":"https:\/\/vocesparalelas.com.ar\/sitio\/wp-json\/wp\/v2\/comments?post=81296"}],"version-history":[{"count":3,"href":"https:\/\/vocesparalelas.com.ar\/sitio\/wp-json\/wp\/v2\/posts\/81296\/revisions"}],"predecessor-version":[{"id":81329,"href":"https:\/\/vocesparalelas.com.ar\/sitio\/wp-json\/wp\/v2\/posts\/81296\/revisions\/81329"}],"wp:featuredmedia":[{"embeddable":true,"href":"https:\/\/vocesparalelas.com.ar\/sitio\/wp-json\/wp\/v2\/media\/81299"}],"wp:attachment":[{"href":"https:\/\/vocesparalelas.com.ar\/sitio\/wp-json\/wp\/v2\/media?parent=81296"}],"wp:term":[{"taxonomy":"category","embeddable":true,"href":"https:\/\/vocesparalelas.com.ar\/sitio\/wp-json\/wp\/v2\/categories?post=81296"},{"taxonomy":"post_tag","embeddable":true,"href":"https:\/\/vocesparalelas.com.ar\/sitio\/wp-json\/wp\/v2\/tags?post=81296"}],"curies":[{"name":"wp","href":"https:\/\/api.w.org\/{rel}","templated":true}]}}