{"id":81292,"date":"2025-01-08T19:34:22","date_gmt":"2025-01-08T22:34:22","guid":{"rendered":"https:\/\/vocesparalelas.com.ar\/sitio\/?p=81292"},"modified":"2025-01-09T14:32:29","modified_gmt":"2025-01-09T17:32:29","slug":"disfruta-musica-en-tus-plazas-de-san-juan","status":"publish","type":"post","link":"https:\/\/vocesparalelas.com.ar\/sitio\/disfruta-musica-en-tus-plazas-de-san-juan\/","title":{"rendered":"Disfruta \u00abM\u00fasica en tus Plazas\u00bb de San Juan"},"content":{"rendered":"<p>Durante Enero de 2025, la Municipalidad de la Ciudad Capital invita a disfrutar de \u00abM\u00fasica en tus Plazas\u00bb, un ciclo de espect\u00e1culos en vivo en distintos puntos de la ciudad.<\/p>\n<p>Recuerda, los Viernes de Enero, a las 21 hs., llega como una propuesta ideal para acercarse a las plazas y espacios p\u00fablicos para compartir m\u00fasica, baile, arte y gastronom\u00eda al aire libre.<\/p>\n<p>Cada encuentro cuenta con variadas presentaciones musicales, shows de danza y paseo de artesanos. Los asistentes pueden llevar su mantita, reposera y hielera para disfrutar de una noche de espect\u00e1culos al aire libre. Adem\u00e1s, hay food trucks para quienes deseen degustar de la mejor gastronom\u00eda local.<\/p>\n<p><span style=\"color: #ff6600;\"><strong>Cronograma<\/strong><\/span><\/p>\n<ul>\n<li><span style=\"color: #ff6600;\"><strong>Viernes, 10 de Enero,<\/strong><\/span> Plaza Cornelio Saavedra, Barrio Municipal, Arenales y Soler. Artistas: Latitud, Juan Gerardo Lecich y Silvana Meneses.<\/li>\n<li><strong><span style=\"color: #ff6600;\">Viernes, 17 de Enero,<\/span> <\/strong>CIC Barrio Manantial, Agust\u00edn G\u00f3mez Oeste y Sarassa. Artistas: Oscar Gim\u00e9nez, Elisa Olmos y Juan Fem\u00eda.<\/li>\n<li><strong><span style=\"color: #ff6600;\">Viernes, 24 de Enero,<\/span> <\/strong>Plaza Evita, Juan Jufr\u00e9 entre Uruguay y M\u00e9xico. Artistas: Mara D\u00edaz y Taller de Folclore de la Ciudad de San Juan, dirigido por Jorge Becerra.<\/li>\n<li><span style=\"color: #ff6600;\"><strong>Viernes, 31 de Enero, <\/strong><\/span>Cruce de las Peatonales. Artistas: Entre Notas, Elisa Olmos y Juan Fem\u00eda.<\/li>\n<\/ul>\n<p>&nbsp;<\/p>\n","protected":false},"excerpt":{"rendered":"<p>Durante Enero de 2025, la Municipalidad de la Ciudad Capital invita a disfrutar de \u00abM\u00fasica en tus Plazas\u00bb, un ciclo<\/p>\n","protected":false},"author":3,"featured_media":1815,"comment_status":"closed","ping_status":"closed","sticky":false,"template":"","format":"standard","meta":{"_acf_changed":false,"_seopress_robots_primary_cat":"none","_seopress_titles_title":"","_seopress_titles_desc":"","_seopress_robots_index":"","colormag_page_container_layout":"default_layout","colormag_page_sidebar_layout":"default_layout","footnotes":""},"categories":[20],"tags":[],"class_list":["post-81292","post","type-post","status-publish","format-standard","has-post-thumbnail","hentry","category-cartelera"],"acf":[],"_links":{"self":[{"href":"https:\/\/vocesparalelas.com.ar\/sitio\/wp-json\/wp\/v2\/posts\/81292","targetHints":{"allow":["GET"]}}],"collection":[{"href":"https:\/\/vocesparalelas.com.ar\/sitio\/wp-json\/wp\/v2\/posts"}],"about":[{"href":"https:\/\/vocesparalelas.com.ar\/sitio\/wp-json\/wp\/v2\/types\/post"}],"author":[{"embeddable":true,"href":"https:\/\/vocesparalelas.com.ar\/sitio\/wp-json\/wp\/v2\/users\/3"}],"replies":[{"embeddable":true,"href":"https:\/\/vocesparalelas.com.ar\/sitio\/wp-json\/wp\/v2\/comments?post=81292"}],"version-history":[{"count":1,"href":"https:\/\/vocesparalelas.com.ar\/sitio\/wp-json\/wp\/v2\/posts\/81292\/revisions"}],"predecessor-version":[{"id":81295,"href":"https:\/\/vocesparalelas.com.ar\/sitio\/wp-json\/wp\/v2\/posts\/81292\/revisions\/81295"}],"wp:featuredmedia":[{"embeddable":true,"href":"https:\/\/vocesparalelas.com.ar\/sitio\/wp-json\/wp\/v2\/media\/1815"}],"wp:attachment":[{"href":"https:\/\/vocesparalelas.com.ar\/sitio\/wp-json\/wp\/v2\/media?parent=81292"}],"wp:term":[{"taxonomy":"category","embeddable":true,"href":"https:\/\/vocesparalelas.com.ar\/sitio\/wp-json\/wp\/v2\/categories?post=81292"},{"taxonomy":"post_tag","embeddable":true,"href":"https:\/\/vocesparalelas.com.ar\/sitio\/wp-json\/wp\/v2\/tags?post=81292"}],"curies":[{"name":"wp","href":"https:\/\/api.w.org\/{rel}","templated":true}]}}