{"id":81286,"date":"2025-01-08T13:50:22","date_gmt":"2025-01-08T16:50:22","guid":{"rendered":"https:\/\/vocesparalelas.com.ar\/sitio\/?p=81286"},"modified":"2025-01-09T14:33:06","modified_gmt":"2025-01-09T17:33:06","slug":"se-desarrollo-la-1-edicion-del-campus-negro-paez-en-san-juan","status":"publish","type":"post","link":"https:\/\/vocesparalelas.com.ar\/sitio\/se-desarrollo-la-1-edicion-del-campus-negro-paez-en-san-juan\/","title":{"rendered":"Se desarroll\u00f3 la 1\u00b0 edici\u00f3n del\u00a0Campus Negro Paez en San Juan"},"content":{"rendered":"<p>En un ambiente que combina deporte, aprendizaje y valores, se llev\u00f3 a cabo la primera edici\u00f3n del\u00a0Campus Negro Paez, un evento pionero en Argentina destinado a la formaci\u00f3n integral de j\u00f3venes jugadores de hockey sobre patines.<\/p>\n<p>En esta oportunidad, 80 chicos, divididos en dos bloques de 40 participantes, se sumaron a una experiencia que no solo se enfoca en mejorar el rendimiento deportivo, sino tambi\u00e9n en abordar aspectos esenciales del desarrollo personal.<\/p>\n<p>La charla principal estuvo a cargo del Subsecretario de Deporte Federado y Licenciado en Psicolog\u00eda Santiago de la Torre, quien se centr\u00f3 en la tem\u00e1tica de la frustraci\u00f3n en el deporte durante la infancia y adolescencia. Con un enfoque claro y pr\u00e1ctico, De la Torre busc\u00f3 concientizar a los participantes sobre la importancia de afrontar los desaf\u00edos que surgen en el camino deportivo. \u201cLa frustraci\u00f3n es una emoci\u00f3n normal, tanto en el deporte como en la vida diaria. La clave est\u00e1 en aprender a gestionarla, para que no detenga el proceso de formaci\u00f3n ni el disfrute del juego\u201d, expres\u00f3 el especialista.<\/p>\n<p>Durante la charla,\u00a0se compartieron herramientas y estrategias para que los chicos puedan sortear los momentos dif\u00edciles con resiliencia. Entre los consejos, se destac\u00f3 la importancia de fijar metas realistas, enfocarse en el progreso personal y mantener una comunicaci\u00f3n abierta con entrenadores y compa\u00f1eros. Adem\u00e1s, se subray\u00f3 la necesidad de disfrutar el camino, m\u00e1s all\u00e1 de los resultados inmediatos.<\/p>\n<p>El Campus combina actividades dentro y fuera de la pista, desde entrenamientos espec\u00edficos hasta recreaci\u00f3n en la pileta, intercambios con jugadores internacionales y din\u00e1micas grupales al aire libre. Con tres noches y cuatro d\u00edas de aprendizaje integral, este evento es un ejemplo de c\u00f3mo el deporte puede ser una herramienta para construir valores y preparar a las nuevas generaciones para enfrentar los desaf\u00edos del futuro.<\/p>\n<p>&nbsp;<\/p>\n<p><img loading=\"lazy\" decoding=\"async\" class=\"alignnone size-full wp-image-81290\" src=\"https:\/\/vocesparalelas.com.ar\/sitio\/wp-content\/uploads\/2025\/01\/HOCKEY-SOBRE-PATINES.jpg\" alt=\"\" width=\"800\" height=\"530\" srcset=\"https:\/\/vocesparalelas.com.ar\/sitio\/wp-content\/uploads\/2025\/01\/HOCKEY-SOBRE-PATINES.jpg 800w, https:\/\/vocesparalelas.com.ar\/sitio\/wp-content\/uploads\/2025\/01\/HOCKEY-SOBRE-PATINES-300x199.jpg 300w, https:\/\/vocesparalelas.com.ar\/sitio\/wp-content\/uploads\/2025\/01\/HOCKEY-SOBRE-PATINES-768x509.jpg 768w\" sizes=\"auto, (max-width: 800px) 100vw, 800px\" \/><\/p>\n<p>&nbsp;<\/p>\n","protected":false},"excerpt":{"rendered":"<p>En un ambiente que combina deporte, aprendizaje y valores, se llev\u00f3 a cabo la primera edici\u00f3n del\u00a0Campus Negro Paez, un<\/p>\n","protected":false},"author":3,"featured_media":81289,"comment_status":"closed","ping_status":"closed","sticky":false,"template":"","format":"standard","meta":{"_acf_changed":false,"_seopress_robots_primary_cat":"none","_seopress_titles_title":"","_seopress_titles_desc":"","_seopress_robots_index":"","colormag_page_container_layout":"default_layout","colormag_page_sidebar_layout":"default_layout","footnotes":""},"categories":[9],"tags":[],"class_list":["post-81286","post","type-post","status-publish","format-standard","has-post-thumbnail","hentry","category-cursos"],"acf":[],"_links":{"self":[{"href":"https:\/\/vocesparalelas.com.ar\/sitio\/wp-json\/wp\/v2\/posts\/81286","targetHints":{"allow":["GET"]}}],"collection":[{"href":"https:\/\/vocesparalelas.com.ar\/sitio\/wp-json\/wp\/v2\/posts"}],"about":[{"href":"https:\/\/vocesparalelas.com.ar\/sitio\/wp-json\/wp\/v2\/types\/post"}],"author":[{"embeddable":true,"href":"https:\/\/vocesparalelas.com.ar\/sitio\/wp-json\/wp\/v2\/users\/3"}],"replies":[{"embeddable":true,"href":"https:\/\/vocesparalelas.com.ar\/sitio\/wp-json\/wp\/v2\/comments?post=81286"}],"version-history":[{"count":1,"href":"https:\/\/vocesparalelas.com.ar\/sitio\/wp-json\/wp\/v2\/posts\/81286\/revisions"}],"predecessor-version":[{"id":81291,"href":"https:\/\/vocesparalelas.com.ar\/sitio\/wp-json\/wp\/v2\/posts\/81286\/revisions\/81291"}],"wp:featuredmedia":[{"embeddable":true,"href":"https:\/\/vocesparalelas.com.ar\/sitio\/wp-json\/wp\/v2\/media\/81289"}],"wp:attachment":[{"href":"https:\/\/vocesparalelas.com.ar\/sitio\/wp-json\/wp\/v2\/media?parent=81286"}],"wp:term":[{"taxonomy":"category","embeddable":true,"href":"https:\/\/vocesparalelas.com.ar\/sitio\/wp-json\/wp\/v2\/categories?post=81286"},{"taxonomy":"post_tag","embeddable":true,"href":"https:\/\/vocesparalelas.com.ar\/sitio\/wp-json\/wp\/v2\/tags?post=81286"}],"curies":[{"name":"wp","href":"https:\/\/api.w.org\/{rel}","templated":true}]}}