{"id":81257,"date":"2025-01-09T14:15:10","date_gmt":"2025-01-09T17:15:10","guid":{"rendered":"https:\/\/vocesparalelas.com.ar\/sitio\/?p=81257"},"modified":"2025-01-11T00:51:05","modified_gmt":"2025-01-11T03:51:05","slug":"37-fiesta-provincial-de-la-semilla-y-la-manzana-departamento-iglesia-san-juan","status":"publish","type":"post","link":"https:\/\/vocesparalelas.com.ar\/sitio\/37-fiesta-provincial-de-la-semilla-y-la-manzana-departamento-iglesia-san-juan\/","title":{"rendered":"37\u00b0 Fiesta Provincial de la Semilla y la Manzana, Departamento Iglesia, San Juan"},"content":{"rendered":"<div style=\"text-align: left;\">El predio Los Manantiales de Rodeo ser\u00e1 sede de una nueva edici\u00f3n de la Fiesta Provincial de la Semilla y la Manzana. Desde las\u00a019 hs, en este lugar lleno de historia y encanto, sanjuaninos y visitantes tendr\u00e1n la oportunidad de reunirse para compartir, disfrutar y fortalecer lazos culturales.<\/div>\n<div><\/div>\n<div><\/div>\n<div><img loading=\"lazy\" decoding=\"async\" class=\"alignnone size-full wp-image-81262\" src=\"https:\/\/vocesparalelas.com.ar\/sitio\/wp-content\/uploads\/2025\/01\/IGLESIA-SEMILLA-MANZANA-03.jpg\" alt=\"\" width=\"800\" height=\"533\" srcset=\"https:\/\/vocesparalelas.com.ar\/sitio\/wp-content\/uploads\/2025\/01\/IGLESIA-SEMILLA-MANZANA-03.jpg 800w, https:\/\/vocesparalelas.com.ar\/sitio\/wp-content\/uploads\/2025\/01\/IGLESIA-SEMILLA-MANZANA-03-300x200.jpg 300w, https:\/\/vocesparalelas.com.ar\/sitio\/wp-content\/uploads\/2025\/01\/IGLESIA-SEMILLA-MANZANA-03-768x512.jpg 768w\" sizes=\"auto, (max-width: 800px) 100vw, 800px\" \/><\/div>\n<div class=\"itemFullText\">\n<p>Con\u00a0entrada libre y gratuita\u00a0y bajo\u00a0el lema \u00abAmor por lo Nuestro\u00bb,\u00a0el evento se realizar\u00e1 el 10 y 11 de enero con la presencia de artistas departamentales y provinciales.<\/p>\n<p>La presentaci\u00f3n de la Fiesta fue en la Peatonal donde se junt\u00f3 gran cantidad de p\u00fablicos para disfrutar del mismo.<\/p>\n<p><img loading=\"lazy\" decoding=\"async\" class=\"alignnone size-full wp-image-81260\" src=\"https:\/\/vocesparalelas.com.ar\/sitio\/wp-content\/uploads\/2025\/01\/IGLESIA-SEMILLA-MANZANA-01.jpg\" alt=\"\" width=\"800\" height=\"533\" srcset=\"https:\/\/vocesparalelas.com.ar\/sitio\/wp-content\/uploads\/2025\/01\/IGLESIA-SEMILLA-MANZANA-01.jpg 800w, https:\/\/vocesparalelas.com.ar\/sitio\/wp-content\/uploads\/2025\/01\/IGLESIA-SEMILLA-MANZANA-01-300x200.jpg 300w, https:\/\/vocesparalelas.com.ar\/sitio\/wp-content\/uploads\/2025\/01\/IGLESIA-SEMILLA-MANZANA-01-768x512.jpg 768w\" sizes=\"auto, (max-width: 800px) 100vw, 800px\" \/><\/p>\n<p>El Secretario de Cultura Carlos Casta\u00f1eda fue el que invit\u00f3 a los presentes y a los amantes de disfrutar la cultura del Departamento Iglesia.<\/p>\n<p><iframe loading=\"lazy\" title=\"SAN JUAN IGLESIA FIESTA SEMILLA Y MANZANA CARLOS CASTA\u00d1ERA\" width=\"800\" height=\"450\" src=\"https:\/\/www.youtube.com\/embed\/D_o2OcuDmS0?feature=oembed\" frameborder=\"0\" allow=\"accelerometer; autoplay; clipboard-write; encrypted-media; gyroscope; picture-in-picture; web-share\" referrerpolicy=\"strict-origin-when-cross-origin\" allowfullscreen><\/iframe><\/p>\n<p>Posteriormente, el intendente de la Municipalidad de Iglesia, Dr Jorge Espejo describi\u00f3 la propuesta cultural y tur\u00edstica.<\/p>\n<p><iframe loading=\"lazy\" title=\"SAN JUAN IGLESIA FIESTA SEMILLA Y MANZANA INTENDENTE DR. JORGE ESPEJO\" width=\"800\" height=\"450\" src=\"https:\/\/www.youtube.com\/embed\/98m7rCaFup8?feature=oembed\" frameborder=\"0\" allow=\"accelerometer; autoplay; clipboard-write; encrypted-media; gyroscope; picture-in-picture; web-share\" referrerpolicy=\"strict-origin-when-cross-origin\" allowfullscreen><\/iframe><\/p>\n<p>En cuanto a la grilla, el viernes est\u00e1n Los Nocheros y Omega, mientras que el s\u00e1bado Canto 4 y Dale Q\u2019 Va.<\/p>\n<\/div>\n<p><span style=\"color: #ff0000;\"><strong>Los Nocheros<\/strong><\/span><\/p>\n<p><iframe loading=\"lazy\" title=\"Los Nocheros - Entre La Tierra Y Cielo\" width=\"800\" height=\"600\" src=\"https:\/\/www.youtube.com\/embed\/l5bbNRorinQ?feature=oembed\" frameborder=\"0\" allow=\"accelerometer; autoplay; clipboard-write; encrypted-media; gyroscope; picture-in-picture; web-share\" referrerpolicy=\"strict-origin-when-cross-origin\" allowfullscreen><\/iframe><\/p>\n<p><strong><span style=\"color: #ff0000;\">Omega<\/span><\/strong><\/p>\n<p><iframe loading=\"lazy\" title=\"OMEGA - No me restes (en vivo)\" width=\"800\" height=\"450\" src=\"https:\/\/www.youtube.com\/embed\/2pcdW_gWd8I?feature=oembed\" frameborder=\"0\" allow=\"accelerometer; autoplay; clipboard-write; encrypted-media; gyroscope; picture-in-picture; web-share\" referrerpolicy=\"strict-origin-when-cross-origin\" allowfullscreen><\/iframe><\/p>\n<p><strong><span style=\"color: #ff0000;\">Canto 4<\/span><\/strong><\/p>\n<p><iframe loading=\"lazy\" title=\"Canto 4 - Sombra Herida (\u00cdNTIMO)\" width=\"800\" height=\"450\" src=\"https:\/\/www.youtube.com\/embed\/DX63z05kOpA?feature=oembed\" frameborder=\"0\" allow=\"accelerometer; autoplay; clipboard-write; encrypted-media; gyroscope; picture-in-picture; web-share\" referrerpolicy=\"strict-origin-when-cross-origin\" allowfullscreen><\/iframe><\/p>\n<div class=\"itemFullText\">\n<p><strong><span style=\"color: #ff0000;\">Dale Q\u2019 Va<\/span><\/strong><\/p>\n<p><iframe loading=\"lazy\" title=\"Dale Q&#039; Va - Prohibido (Video Oficial)\" width=\"800\" height=\"450\" src=\"https:\/\/www.youtube.com\/embed\/hbE6T3F8erk?feature=oembed\" frameborder=\"0\" allow=\"accelerometer; autoplay; clipboard-write; encrypted-media; gyroscope; picture-in-picture; web-share\" referrerpolicy=\"strict-origin-when-cross-origin\" allowfullscreen><\/iframe><\/p>\n<p><span style=\"color: #ff0000;\"><strong>Programa con Artistas Locales<\/strong><\/span><\/p>\n<ul>\n<li><strong><span style=\"color: #ff0000;\">Viernes, 10 de Enero,\u00a0<\/span><\/strong>Yanam, Alma Angualastina, Reviviendo Tradiciones Agrupaci\u00f3n Vientos del Valle Chile Sentimiento de Danza.\u00a0Armando Bo, El Rejunte Sure\u00f1o, Carlos Carrizo, Vientos del Valle,\u00a0Duo Herencia, Nuevo Tiempo<\/li>\n<li><strong><span style=\"color: #ff0000;\">S\u00e1bado, 11 de Enero,\u00a0<\/span><\/strong>Academia Farah, Raices de Cuyo, Valles y Cumbres Tudcum, Tierra de Tradici\u00f3n, Sobrevivientes del Bisturi,\u00a0Duo Mixtura, Chango Huaque\u00f1o,\u00a0Tres Para el Canto, Hermanos Espejo,\u00a0El Siete Cincuenta, Banda Real<\/li>\n<\/ul>\n<p>Cabe destacar que la fiesta tiene sus ra\u00edces en la iniciativa de vecinos que, con esfuerzo y colaboraci\u00f3n, lograron crear un evento emblem\u00e1tico. As\u00ed, en sus inicios, se rindi\u00f3 homenaje a Remberto Narv\u00e1ez, un reconocido poeta local, cuya memoria perdura a trav\u00e9s de sus versos. Su legado se refleja en el escenario con forma de guitarra que lleva su nombre, simbolizando la conexi\u00f3n entre la poes\u00eda y la m\u00fasica de nuestra tierra.<\/p>\n<\/div>\n<p><iframe loading=\"lazy\" title=\"SAN JUAN IGLESIA FIESTA SEMILLA Y MANZANA DR JORGE ESPEJO\" width=\"800\" height=\"450\" src=\"https:\/\/www.youtube.com\/embed\/IYmoWLcV8Mk?feature=oembed\" frameborder=\"0\" allow=\"accelerometer; autoplay; clipboard-write; encrypted-media; gyroscope; picture-in-picture; web-share\" referrerpolicy=\"strict-origin-when-cross-origin\" allowfullscreen><\/iframe><\/p>\n<div class=\"itemFullText\">\n<p>Este evento es una oportunidad para poner en valor la cultura iglesiana, reconociendo sus variantes a lo largo del tiempo. La identidad gaucha, las costumbres ancestrales y las tradiciones vivas se celebran con danzas, m\u00fasica y poes\u00eda, creando un ambiente donde todos pueden sentir orgullo por sus ra\u00edces.<\/p>\n<p><iframe loading=\"lazy\" title=\"SAN JUAN IGLESIA FIESTA SEMILLA Y MANZANA\" width=\"800\" height=\"450\" src=\"https:\/\/www.youtube.com\/embed\/YyY4JWEmqxc?feature=oembed\" frameborder=\"0\" allow=\"accelerometer; autoplay; clipboard-write; encrypted-media; gyroscope; picture-in-picture; web-share\" referrerpolicy=\"strict-origin-when-cross-origin\" allowfullscreen><\/iframe><\/p>\n<p>Por otro lado, los turistas que visiten\u00a0Iglesia\u00a0tambi\u00e9n podr\u00e1n recorrer otros puntos tur\u00edsticos para diferentes actividades como el\u00a0Dique Cuesta del Viento,\u00a0donde se puede realizar\u00a0windsurf\u00a0y\u00a0kitesurf. Otra opci\u00f3n es la\u00a0Capilla de Achango,\u00a0construida por los jesuitas en el siglo XVIII. Este lugar es uno de los tantos monumentos hist\u00f3ricos nacionales de la provincia y, en su interior, a\u00fan conserva una antigua imagen de la Virgen Mar\u00eda con cabello natural, que fue tra\u00edda desde\u00a0Cuzco, v\u00eda\u00a0Chile.<\/p>\n<p><iframe loading=\"lazy\" title=\"SAN JUAN IGLESIA FIESTA SEMILLA Y MANZANA\" width=\"800\" height=\"450\" src=\"https:\/\/www.youtube.com\/embed\/D7FMzjifOHU?feature=oembed\" frameborder=\"0\" allow=\"accelerometer; autoplay; clipboard-write; encrypted-media; gyroscope; picture-in-picture; web-share\" referrerpolicy=\"strict-origin-when-cross-origin\" allowfullscreen><\/iframe><\/p>\n<p>Tambi\u00e9n se puede visitar la zona de\u00a0Agua Negra\u00a0que se caracteriza por su belleza, con un paisaje cordillerano y formaciones de hielo poco habituales en el mundo que une San Juan con Chile.<\/p>\n<p><strong><span style=\"color: #ff6600;\">Trasmisi\u00f3n<\/span><\/strong><\/p>\n<ul>\n<li>Canal 8,<\/li>\n<li>Canal 13<\/li>\n<li>Transmisi\u00f3n oficial por Youtube Viernes, 10 de Enero <a href=\"https:\/\/www.youtube.com\/live\/SMRGnodruxA\">https:\/\/www.youtube.com\/live\/SMRGnodruxA <\/a>S\u00e1bado, 11 de Enero <a href=\"https:\/\/www.youtube.com\/live\/_D_nlBHx5wU\">https:\/\/www.youtube.com\/live\/_D_nlBHx5wU<\/a><\/li>\n<\/ul>\n<p>Para conocer m\u00e1s detalles de la propuesta de verano en todos los departamentos de San Juan, los interesados pueden ingresar a\u00a0<a href=\"https:\/\/www.sanjuan.tur.ar\/\">www.sanjuan.tur.ar<\/a> o v\u00eda WhatsApp al +54 9 2645 63-9978<\/p>\n<p><iframe loading=\"lazy\" title=\"DAN JUAN IGLESIA FIESTA SEMILLA Y MANZANA\" width=\"800\" height=\"450\" src=\"https:\/\/www.youtube.com\/embed\/m8XFVevWhg8?feature=oembed\" frameborder=\"0\" allow=\"accelerometer; autoplay; clipboard-write; encrypted-media; gyroscope; picture-in-picture; web-share\" referrerpolicy=\"strict-origin-when-cross-origin\" allowfullscreen><\/iframe><\/p>\n<p><strong><span style=\"color: #ff0000;\">Organiza<\/span><\/strong><\/p>\n<ul>\n<li>Municipalidad de Iglesia<\/li>\n<li>Calidad Tur\u00edstica Argentina<\/li>\n<\/ul>\n<p><img loading=\"lazy\" decoding=\"async\" class=\"alignnone size-full wp-image-81262\" src=\"https:\/\/vocesparalelas.com.ar\/sitio\/wp-content\/uploads\/2025\/01\/IGLESIA-SEMILLA-MANZANA-03.jpg\" alt=\"\" width=\"800\" height=\"533\" srcset=\"https:\/\/vocesparalelas.com.ar\/sitio\/wp-content\/uploads\/2025\/01\/IGLESIA-SEMILLA-MANZANA-03.jpg 800w, https:\/\/vocesparalelas.com.ar\/sitio\/wp-content\/uploads\/2025\/01\/IGLESIA-SEMILLA-MANZANA-03-300x200.jpg 300w, https:\/\/vocesparalelas.com.ar\/sitio\/wp-content\/uploads\/2025\/01\/IGLESIA-SEMILLA-MANZANA-03-768x512.jpg 768w\" sizes=\"auto, (max-width: 800px) 100vw, 800px\" \/><\/p>\n<\/div>\n","protected":false},"excerpt":{"rendered":"<p>El predio Los Manantiales de Rodeo ser\u00e1 sede de una nueva edici\u00f3n de la Fiesta Provincial de la Semilla y<\/p>\n","protected":false},"author":3,"featured_media":81261,"comment_status":"closed","ping_status":"closed","sticky":false,"template":"","format":"standard","meta":{"_acf_changed":false,"_seopress_robots_primary_cat":"none","_seopress_titles_title":"","_seopress_titles_desc":"","_seopress_robots_index":"","colormag_page_container_layout":"default_layout","colormag_page_sidebar_layout":"default_layout","footnotes":""},"categories":[20,7],"tags":[],"class_list":["post-81257","post","type-post","status-publish","format-standard","has-post-thumbnail","hentry","category-cartelera","category-videos"],"acf":[],"_links":{"self":[{"href":"https:\/\/vocesparalelas.com.ar\/sitio\/wp-json\/wp\/v2\/posts\/81257","targetHints":{"allow":["GET"]}}],"collection":[{"href":"https:\/\/vocesparalelas.com.ar\/sitio\/wp-json\/wp\/v2\/posts"}],"about":[{"href":"https:\/\/vocesparalelas.com.ar\/sitio\/wp-json\/wp\/v2\/types\/post"}],"author":[{"embeddable":true,"href":"https:\/\/vocesparalelas.com.ar\/sitio\/wp-json\/wp\/v2\/users\/3"}],"replies":[{"embeddable":true,"href":"https:\/\/vocesparalelas.com.ar\/sitio\/wp-json\/wp\/v2\/comments?post=81257"}],"version-history":[{"count":10,"href":"https:\/\/vocesparalelas.com.ar\/sitio\/wp-json\/wp\/v2\/posts\/81257\/revisions"}],"predecessor-version":[{"id":81382,"href":"https:\/\/vocesparalelas.com.ar\/sitio\/wp-json\/wp\/v2\/posts\/81257\/revisions\/81382"}],"wp:featuredmedia":[{"embeddable":true,"href":"https:\/\/vocesparalelas.com.ar\/sitio\/wp-json\/wp\/v2\/media\/81261"}],"wp:attachment":[{"href":"https:\/\/vocesparalelas.com.ar\/sitio\/wp-json\/wp\/v2\/media?parent=81257"}],"wp:term":[{"taxonomy":"category","embeddable":true,"href":"https:\/\/vocesparalelas.com.ar\/sitio\/wp-json\/wp\/v2\/categories?post=81257"},{"taxonomy":"post_tag","embeddable":true,"href":"https:\/\/vocesparalelas.com.ar\/sitio\/wp-json\/wp\/v2\/tags?post=81257"}],"curies":[{"name":"wp","href":"https:\/\/api.w.org\/{rel}","templated":true}]}}