{"id":81223,"date":"2025-01-07T19:24:53","date_gmt":"2025-01-07T22:24:53","guid":{"rendered":"https:\/\/vocesparalelas.com.ar\/sitio\/?p=81223"},"modified":"2025-01-07T21:02:45","modified_gmt":"2025-01-08T00:02:45","slug":"el-mundialito-de-trinidad-2025-la-ilusion-de-jugar-y-ganar-en-san-juan","status":"publish","type":"post","link":"https:\/\/vocesparalelas.com.ar\/sitio\/el-mundialito-de-trinidad-2025-la-ilusion-de-jugar-y-ganar-en-san-juan\/","title":{"rendered":"El Mundialito de Trinidad 2025 la ilusi\u00f3n de jugar y ganar en San Juan"},"content":{"rendered":"<div class=\"itemImageBlock\">Con una jornada cargada de emoci\u00f3n y camarader\u00eda, contin\u00faa desarroll\u00e1ndose el cl\u00e1sico Mundialito de Trinidad 2025, un evento que ya es parte fundamental del calendario deportivo de San Juan.<\/div>\n<div><\/div>\n<div class=\"itemImageBlock\">En su 31\u00b0 edici\u00f3n, este torneo re\u00fane a 3.500 peque\u00f1os jugadores que representan a diversos clubes de la provincia, adem\u00e1s de la destacada participaci\u00f3n de dos equipos invitados de fuera de San Juan: uno proveniente de La Rioja y otro de C\u00f3rdoba.<\/div>\n<div><\/div>\n<div class=\"itemImageBlock\">El Mundialito, conocido por ser una verdadera fiesta del f\u00fatbol infantil, se disputa en cuatro sedes activas: la cancha principal del Barrio Atl\u00e9tico, el Polideportivo Literas, las instalaciones del Sindicato Empleados de Comercio (S.E.C.), y el Camping de Camioneros (STOTAC).<\/div>\n<div><\/div>\n<div class=\"itemImageBlock\">Estos espacios se llenan de vida y alegr\u00eda con cada partido, donde los ni\u00f1os muestran su pasi\u00f3n por el deporte y sus habilidades en el campo de juego.<\/div>\n<div><\/div>\n<div class=\"itemImageBlock\"><strong>Cronograma de partidos 07 de enero 2025<\/strong><\/div>\n<div class=\"itemFullText\">\n<p><strong>Categor\u00eda 2012<\/strong><\/p>\n<p>Cancha Barrio Atl\u00e9tico \u2013 11:40hs<\/p>\n<p>Estudiantes Sanjuaninos vs Arroyito Jrs<\/p>\n<p>Polideportivo Literas \u2013 18:45hs<\/p>\n<p>Ciudad de San Juan vs Sportivo<\/p>\n<p>Polideportivo Literas \u2013 19:30hs<\/p>\n<p>Chacritas vs Sporting<\/p>\n<p>Polideportivo Literas \u2013 20:15hs<\/p>\n<p>Deportivo TAU vs 9 de Julio<\/p>\n<p>Polideportivo Literas \u2013 21hs<\/p>\n<p>SEC vs Cabral<\/p>\n<p>SEC \u2013 21hs<\/p>\n<p>So\u00f1adores vs UTA<\/p>\n<p>Polideportivo Literas \u2013 22:15hs<\/p>\n<p>Aramburu vs Trinidad A<\/p>\n<p>SEC \u2013 22:45hs<\/p>\n<p>Desamparados vs Aberastain<\/p>\n<p><strong>Categor\u00eda 2013<\/strong><\/p>\n<p>Camioneros \u2013 19hs<\/p>\n<p>Sporting vs Arroyito Jrs<\/p>\n<p>SEC \u2013 19:30hs<\/p>\n<p>Deportivo TAU vs Estudiante Sanjuanino<\/p>\n<p>Camioneros \u2013 19:45hs<\/p>\n<p>Pe\u00f1arol vs Libertad Juvenil<\/p>\n<p>SEC \u2013 20:15hs<\/p>\n<p>Alianza vs Ciudad de San Juan<\/p>\n<p>Camioneros \u2013 20:30hs<\/p>\n<p>Uni\u00f3n vs San Mart\u00edn<\/p>\n<p>Camioneros \u2013 21:15hs<\/p>\n<p>Trinidad vs 9 de Julio<\/p>\n<p>SEC \u2013 21:15hs<\/p>\n<p>Cabral vs ADA<\/p>\n<p>Camioneros \u2013 22hs<\/p>\n<p>Rieles de La Rioja vs Los Tigres<\/p>\n<p>SEC \u2013 23:30hs<\/p>\n<p>Sportivo vas So\u00f1adores<\/p>\n<p><strong>Categor\u00eda 2014<\/strong><\/p>\n<p>SEC \u2013 18:45hs<\/p>\n<p>Pe\u00f1arol vs San Mart\u00edn<\/p>\n<p>SEC \u2013 18:45hs<\/p>\n<p>Trinidad vs Chacritas<\/p>\n<p>SEC \u2013 19:30hs<\/p>\n<p>Desamparados vs ADA<\/p>\n<p>SEC \u2013 20:15hs<\/p>\n<p>9 de Julio vs Uni\u00f3n<\/p>\n<p>SEC \u2013 21hs<\/p>\n<p>Alianza vs San Mart\u00edn<\/p>\n<p>SEC \u2013 21:45hs<\/p>\n<p>Estudiante Sanjuanino vs Trinidad A<\/p>\n<p>SEC \u2013 22:30hs<\/p>\n<p>Cabral vs Rawson Jrs<\/p>\n<p><strong>Categor\u00eda 2015<\/strong><\/p>\n<p>Barrio Atl\u00e9tico \u2013 18hs<\/p>\n<p>Uni\u00f3n vs Camioneros<\/p>\n<p>Barrio Atl\u00e9tico \u2013 18:45hs<\/p>\n<p>Arroyito Jrs vs San Mart\u00edn<\/p>\n<p>Barrio Atl\u00e9tico \u2013 19:30hs<\/p>\n<p>Aramburu vs Alianza<\/p>\n<p>Barrio Atl\u00e9tico \u2013 19:30hs<\/p>\n<p>Uni\u00f3n vs Niupi FC<\/p>\n<p>Barrio Atl\u00e9tico \u2013 19:30hs<\/p>\n<p>San Miguel vs UTA<\/p>\n<p>Barrio Atl\u00e9tico \u2013 20:15hs<\/p>\n<p>Estudiante Sanjuanino vs La Calera<\/p>\n<p>Barrio Atl\u00e9tico \u2013 20:15hs<\/p>\n<p>Alianza vs Trinidad<\/p>\n<p>Barrio Atl\u00e9tico \u2013 20:45hs<\/p>\n<p>San Mart\u00edn vs Punteto<\/p>\n<p>Barrio Atl\u00e9tico \u2013 20:45hs<\/p>\n<p>So\u00f1adores vs 9 de Julio<\/p>\n<p>Barrio Atl\u00e9tico \u2013 21:30hs<\/p>\n<p>Trinidad vs Atenas<\/p>\n<p>Barrio Atl\u00e9tico \u2013 21:30hs<\/p>\n<p>Trinidad A vs Sportivo<\/p>\n<p>Barrio Atl\u00e9tico \u2013 22:15hs<\/p>\n<p>ADA vs Cabral<\/p>\n<p><strong>Categor\u00eda 2016<\/strong><\/p>\n<p>Barrio Atl\u00e9tico \u2013 22:15hs<\/p>\n<p>Trinidad vs Alianza<\/p>\n<p>Barrio Atl\u00e9tico \u2013 23hs<\/p>\n<p>Villa Elisa vs Siux<\/p>\n<p>Barrio Atl\u00e9tico \u2013 23hs<\/p>\n<p>Niupi FC vs Trinidad<\/p>\n<p>Barrio Atl\u00e9tico \u2013 23:45hs<\/p>\n<p>So\u00f1adores vs Pe\u00f1arol<\/p>\n<p>Barrio Atl\u00e9tico \u2013 23:45hs<\/p>\n<p>Trinidad A vs Desamparados<\/p>\n<p>Barrio Atl\u00e9tico \u2013 23:59hs<\/p>\n<p>Sportivo vs Rawson Jrs<\/p>\n<p><img loading=\"lazy\" decoding=\"async\" class=\"alignnone size-full wp-image-81201\" src=\"https:\/\/vocesparalelas.com.ar\/sitio\/wp-content\/uploads\/2025\/01\/MUNDIALISTA-2025.jpg\" alt=\"\" width=\"800\" height=\"450\" srcset=\"https:\/\/vocesparalelas.com.ar\/sitio\/wp-content\/uploads\/2025\/01\/MUNDIALISTA-2025.jpg 800w, https:\/\/vocesparalelas.com.ar\/sitio\/wp-content\/uploads\/2025\/01\/MUNDIALISTA-2025-300x169.jpg 300w, https:\/\/vocesparalelas.com.ar\/sitio\/wp-content\/uploads\/2025\/01\/MUNDIALISTA-2025-768x432.jpg 768w\" sizes=\"auto, (max-width: 800px) 100vw, 800px\" \/><\/p>\n<\/div>\n<p>&nbsp;<\/p>\n","protected":false},"excerpt":{"rendered":"<p>Con una jornada cargada de emoci\u00f3n y camarader\u00eda, contin\u00faa desarroll\u00e1ndose el cl\u00e1sico Mundialito de Trinidad 2025, un evento que ya<\/p>\n","protected":false},"author":3,"featured_media":81226,"comment_status":"closed","ping_status":"closed","sticky":false,"template":"","format":"standard","meta":{"_acf_changed":false,"_seopress_robots_primary_cat":"none","_seopress_titles_title":"","_seopress_titles_desc":"","_seopress_robots_index":"","colormag_page_container_layout":"default_layout","colormag_page_sidebar_layout":"default_layout","footnotes":""},"categories":[1],"tags":[],"class_list":["post-81223","post","type-post","status-publish","format-standard","has-post-thumbnail","hentry","category-destacadas"],"acf":[],"_links":{"self":[{"href":"https:\/\/vocesparalelas.com.ar\/sitio\/wp-json\/wp\/v2\/posts\/81223","targetHints":{"allow":["GET"]}}],"collection":[{"href":"https:\/\/vocesparalelas.com.ar\/sitio\/wp-json\/wp\/v2\/posts"}],"about":[{"href":"https:\/\/vocesparalelas.com.ar\/sitio\/wp-json\/wp\/v2\/types\/post"}],"author":[{"embeddable":true,"href":"https:\/\/vocesparalelas.com.ar\/sitio\/wp-json\/wp\/v2\/users\/3"}],"replies":[{"embeddable":true,"href":"https:\/\/vocesparalelas.com.ar\/sitio\/wp-json\/wp\/v2\/comments?post=81223"}],"version-history":[{"count":3,"href":"https:\/\/vocesparalelas.com.ar\/sitio\/wp-json\/wp\/v2\/posts\/81223\/revisions"}],"predecessor-version":[{"id":81232,"href":"https:\/\/vocesparalelas.com.ar\/sitio\/wp-json\/wp\/v2\/posts\/81223\/revisions\/81232"}],"wp:featuredmedia":[{"embeddable":true,"href":"https:\/\/vocesparalelas.com.ar\/sitio\/wp-json\/wp\/v2\/media\/81226"}],"wp:attachment":[{"href":"https:\/\/vocesparalelas.com.ar\/sitio\/wp-json\/wp\/v2\/media?parent=81223"}],"wp:term":[{"taxonomy":"category","embeddable":true,"href":"https:\/\/vocesparalelas.com.ar\/sitio\/wp-json\/wp\/v2\/categories?post=81223"},{"taxonomy":"post_tag","embeddable":true,"href":"https:\/\/vocesparalelas.com.ar\/sitio\/wp-json\/wp\/v2\/tags?post=81223"}],"curies":[{"name":"wp","href":"https:\/\/api.w.org\/{rel}","templated":true}]}}