{"id":81213,"date":"2025-01-07T18:22:56","date_gmt":"2025-01-07T21:22:56","guid":{"rendered":"https:\/\/vocesparalelas.com.ar\/sitio\/?p=81213"},"modified":"2025-01-08T20:32:42","modified_gmt":"2025-01-08T23:32:42","slug":"gracias-goris-por-la-decada-de-servicio-a-san-juan","status":"publish","type":"post","link":"https:\/\/vocesparalelas.com.ar\/sitio\/gracias-goris-por-la-decada-de-servicio-a-san-juan\/","title":{"rendered":"Gracias Goris por la d\u00e9cada de servicio a San Juan"},"content":{"rendered":"<p>El can Goris, ovejero alem\u00e1n y fiel compa\u00f1ero de la Divisi\u00f3n Canes del Servicio Penitenciario Provincial, se retira luego de 10 a\u00f1os de dedicaci\u00f3n y lealtad.<\/p>\n<p>En esta emotiva jornada, deja su pechera para comenzar una nueva vida junto a su familia.<\/p>\n<p>Goris no es un can cualquiera. A lo largo de su carrera, desempe\u00f1\u00f3 con orgullo su papel como perro de desfile, acompa\u00f1ando a su gu\u00eda, Johana Ju\u00e1rez, en cada marcha, exhibici\u00f3n y acto protocolar. Durante 10 a\u00f1os, fue m\u00e1s que un integrante de la Divisi\u00f3n Canes del SPP: fue un s\u00edmbolo de entrega y disciplina, siempre fiel y dispuesto a representar con honor a la instituci\u00f3n, su familia penitenciaria.<\/p>\n<p><img loading=\"lazy\" decoding=\"async\" class=\"alignnone size-full wp-image-81228\" src=\"https:\/\/vocesparalelas.com.ar\/sitio\/wp-content\/uploads\/2025\/01\/POLICIA-CANES-GORIS-04.jpg\" alt=\"\" width=\"800\" height=\"538\" srcset=\"https:\/\/vocesparalelas.com.ar\/sitio\/wp-content\/uploads\/2025\/01\/POLICIA-CANES-GORIS-04.jpg 800w, https:\/\/vocesparalelas.com.ar\/sitio\/wp-content\/uploads\/2025\/01\/POLICIA-CANES-GORIS-04-300x202.jpg 300w, https:\/\/vocesparalelas.com.ar\/sitio\/wp-content\/uploads\/2025\/01\/POLICIA-CANES-GORIS-04-768x516.jpg 768w\" sizes=\"auto, (max-width: 800px) 100vw, 800px\" \/><\/p>\n<p>Esta jornada fue diferente. Esta vez, Goris no encabez\u00f3 un desfile ni cumpli\u00f3 una misi\u00f3n especial. Hoy, \u00e9l fue el centro de todas las miradas. Su \u00faltimo servicio en el SPP culmin\u00f3 con un profundo agradecimiento y un emotivo adi\u00f3s por parte de sus compa\u00f1eros, donde tambi\u00e9n recibi\u00f3 una placa de reconocimiento. Goris, junto a su inseparable gu\u00eda Johana, quien lo cuid\u00f3 y entren\u00f3 durante los \u00faltimos a\u00f1os, comienza una nueva etapa lejos de las rutinas de trabajo, pero cerca de aquellos que lo ven como un h\u00e9roe de cuatro patas.<\/p>\n<p>El Alcaide Mayor Ricardo Aguilar acompa\u00f1\u00f3 en la emotiva ceremonia y felicit\u00f3 a todo el equipo, \u201cen especial al can Goris que fue un compa\u00f1ero fiel\u201d. Adem\u00e1s, destac\u00f3 que \u201ccomo todos nosotros, cumplimos etapas, y Goris siempre tuvo familia porque m\u00e1s all\u00e1 de todo, eso somos los penitenciarios\u201d. Por \u00faltimo, agreg\u00f3 \u201clos felicito a todos por el trato y cari\u00f1o que les dan a los animales\u201d.<\/p>\n<p>Seguidamente, la jefa del Grupo Canes, Of. Sub Adjutor Karen Malla, afirm\u00f3 que \u201cdamos este comunicado especial porque Goris empezar\u00e1 una nueva vida junto a su nueva familia, desde este lugar solo agradecemos por los 10 a\u00f1os de servicio y por asegurar que tu gu\u00eda cumpliera cada desfile, cada guardia y cada una de las exhibiciones\u201d.<\/p>\n<p>Asimismo, el subjefe, Ayte 2\u00b0 Ariel Herrera, coment\u00f3: \u201clos canes dentro de la divisi\u00f3n representan el amor; significan compa\u00f1erismo\u201d. \u201cAs\u00ed como tenemos la contenci\u00f3n de nuestras familias en la casa, nosotros contamos con la contenci\u00f3n de los perros\u201d, a\u00f1adi\u00f3. \u201cAdem\u00e1s de los entrenamientos, les brindamos afecto y cuidado; nos ayudan a seguir adelante el d\u00eda a d\u00eda, porque cuando uno suele pasar malos momentos, ellos lo perciben y lo demuestran con amor tambi\u00e9n\u201d, finaliz\u00f3.<\/p>\n<p><img loading=\"lazy\" decoding=\"async\" class=\"alignnone size-large wp-image-81221\" src=\"https:\/\/vocesparalelas.com.ar\/sitio\/wp-content\/uploads\/2025\/01\/POLICIA-CANES-GORIS-02.jpg\" alt=\"\" width=\"800\" height=\"462\" srcset=\"https:\/\/vocesparalelas.com.ar\/sitio\/wp-content\/uploads\/2025\/01\/POLICIA-CANES-GORIS-02.jpg 800w, https:\/\/vocesparalelas.com.ar\/sitio\/wp-content\/uploads\/2025\/01\/POLICIA-CANES-GORIS-02-300x173.jpg 300w, https:\/\/vocesparalelas.com.ar\/sitio\/wp-content\/uploads\/2025\/01\/POLICIA-CANES-GORIS-02-768x444.jpg 768w\" sizes=\"auto, (max-width: 800px) 100vw, 800px\" \/><\/p>\n<p>A partir de ahora, Goris disfrutar\u00e1 de su merecido descanso en el calor de su nuevo hogar. Johana se encargar\u00e1 de cuidarlo y brindarle todo el amor que merece en su vejez.<\/p>\n<p><iframe loading=\"lazy\" title=\"POLICIA DE SAN JUAN CANES RETIRO DE GORIS\" width=\"800\" height=\"450\" src=\"https:\/\/www.youtube.com\/embed\/iLL1rY7bPvc?feature=oembed\" frameborder=\"0\" allow=\"accelerometer; autoplay; clipboard-write; encrypted-media; gyroscope; picture-in-picture; web-share\" referrerpolicy=\"strict-origin-when-cross-origin\" allowfullscreen><\/iframe><\/p>\n<p>&nbsp;<\/p>\n<p>Los recuerdos de cada desfile, cada exhibici\u00f3n y cada jornada compartida quedar\u00e1n guardados en el coraz\u00f3n de quienes lo vieron crecer y cumplir con su deber con nobleza y valent\u00eda.<\/p>\n<p>\u00a1Gracias por todo, Goris!<\/p>\n<p><img loading=\"lazy\" decoding=\"async\" class=\"alignnone size-large wp-image-81219\" src=\"https:\/\/vocesparalelas.com.ar\/sitio\/wp-content\/uploads\/2025\/01\/POLICIA-CANES-GORIS-03-450x800.jpg\" alt=\"\" width=\"450\" height=\"800\" srcset=\"https:\/\/vocesparalelas.com.ar\/sitio\/wp-content\/uploads\/2025\/01\/POLICIA-CANES-GORIS-03-450x800.jpg 450w, https:\/\/vocesparalelas.com.ar\/sitio\/wp-content\/uploads\/2025\/01\/POLICIA-CANES-GORIS-03-169x300.jpg 169w, https:\/\/vocesparalelas.com.ar\/sitio\/wp-content\/uploads\/2025\/01\/POLICIA-CANES-GORIS-03.jpg 576w\" sizes=\"auto, (max-width: 450px) 100vw, 450px\" \/><\/p>\n<p>&nbsp;<\/p>\n<p><img loading=\"lazy\" decoding=\"async\" class=\"alignnone size-full wp-image-59001\" src=\"https:\/\/vocesparalelas.com.ar\/sitio\/wp-content\/uploads\/2023\/05\/POLICIA-LOGO.jpg\" alt=\"\" width=\"800\" height=\"600\" srcset=\"https:\/\/vocesparalelas.com.ar\/sitio\/wp-content\/uploads\/2023\/05\/POLICIA-LOGO.jpg 800w, https:\/\/vocesparalelas.com.ar\/sitio\/wp-content\/uploads\/2023\/05\/POLICIA-LOGO-300x225.jpg 300w, https:\/\/vocesparalelas.com.ar\/sitio\/wp-content\/uploads\/2023\/05\/POLICIA-LOGO-768x576.jpg 768w\" sizes=\"auto, (max-width: 800px) 100vw, 800px\" \/><\/p>\n","protected":false},"excerpt":{"rendered":"<p>El can Goris, ovejero alem\u00e1n y fiel compa\u00f1ero de la Divisi\u00f3n Canes del Servicio Penitenciario Provincial, se retira luego de<\/p>\n","protected":false},"author":3,"featured_media":81220,"comment_status":"closed","ping_status":"closed","sticky":false,"template":"","format":"standard","meta":{"_acf_changed":false,"_seopress_robots_primary_cat":"none","_seopress_titles_title":"","_seopress_titles_desc":"","_seopress_robots_index":"","colormag_page_container_layout":"default_layout","colormag_page_sidebar_layout":"default_layout","footnotes":""},"categories":[10,7],"tags":[],"class_list":["post-81213","post","type-post","status-publish","format-standard","has-post-thumbnail","hentry","category-opiniones","category-videos"],"acf":[],"_links":{"self":[{"href":"https:\/\/vocesparalelas.com.ar\/sitio\/wp-json\/wp\/v2\/posts\/81213","targetHints":{"allow":["GET"]}}],"collection":[{"href":"https:\/\/vocesparalelas.com.ar\/sitio\/wp-json\/wp\/v2\/posts"}],"about":[{"href":"https:\/\/vocesparalelas.com.ar\/sitio\/wp-json\/wp\/v2\/types\/post"}],"author":[{"embeddable":true,"href":"https:\/\/vocesparalelas.com.ar\/sitio\/wp-json\/wp\/v2\/users\/3"}],"replies":[{"embeddable":true,"href":"https:\/\/vocesparalelas.com.ar\/sitio\/wp-json\/wp\/v2\/comments?post=81213"}],"version-history":[{"count":4,"href":"https:\/\/vocesparalelas.com.ar\/sitio\/wp-json\/wp\/v2\/posts\/81213\/revisions"}],"predecessor-version":[{"id":81233,"href":"https:\/\/vocesparalelas.com.ar\/sitio\/wp-json\/wp\/v2\/posts\/81213\/revisions\/81233"}],"wp:featuredmedia":[{"embeddable":true,"href":"https:\/\/vocesparalelas.com.ar\/sitio\/wp-json\/wp\/v2\/media\/81220"}],"wp:attachment":[{"href":"https:\/\/vocesparalelas.com.ar\/sitio\/wp-json\/wp\/v2\/media?parent=81213"}],"wp:term":[{"taxonomy":"category","embeddable":true,"href":"https:\/\/vocesparalelas.com.ar\/sitio\/wp-json\/wp\/v2\/categories?post=81213"},{"taxonomy":"post_tag","embeddable":true,"href":"https:\/\/vocesparalelas.com.ar\/sitio\/wp-json\/wp\/v2\/tags?post=81213"}],"curies":[{"name":"wp","href":"https:\/\/api.w.org\/{rel}","templated":true}]}}