{"id":81207,"date":"2025-01-06T15:15:04","date_gmt":"2025-01-06T18:15:04","guid":{"rendered":"https:\/\/vocesparalelas.com.ar\/sitio\/?p=81207"},"modified":"2025-01-06T15:16:52","modified_gmt":"2025-01-06T18:16:52","slug":"los-ninos-trajeron-cartas-a-los-reyes-magos-en-san-juan","status":"publish","type":"post","link":"https:\/\/vocesparalelas.com.ar\/sitio\/los-ninos-trajeron-cartas-a-los-reyes-magos-en-san-juan\/","title":{"rendered":"Los ni\u00f1os trajeron cartas a los Reyes Magos en San Juan"},"content":{"rendered":"<p>Durante la tarde del domingo, 5 de Enero, el vicegobernador de San Juan, Dr. Fabi\u00e1n Mart\u00edn estuvo presente mientras las familias se acercaron a la Legislatura para que los m\u00e1s peque\u00f1os le entreguen sus cartitas a los Reyes Magos.<\/p>\n<p>Melchor, Gaspar y Baltazar recibieron pasadas las 19 horas a quienes se acercaron hasta el Edificio Hist\u00f3rico de la C\u00e1mara de Diputados. Se ubicaron en la zona de las escalinatas de Avenida Libertador, frente al Parque de Mayo y pudieron dialogar y sacarse fotos con todos los chicos y chicas presentes.<\/p>\n<p>En el espacio se dispuso una mesa con l\u00e1pices y hojas para aquellos que hab\u00edan llegado con su carta lista. Con gran ilusi\u00f3n y disfrutando de un momento alegre, las familias sanjuaninas pudieron vivir un momento diferente junto a la Legislatura Provincial.<\/p>\n<p><span style=\"color: #800080;\"><strong>Una tradicional celebraci\u00f3n<\/strong><\/span><\/p>\n<p>El D\u00eda de Reyes Magos se celebra el 6 de enero a fines de conmemorar la visita de los Reyes Magos, Melchor, Gaspar y Baltasar, al Ni\u00f1o Jes\u00fas reci\u00e9n nacido en Bel\u00e9n.<\/p>\n<p>Se trata de una fecha especial para la religi\u00f3n cristiana, en donde se invita a compartir en familia y continuar disfrutando de la Navidad.<\/p>\n<p>El D\u00eda de Reyes Magos es una celebraci\u00f3n llena de simbolismo y tradici\u00f3n, que conmemora la adoraci\u00f3n de Jes\u00fas por parte de los Reyes Magos. Estos sabios de Oriente, quienes fueron guiados por una estrella, llegaron para adorar al ni\u00f1o y ofrecerle valiosos regalos.<\/p>\n<figure id=\"attachment_37951\" aria-describedby=\"caption-attachment-37951\" style=\"width: 800px\" class=\"wp-caption alignnone\"><img loading=\"lazy\" decoding=\"async\" class=\"size-full wp-image-37951\" src=\"https:\/\/vocesparalelas.com.ar\/sitio\/wp-content\/uploads\/2021\/05\/CAMARA-EDIFICIO.jpg\" alt=\"\" width=\"800\" height=\"515\" srcset=\"https:\/\/vocesparalelas.com.ar\/sitio\/wp-content\/uploads\/2021\/05\/CAMARA-EDIFICIO.jpg 800w, https:\/\/vocesparalelas.com.ar\/sitio\/wp-content\/uploads\/2021\/05\/CAMARA-EDIFICIO-300x193.jpg 300w, https:\/\/vocesparalelas.com.ar\/sitio\/wp-content\/uploads\/2021\/05\/CAMARA-EDIFICIO-768x494.jpg 768w\" sizes=\"auto, (max-width: 800px) 100vw, 800px\" \/><figcaption id=\"caption-attachment-37951\" class=\"wp-caption-text\">Legislatura Provincial de San Juan, Rep\u00fablica Argentina<\/figcaption><\/figure>\n","protected":false},"excerpt":{"rendered":"<p>Durante la tarde del domingo, 5 de Enero, el vicegobernador de San Juan, Dr. Fabi\u00e1n Mart\u00edn estuvo presente mientras las<\/p>\n","protected":false},"author":3,"featured_media":26091,"comment_status":"closed","ping_status":"closed","sticky":false,"template":"","format":"standard","meta":{"_acf_changed":false,"_seopress_robots_primary_cat":"none","_seopress_titles_title":"","_seopress_titles_desc":"","_seopress_robots_index":"","colormag_page_container_layout":"default_layout","colormag_page_sidebar_layout":"default_layout","footnotes":""},"categories":[1],"tags":[],"class_list":["post-81207","post","type-post","status-publish","format-standard","has-post-thumbnail","hentry","category-destacadas"],"acf":[],"_links":{"self":[{"href":"https:\/\/vocesparalelas.com.ar\/sitio\/wp-json\/wp\/v2\/posts\/81207","targetHints":{"allow":["GET"]}}],"collection":[{"href":"https:\/\/vocesparalelas.com.ar\/sitio\/wp-json\/wp\/v2\/posts"}],"about":[{"href":"https:\/\/vocesparalelas.com.ar\/sitio\/wp-json\/wp\/v2\/types\/post"}],"author":[{"embeddable":true,"href":"https:\/\/vocesparalelas.com.ar\/sitio\/wp-json\/wp\/v2\/users\/3"}],"replies":[{"embeddable":true,"href":"https:\/\/vocesparalelas.com.ar\/sitio\/wp-json\/wp\/v2\/comments?post=81207"}],"version-history":[{"count":2,"href":"https:\/\/vocesparalelas.com.ar\/sitio\/wp-json\/wp\/v2\/posts\/81207\/revisions"}],"predecessor-version":[{"id":81212,"href":"https:\/\/vocesparalelas.com.ar\/sitio\/wp-json\/wp\/v2\/posts\/81207\/revisions\/81212"}],"wp:featuredmedia":[{"embeddable":true,"href":"https:\/\/vocesparalelas.com.ar\/sitio\/wp-json\/wp\/v2\/media\/26091"}],"wp:attachment":[{"href":"https:\/\/vocesparalelas.com.ar\/sitio\/wp-json\/wp\/v2\/media?parent=81207"}],"wp:term":[{"taxonomy":"category","embeddable":true,"href":"https:\/\/vocesparalelas.com.ar\/sitio\/wp-json\/wp\/v2\/categories?post=81207"},{"taxonomy":"post_tag","embeddable":true,"href":"https:\/\/vocesparalelas.com.ar\/sitio\/wp-json\/wp\/v2\/tags?post=81207"}],"curies":[{"name":"wp","href":"https:\/\/api.w.org\/{rel}","templated":true}]}}