{"id":81184,"date":"2025-01-06T11:49:45","date_gmt":"2025-01-06T14:49:45","guid":{"rendered":"https:\/\/vocesparalelas.com.ar\/sitio\/?p=81184"},"modified":"2025-01-07T22:56:06","modified_gmt":"2025-01-08T01:56:06","slug":"mas-puntos-de-acceso-al-programa-turismo-seguro-en-san-juan","status":"publish","type":"post","link":"https:\/\/vocesparalelas.com.ar\/sitio\/mas-puntos-de-acceso-al-programa-turismo-seguro-en-san-juan\/","title":{"rendered":"M\u00e1s puntos de acceso al Programa \u201cTurismo seguro\u00bb en San Juan"},"content":{"rendered":"<p>El Programa \u201cTurismo seguro\u201d es una importante herramienta digital que permite a los turistas estar protegidos durante la estada en San Juan.<\/p>\n<p>Nuevos puntos de accesos se abren para que aquellas personas que visiten la provincia puedan ejercer sus derechos como consumidores en forma m\u00e1s simple y r\u00e1pido.<\/p>\n<p>Fue as\u00ed que naci\u00f3 el programa \u201cTurismo seguro\u201d; una herramienta digital con QR para que los visitantes puedan realizar sus denuncias y tenga una respuesta en un lapso no mayor de 48 horas.<\/p>\n<p>En una primera etapa, los carteles solamente se encuentran en las diferentes agencias que controla el Ministerio de Turismo, Cultura y Deporte del Gobierno de San Juan, las terminales de \u00f3mnibus y aeropuerto.<\/p>\n<p>En esta nueva fase, se incorporar\u00e1n en restoranes, centros comerciales, control fitosanitario y en cada ingreso a la provincia.<\/p>\n<p>La directora de Defensa al Consumidor, Fabiana Carrizo puso en valor esta herramienta y puntualiz\u00f3 que \u00ab\u00e9ste programa que llevamos adelante junto con el Ministerio de Turismo, Cultura y Deporte corresponde al pedido que nos hizo el gobernador Marcelo Orrego, en brindar transparencia y seguridad en beneficios a los turistas. Queremos que cada visitante tenga la mejor experiencia de San Juan durante su estad\u00eda y as\u00ed pueda regresar en otra oportunidad\u201d.<\/p>\n<p>Es importante se\u00f1alar que \u201cTurismo Seguro\u201d fue el fruto del di\u00e1logo entre los Ministerio de Turismo, Cultura y Deporte con su par de Producci\u00f3n, Trabajo e Innovaci\u00f3n a trav\u00e9s de la secretaria de Industria, Comercio y Servicios, con la efectivizaci\u00f3n de un convenio que tiene como objetivo proporcionar herramientas digitales a las oficinas de informes tur\u00edsticos, incluyendo c\u00f3digos QR que garantizan una asistencia integral a los turistas y la protecci\u00f3n de sus derechos.<\/p>\n<p>Gracias a esta herramienta, los visitantes pueden acceder r\u00e1pidamente a recursos que les permitir\u00e1n realizar reclamos, recibir asesoramiento sobre sus derechos, mediar en conflictos y prevenir posibles abusos por parte de proveedores de servicios en menos de 48 horas.<\/p>\n<p><img loading=\"lazy\" decoding=\"async\" class=\"alignnone size-full wp-image-65642\" src=\"https:\/\/vocesparalelas.com.ar\/sitio\/wp-content\/uploads\/2023\/11\/GOBIERNO-SAN-JUAN.jpg\" alt=\"\" width=\"800\" height=\"600\" srcset=\"https:\/\/vocesparalelas.com.ar\/sitio\/wp-content\/uploads\/2023\/11\/GOBIERNO-SAN-JUAN.jpg 800w, https:\/\/vocesparalelas.com.ar\/sitio\/wp-content\/uploads\/2023\/11\/GOBIERNO-SAN-JUAN-300x225.jpg 300w, https:\/\/vocesparalelas.com.ar\/sitio\/wp-content\/uploads\/2023\/11\/GOBIERNO-SAN-JUAN-768x576.jpg 768w\" sizes=\"auto, (max-width: 800px) 100vw, 800px\" \/><\/p>\n<p>&nbsp;<\/p>\n<p>&nbsp;<\/p>\n","protected":false},"excerpt":{"rendered":"<p>El Programa \u201cTurismo seguro\u201d es una importante herramienta digital que permite a los turistas estar protegidos durante la estada en<\/p>\n","protected":false},"author":3,"featured_media":1815,"comment_status":"closed","ping_status":"closed","sticky":false,"template":"","format":"standard","meta":{"_acf_changed":false,"_seopress_robots_primary_cat":"none","_seopress_titles_title":"","_seopress_titles_desc":"","_seopress_robots_index":"","colormag_page_container_layout":"default_layout","colormag_page_sidebar_layout":"default_layout","footnotes":""},"categories":[6],"tags":[],"class_list":["post-81184","post","type-post","status-publish","format-standard","has-post-thumbnail","hentry","category-eventos"],"acf":[],"_links":{"self":[{"href":"https:\/\/vocesparalelas.com.ar\/sitio\/wp-json\/wp\/v2\/posts\/81184","targetHints":{"allow":["GET"]}}],"collection":[{"href":"https:\/\/vocesparalelas.com.ar\/sitio\/wp-json\/wp\/v2\/posts"}],"about":[{"href":"https:\/\/vocesparalelas.com.ar\/sitio\/wp-json\/wp\/v2\/types\/post"}],"author":[{"embeddable":true,"href":"https:\/\/vocesparalelas.com.ar\/sitio\/wp-json\/wp\/v2\/users\/3"}],"replies":[{"embeddable":true,"href":"https:\/\/vocesparalelas.com.ar\/sitio\/wp-json\/wp\/v2\/comments?post=81184"}],"version-history":[{"count":1,"href":"https:\/\/vocesparalelas.com.ar\/sitio\/wp-json\/wp\/v2\/posts\/81184\/revisions"}],"predecessor-version":[{"id":81187,"href":"https:\/\/vocesparalelas.com.ar\/sitio\/wp-json\/wp\/v2\/posts\/81184\/revisions\/81187"}],"wp:featuredmedia":[{"embeddable":true,"href":"https:\/\/vocesparalelas.com.ar\/sitio\/wp-json\/wp\/v2\/media\/1815"}],"wp:attachment":[{"href":"https:\/\/vocesparalelas.com.ar\/sitio\/wp-json\/wp\/v2\/media?parent=81184"}],"wp:term":[{"taxonomy":"category","embeddable":true,"href":"https:\/\/vocesparalelas.com.ar\/sitio\/wp-json\/wp\/v2\/categories?post=81184"},{"taxonomy":"post_tag","embeddable":true,"href":"https:\/\/vocesparalelas.com.ar\/sitio\/wp-json\/wp\/v2\/tags?post=81184"}],"curies":[{"name":"wp","href":"https:\/\/api.w.org\/{rel}","templated":true}]}}