{"id":81145,"date":"2025-01-06T10:27:22","date_gmt":"2025-01-06T13:27:22","guid":{"rendered":"https:\/\/vocesparalelas.com.ar\/sitio\/?p=81145"},"modified":"2025-01-07T22:57:03","modified_gmt":"2025-01-08T01:57:03","slug":"cuatro-carreras-ciclo-2025-de-la-unsj-para-interesados-los-departamentos-de-san-juan","status":"publish","type":"post","link":"https:\/\/vocesparalelas.com.ar\/sitio\/cuatro-carreras-ciclo-2025-de-la-unsj-para-interesados-los-departamentos-de-san-juan\/","title":{"rendered":"Cuatro carreras \u00abCiclo 2025\u00bb de la UNSJ para interesados los Departamentos de San Juan"},"content":{"rendered":"<p>Los trayectos son para la Delegaci\u00f3n Valles Sanjuaninos de la Institucion Acad\u00e9mica, que incluye a los interesados de los Departamentos J\u00e1chal, Iglesia, Calingasta y Valle F\u00e9rtil.<\/p>\n<div class=\"header-internal header-noticias border-bottom-grey\">\n<div class=\"box-title\">\n<p class=\"noticia\">Las propuestas tambi\u00e9n son para el Departamento Sarmiento.<\/p>\n<p class=\"noticia\">Significa la continuidad con su pol\u00edtica de extensi\u00f3n territorial ya tiene programado el dictado de cuatro carreras para la Delegaci\u00f3n Valles Sanjuaninos y otros departamentos durante el Ciclo Universitario 2025.<\/p>\n<\/div>\n<\/div>\n<div class=\"body-internal\">\n<div class=\"box-text\">\n<p>Carreras<\/p>\n<ul>\n<li>\u201cTecnicatura Universitaria a Distancia en Procesamiento de Minerales\u00bb;<\/li>\n<li>\u00abTecnicatura Universitaria a Distancia en Operaciones de Mina\u00bb;<\/li>\n<li>\u201cProfesorado de M\u00fasica con orientaci\u00f3n en M\u00fasica Popular\u201dy<\/li>\n<li>\u201cTecnicatura Universitaria en Exploraci\u00f3n Geol\u00f3gica\u201d.<\/li>\n<li>Tecnicaturas a Distancia<\/li>\n<li>Las \u00abTecnicatura Universitaria a Distancia en Procesamiento de Minerales\u00bb y \u00abTecnicatura Universitaria a Distancia en Operaciones de Mina\u00bb pertenecen a la Facultad de Ingenier\u00eda.<\/li>\n<\/ul>\n<p>En esta primera cohorte, ambas tecnicaturas est\u00e1n destinadas para residentes de los Departamentos Sarmiento, Calingasta, J\u00e1chal, Iglesia y Valle F\u00e9rtil.<\/p>\n<p>La modalidad a distancia que se adopta para el desarrollo de las tecnicaturas se ve potenciada con Aulas H\u00edbridas en el lugar, dado que est\u00e1n equipadas tecnol\u00f3gicamente para asegurar la conectividad, los dispositivos necesarios para el acceso a los espacios virtuales y tambi\u00e9n un espacio para propiciar la interacci\u00f3n entre pares y acompa\u00f1amiento de los asistentes territoriales.<\/p>\n<p>Las personas residentes de los departamentos mencionados interesadas en las tecnicaturas pueden preinscribirse en el siguiente<\/p>\n<p><a href=\"https:\/\/forms.gle\/9VL4nYfZCf9NvwmG9\">https:\/\/forms.gle\/9VL4nYfZCf9NvwmG9<\/a><\/p>\n<p>hasta el 22 de Enero de 2025.<\/p>\n<p>El curso de ingreso inicia el 3 de Febrero de 2025 en el Campus Virtual<\/p>\n<\/div>\n<p><a href=\"http:\/\/campusvirtual.unjs.edu.ar\">http:\/\/campusvirtual.unjs.edu.ar<\/a><\/p>\n<div class=\"box-text\">\n<p>Las personas preinscriptas reciben los datos de acceso por el correo consignado en el formulario.<\/p>\n<p>El curso consta de los siguientes m\u00f3dulos:<\/p>\n<p>Lectura y Comprensi\u00f3n de Textos, Matem\u00e1tica y Aprendiendo a utilizar los recursos del Campus Virtual de la UNSJ.<\/p>\n<p>Es requisito necesario para comenzar el cursado de las tecnicaturas haber aprobado estos tres m\u00f3dulos.<\/p>\n<p>Los m\u00f3dulos Lectura y Comprensi\u00f3n de Textos y Matem\u00e1tica se aprueban con un puntaje de seis (6) o m\u00e1s sobre diez (10) y Aprendiendo a utilizar los recursos del Campus Virtual se aprueba con un puntaje de siete(7) o m\u00e1s sobre 10.<\/p>\n<p>Para obtener m\u00e1s informaci\u00f3n de las tecnicaturas contactarse al siguiente correo electr\u00f3nico: alumno.minas@fi.unsj.edu.ar\u00a0o al Instagram\u00a0departamentodeminasunsj<\/p>\n<p><strong>M\u00fasica popular<\/strong><\/p>\n<p>El\u00a0Profesorado de M\u00fasica con orientaci\u00f3n en M\u00fasica Popular es dictado por la\u00a0Facultad de Filosof\u00eda, Humanidades y Artes\u00a0a trav\u00e9s de su Departamento de M\u00fasica en J\u00e1chal. Es una carrera a t\u00e9rmino y posee grado universitario.<\/p>\n<p>La tercera cohorte inicia en el 2025 y se extiende hasta el 2028.<\/p>\n<p>El cursado, presencial en la sede de la UNSJ de J\u00e1chal, inicia el 1 de Abril.<\/p>\n<p>Los requisitos de ingreso son:<\/p>\n<p>&#8211; Poseer t\u00edtulo secundario o cumplir con los requisitos establecidos en la Ley 24.521 en su art\u00edculo 7 (ver\u00a0ley completa en el siguiente\u00a0<a href=\"https:\/\/servicios.infoleg.gob.ar\/infolegInternet\/anexos\/25000-29999\/25394\/texact.htm\" target=\"_blank\" rel=\"noopener\">enlace<\/a>). -Aprobar el examen de afinaci\u00f3n y salud vocal.<\/p>\n<p>-Cumplimentar los dem\u00e1s requisitos exigidos por las normativas vigentes en la universidad y<\/p>\n<p>-Aprobar las asignaturas del ciclo nivelatorio de formaci\u00f3n musical b\u00e1sica.<\/p>\n<p>El Ciclo Nivelatorio de Formaci\u00f3n Musical B\u00e1sica (curso de ingreso)\u00a0\u00a0para la tercera cohorte inicia el 3 de Febrero y se desarrolla durante Febrero-Narzo 2025.<\/p>\n<p>Es dictado de manera presencial en J\u00e1chal, e incluye: Lenguaje Musical. Introducci\u00f3n a la Producci\u00f3n en la M\u00fasica Popular. Armon\u00eda Aplicada. Instrumento: Piano o Guitarra. Comprensi\u00f3n y Producci\u00f3n de Textos.<\/p>\n<p>Esta instancia est\u00e1 dirigida a aspirantes con inter\u00e9s en formar parte de esta propuesta acad\u00e9mica que busca promover la formaci\u00f3n integral de m\u00fasicos y docentes con \u00e9nfasis en la m\u00fasica popular.<\/p>\n<p>Para obtener m\u00e1s informaci\u00f3n sobre el curso, los requisitos y el proceso de inscripci\u00f3n, comunicarse a\u00a0ingresomusicaffha@gmail.com.<\/p>\n<p><strong>Exploraci\u00f3n Geol\u00f3gica<\/strong><\/p>\n<p>La Tecnicatura Universitaria en Exploraci\u00f3n Geol\u00f3gica est\u00e1 dictada por la Facultad de Ciencias Exactas, F\u00edsicas y Naturales.<\/p>\n<p>Su objetivo es formar T\u00e9cnicos\/as Universitario\/as con conocimiento y formaci\u00f3n b\u00e1sica y aplicada en las \u00e1reas fundamentales de la geolog\u00eda.<\/p>\n<p>Esas \u00e1reas permiten encarar tareas auxiliares en peritaje, investigaci\u00f3n, servicios y asesoramientos t\u00e9cnicos y colaboraci\u00f3n en la l\u00ednea de la geolog\u00eda aplicada en el marco del desarrollo regional.<\/p>\n<p>Las fechas de inscripci\u00f3n, inicio de curso de ingreso y dictado de la carrera ser\u00e1n informados pr\u00f3ximamente.<\/p>\n<p><img loading=\"lazy\" decoding=\"async\" class=\"alignnone size-full wp-image-79515\" src=\"https:\/\/vocesparalelas.com.ar\/sitio\/wp-content\/uploads\/2024\/11\/UNSJ-LOGO-01.jpg\" alt=\"\" width=\"800\" height=\"459\" srcset=\"https:\/\/vocesparalelas.com.ar\/sitio\/wp-content\/uploads\/2024\/11\/UNSJ-LOGO-01.jpg 800w, https:\/\/vocesparalelas.com.ar\/sitio\/wp-content\/uploads\/2024\/11\/UNSJ-LOGO-01-300x172.jpg 300w, https:\/\/vocesparalelas.com.ar\/sitio\/wp-content\/uploads\/2024\/11\/UNSJ-LOGO-01-768x441.jpg 768w\" sizes=\"auto, (max-width: 800px) 100vw, 800px\" \/><\/p>\n<\/div>\n<\/div>\n","protected":false},"excerpt":{"rendered":"<p>Los trayectos son para la Delegaci\u00f3n Valles Sanjuaninos de la Institucion Acad\u00e9mica, que incluye a los interesados de los Departamentos<\/p>\n","protected":false},"author":3,"featured_media":81148,"comment_status":"closed","ping_status":"closed","sticky":false,"template":"","format":"standard","meta":{"_acf_changed":false,"_seopress_robots_primary_cat":"none","_seopress_titles_title":"","_seopress_titles_desc":"","_seopress_robots_index":"","colormag_page_container_layout":"default_layout","colormag_page_sidebar_layout":"default_layout","footnotes":""},"categories":[15],"tags":[],"class_list":["post-81145","post","type-post","status-publish","format-standard","has-post-thumbnail","hentry","category-posgrados"],"acf":[],"_links":{"self":[{"href":"https:\/\/vocesparalelas.com.ar\/sitio\/wp-json\/wp\/v2\/posts\/81145","targetHints":{"allow":["GET"]}}],"collection":[{"href":"https:\/\/vocesparalelas.com.ar\/sitio\/wp-json\/wp\/v2\/posts"}],"about":[{"href":"https:\/\/vocesparalelas.com.ar\/sitio\/wp-json\/wp\/v2\/types\/post"}],"author":[{"embeddable":true,"href":"https:\/\/vocesparalelas.com.ar\/sitio\/wp-json\/wp\/v2\/users\/3"}],"replies":[{"embeddable":true,"href":"https:\/\/vocesparalelas.com.ar\/sitio\/wp-json\/wp\/v2\/comments?post=81145"}],"version-history":[{"count":1,"href":"https:\/\/vocesparalelas.com.ar\/sitio\/wp-json\/wp\/v2\/posts\/81145\/revisions"}],"predecessor-version":[{"id":81149,"href":"https:\/\/vocesparalelas.com.ar\/sitio\/wp-json\/wp\/v2\/posts\/81145\/revisions\/81149"}],"wp:featuredmedia":[{"embeddable":true,"href":"https:\/\/vocesparalelas.com.ar\/sitio\/wp-json\/wp\/v2\/media\/81148"}],"wp:attachment":[{"href":"https:\/\/vocesparalelas.com.ar\/sitio\/wp-json\/wp\/v2\/media?parent=81145"}],"wp:term":[{"taxonomy":"category","embeddable":true,"href":"https:\/\/vocesparalelas.com.ar\/sitio\/wp-json\/wp\/v2\/categories?post=81145"},{"taxonomy":"post_tag","embeddable":true,"href":"https:\/\/vocesparalelas.com.ar\/sitio\/wp-json\/wp\/v2\/tags?post=81145"}],"curies":[{"name":"wp","href":"https:\/\/api.w.org\/{rel}","templated":true}]}}