{"id":81101,"date":"2025-01-03T00:45:30","date_gmt":"2025-01-03T03:45:30","guid":{"rendered":"https:\/\/vocesparalelas.com.ar\/sitio\/?p=81101"},"modified":"2025-01-04T16:54:09","modified_gmt":"2025-01-04T19:54:09","slug":"las-colonias-verano-2025-incorporan-15-monitores-que-son-personas-con-discapacidad-en-san-juan","status":"publish","type":"post","link":"https:\/\/vocesparalelas.com.ar\/sitio\/las-colonias-verano-2025-incorporan-15-monitores-que-son-personas-con-discapacidad-en-san-juan\/","title":{"rendered":"Las Colonias \u00abVerano 2025\u00bb incorporan 15 monitores que son Personas con discapacidad en San Juan"},"content":{"rendered":"<p>El Gobiero de San Juan incorpora al trabajo 15 personas con discapacidad en las Colonias \u00abVerano 2025\u00bb.<\/p>\n<p>Los seleccionados que reciben capacitaci\u00f3n y apoyo para desarrollar habilidades laborales y adaptarse al entorno de trabajo en las colonias de verano.<\/p>\n<p>El Ministro de Familia y Desarrollo Humano, Prof. Carlos Platero conoci\u00f3 a los j\u00f3venes que participan del Programa de Inclusi\u00f3n laboral, de la Direcci\u00f3n de Personas con Discapacidad, y cumplen funciones de Monitores en las Colonias de Verano que comienzan el Martes, 7 de Enero.<\/p>\n<p>Se trata de 15 j\u00f3venes que fueron seleccionados de la base de datos de la web de la Direcci\u00f3n de Personas con Discapacidad y luego fueron entrevistados a trav\u00e9s de un proceso de selecci\u00f3n.<\/p>\n<p>Los chicos trabajan en las colonias durante el mes de Enero y son supervisados por preparadores laborales que son personal de la Direcci\u00f3n de Discapacidad, quienes son una figura de apoyo en caso de ser necesario.<\/p>\n<p>El Ministro Carlos Platero; el Subsecretario de Desarrollo Social, Miguel Blanquier, la directora de Personas con Discapacidad, Paula Moreno y los coordinadores generales de Colonias, Exequiel Pereyra y Amelia Zaballa dialogaron con los j\u00f3venes acerca del trabajo que se debe realizar en las colonias, se compartieron experiencias y saberes.<\/p>\n<p>\u00abEstamos muy felices de haber podido dar este primer paso en inclusi\u00f3n laboral, es la primera vez que j\u00f3venes con discapacidad desempe\u00f1ar\u00e1n trabajos en las colonias\u00bb, destac\u00f3 Paula Moreno, directora de Personas con Discapacidad.<\/p>\n<p>\u00abCon el apoyo del Gobernador, Marcelo Orrego y el Ministro, Carlos Platero continuaremos trabajando durante el 2025 en m\u00e1s oportunidades laborales para las personas con discapacidad\u00bb, agreg\u00f3 Moreno.<\/p>\n<p>&nbsp;<\/p>\n<p><img loading=\"lazy\" decoding=\"async\" class=\"alignnone size-large wp-image-26298\" src=\"https:\/\/vocesparalelas.com.ar\/sitio\/wp-content\/uploads\/2020\/01\/SANTA-LUCIA-COLONIAS-02-800x502.jpg\" alt=\"\" width=\"800\" height=\"502\" srcset=\"https:\/\/vocesparalelas.com.ar\/sitio\/wp-content\/uploads\/2020\/01\/SANTA-LUCIA-COLONIAS-02.jpg 800w, https:\/\/vocesparalelas.com.ar\/sitio\/wp-content\/uploads\/2020\/01\/SANTA-LUCIA-COLONIAS-02-300x188.jpg 300w, https:\/\/vocesparalelas.com.ar\/sitio\/wp-content\/uploads\/2020\/01\/SANTA-LUCIA-COLONIAS-02-768x482.jpg 768w\" sizes=\"auto, (max-width: 800px) 100vw, 800px\" \/><\/p>\n","protected":false},"excerpt":{"rendered":"<p>El Gobiero de San Juan incorpora al trabajo 15 personas con discapacidad en las Colonias \u00abVerano 2025\u00bb. Los seleccionados que<\/p>\n","protected":false},"author":3,"featured_media":81104,"comment_status":"closed","ping_status":"closed","sticky":false,"template":"","format":"standard","meta":{"_acf_changed":false,"_seopress_robots_primary_cat":"none","_seopress_titles_title":"","_seopress_titles_desc":"","_seopress_robots_index":"","colormag_page_container_layout":"default_layout","colormag_page_sidebar_layout":"default_layout","footnotes":""},"categories":[9],"tags":[],"class_list":["post-81101","post","type-post","status-publish","format-standard","has-post-thumbnail","hentry","category-cursos"],"acf":[],"_links":{"self":[{"href":"https:\/\/vocesparalelas.com.ar\/sitio\/wp-json\/wp\/v2\/posts\/81101","targetHints":{"allow":["GET"]}}],"collection":[{"href":"https:\/\/vocesparalelas.com.ar\/sitio\/wp-json\/wp\/v2\/posts"}],"about":[{"href":"https:\/\/vocesparalelas.com.ar\/sitio\/wp-json\/wp\/v2\/types\/post"}],"author":[{"embeddable":true,"href":"https:\/\/vocesparalelas.com.ar\/sitio\/wp-json\/wp\/v2\/users\/3"}],"replies":[{"embeddable":true,"href":"https:\/\/vocesparalelas.com.ar\/sitio\/wp-json\/wp\/v2\/comments?post=81101"}],"version-history":[{"count":2,"href":"https:\/\/vocesparalelas.com.ar\/sitio\/wp-json\/wp\/v2\/posts\/81101\/revisions"}],"predecessor-version":[{"id":81106,"href":"https:\/\/vocesparalelas.com.ar\/sitio\/wp-json\/wp\/v2\/posts\/81101\/revisions\/81106"}],"wp:featuredmedia":[{"embeddable":true,"href":"https:\/\/vocesparalelas.com.ar\/sitio\/wp-json\/wp\/v2\/media\/81104"}],"wp:attachment":[{"href":"https:\/\/vocesparalelas.com.ar\/sitio\/wp-json\/wp\/v2\/media?parent=81101"}],"wp:term":[{"taxonomy":"category","embeddable":true,"href":"https:\/\/vocesparalelas.com.ar\/sitio\/wp-json\/wp\/v2\/categories?post=81101"},{"taxonomy":"post_tag","embeddable":true,"href":"https:\/\/vocesparalelas.com.ar\/sitio\/wp-json\/wp\/v2\/tags?post=81101"}],"curies":[{"name":"wp","href":"https:\/\/api.w.org\/{rel}","templated":true}]}}