{"id":81043,"date":"2024-12-30T13:44:24","date_gmt":"2024-12-30T16:44:24","guid":{"rendered":"https:\/\/vocesparalelas.com.ar\/sitio\/?p=81043"},"modified":"2025-01-03T00:18:55","modified_gmt":"2025-01-03T03:18:55","slug":"poder-judicial-de-san-juan-convoca-a-abogados-para-el-cargo-de-mediadores-judiciales","status":"publish","type":"post","link":"https:\/\/vocesparalelas.com.ar\/sitio\/poder-judicial-de-san-juan-convoca-a-abogados-para-el-cargo-de-mediadores-judiciales\/","title":{"rendered":"Poder Judicial de San Juan convoca a Abogados para el cargo de Mediadores Judiciales"},"content":{"rendered":"<p>La inscripci\u00f3n es hasta el 15 de febrero del 2025.<\/p>\n<p>A continuaci\u00f3n, instructivo y formulario de inscripci\u00f3n.<\/p>\n<p><a href=\"https:\/\/vocesparalelas.com.ar\/sitio\/wp-content\/uploads\/2024\/12\/INSTRUCTIVO-MEDIADOR-SAN-JUAN.pdf\">INSTRUCTIVO MEDIADOR SAN JUAN<\/a><\/p>\n<p>&nbsp;<\/p>\n<p>A trav\u00e9s del Acuerdo General 125\/2024, la Corte de Justicia abri\u00f3 las inscripciones para los profesionales de la Abogac\u00eda que quieran ejercer como mediadores en el 2025 en el fuero Laboral y de Familia.<\/p>\n<p>Los postulantes deben descargar el formulario y completarlo debidamente. Los requisitos para inscribirse en el Registro de Mediadores Judiciales est\u00e1n en el documento a continuaci\u00f3n:<\/p>\n<p>Para hacer efectiva la inscripci\u00f3n, los abogados y abogadas habilitados deben cargar en la Mesa de Entrada Virtual\u00a0 &#8211; MEV &#8211; hasta el 15 de Febrero de 2025 el Formulario y toda la documentaci\u00f3n requerida.<\/p>\n<p>Para consultas, los interesados en ejercer la Mediaci\u00f3n Judicial Previa Obligatoria (Ley Provincial 1990-P) podr\u00e1n comunicarse a la Oficina de Control de Gesti\u00f3n, Estad\u00edsticas y Calidad Judicial al mail:<\/p>\n<p><a href=\"auxiliarjusticia@jussanjuan.gov.ar\">auxiliarjusticia@jussanjuan.gov.ar<\/a><\/p>\n<p>o al tel\u00e9fono 2646303983 m\u00f3vil corporativo.<\/p>\n<p>Direcci\u00f3n de Comunicaci\u00f3n Institucional del Poder Judicial de San Juan &#8211; DIRCOM.<\/p>\n<p><img loading=\"lazy\" decoding=\"async\" class=\"alignnone size-full wp-image-68769\" src=\"https:\/\/vocesparalelas.com.ar\/sitio\/wp-content\/uploads\/2024\/01\/PODER-JUDICIAL-DE-SAN-JUAN-FRENTE.jpg\" alt=\"\" width=\"800\" height=\"491\" srcset=\"https:\/\/vocesparalelas.com.ar\/sitio\/wp-content\/uploads\/2024\/01\/PODER-JUDICIAL-DE-SAN-JUAN-FRENTE.jpg 800w, https:\/\/vocesparalelas.com.ar\/sitio\/wp-content\/uploads\/2024\/01\/PODER-JUDICIAL-DE-SAN-JUAN-FRENTE-300x184.jpg 300w, https:\/\/vocesparalelas.com.ar\/sitio\/wp-content\/uploads\/2024\/01\/PODER-JUDICIAL-DE-SAN-JUAN-FRENTE-768x471.jpg 768w\" sizes=\"auto, (max-width: 800px) 100vw, 800px\" \/><\/p>\n","protected":false},"excerpt":{"rendered":"<p>La inscripci\u00f3n es hasta el 15 de febrero del 2025. A continuaci\u00f3n, instructivo y formulario de inscripci\u00f3n. INSTRUCTIVO MEDIADOR SAN<\/p>\n","protected":false},"author":3,"featured_media":81046,"comment_status":"closed","ping_status":"closed","sticky":false,"template":"","format":"standard","meta":{"_acf_changed":false,"_seopress_robots_primary_cat":"none","_seopress_titles_title":"","_seopress_titles_desc":"","_seopress_robots_index":"","colormag_page_container_layout":"default_layout","colormag_page_sidebar_layout":"default_layout","footnotes":""},"categories":[8],"tags":[],"class_list":["post-81043","post","type-post","status-publish","format-standard","has-post-thumbnail","hentry","category-concursos"],"acf":[],"_links":{"self":[{"href":"https:\/\/vocesparalelas.com.ar\/sitio\/wp-json\/wp\/v2\/posts\/81043","targetHints":{"allow":["GET"]}}],"collection":[{"href":"https:\/\/vocesparalelas.com.ar\/sitio\/wp-json\/wp\/v2\/posts"}],"about":[{"href":"https:\/\/vocesparalelas.com.ar\/sitio\/wp-json\/wp\/v2\/types\/post"}],"author":[{"embeddable":true,"href":"https:\/\/vocesparalelas.com.ar\/sitio\/wp-json\/wp\/v2\/users\/3"}],"replies":[{"embeddable":true,"href":"https:\/\/vocesparalelas.com.ar\/sitio\/wp-json\/wp\/v2\/comments?post=81043"}],"version-history":[{"count":1,"href":"https:\/\/vocesparalelas.com.ar\/sitio\/wp-json\/wp\/v2\/posts\/81043\/revisions"}],"predecessor-version":[{"id":81048,"href":"https:\/\/vocesparalelas.com.ar\/sitio\/wp-json\/wp\/v2\/posts\/81043\/revisions\/81048"}],"wp:featuredmedia":[{"embeddable":true,"href":"https:\/\/vocesparalelas.com.ar\/sitio\/wp-json\/wp\/v2\/media\/81046"}],"wp:attachment":[{"href":"https:\/\/vocesparalelas.com.ar\/sitio\/wp-json\/wp\/v2\/media?parent=81043"}],"wp:term":[{"taxonomy":"category","embeddable":true,"href":"https:\/\/vocesparalelas.com.ar\/sitio\/wp-json\/wp\/v2\/categories?post=81043"},{"taxonomy":"post_tag","embeddable":true,"href":"https:\/\/vocesparalelas.com.ar\/sitio\/wp-json\/wp\/v2\/tags?post=81043"}],"curies":[{"name":"wp","href":"https:\/\/api.w.org\/{rel}","templated":true}]}}