{"id":81018,"date":"2024-12-29T19:18:46","date_gmt":"2024-12-29T22:18:46","guid":{"rendered":"https:\/\/vocesparalelas.com.ar\/sitio\/?p=81018"},"modified":"2024-12-30T17:40:44","modified_gmt":"2024-12-30T20:40:44","slug":"inicio-en-la-arquidiocesis-de-san-juan-de-cuyo-del-ano-santo-2025","status":"publish","type":"post","link":"https:\/\/vocesparalelas.com.ar\/sitio\/inicio-en-la-arquidiocesis-de-san-juan-de-cuyo-del-ano-santo-2025\/","title":{"rendered":"Inicio en la Arquidi\u00f3cesis de San Juan de Cuyo del A\u00f1o Santo 2025"},"content":{"rendered":"<p>En la Iglesia Catedral se desarroll\u00f3 la ceremonia del inicio en la Arquidi\u00f3cesis de San Juan de Cuyo del A\u00f1o Santo 2025.<\/p>\n<figure id=\"attachment_81022\" aria-describedby=\"caption-attachment-81022\" style=\"width: 800px\" class=\"wp-caption alignnone\"><img loading=\"lazy\" decoding=\"async\" class=\"size-full wp-image-81022\" src=\"https:\/\/vocesparalelas.com.ar\/sitio\/wp-content\/uploads\/2024\/12\/MONSENOR-LOZANO-01.jpg\" alt=\"\" width=\"800\" height=\"533\" srcset=\"https:\/\/vocesparalelas.com.ar\/sitio\/wp-content\/uploads\/2024\/12\/MONSENOR-LOZANO-01.jpg 800w, https:\/\/vocesparalelas.com.ar\/sitio\/wp-content\/uploads\/2024\/12\/MONSENOR-LOZANO-01-300x200.jpg 300w, https:\/\/vocesparalelas.com.ar\/sitio\/wp-content\/uploads\/2024\/12\/MONSENOR-LOZANO-01-768x512.jpg 768w\" sizes=\"auto, (max-width: 800px) 100vw, 800px\" \/><figcaption id=\"caption-attachment-81022\" class=\"wp-caption-text\">Arzobispo de San Juan de Cuyo, Monse\u00f1or Jorge Lozano<\/figcaption><\/figure>\n<p>En el momento de la Homilia el Arzobispo de San Juan de Cuyo, Monse\u00f1or Jorge Lozano puntualiz\u00f3 que \u201ciban todos los a\u00f1os a Jerusal\u00e9n en la fiesta de la Pascua\u201d (Lc 2, 41)<\/p>\n<p>El Evangelio nos presenta a la Sagrada Familia en esta dimensi\u00f3n de participaci\u00f3n de las expresiones de la fe de su Pueblo. Peregrinan cada a\u00f1o junto a familiares y vecinos en una caravana que los une a todos (Lc 2, 44) No iban por su cuenta.<\/p>\n<p>Estamos hoy iniciando el Jubileo que nos invita a ser \u201cPeregrinos de la Esperanza\u201d, a ponernos tambi\u00e9n en marcha. Somos convocados a acoger el llamado a la Conversi\u00f3n y la Fiesta, de modo personal y comunitario, simult\u00e1neamente.<\/p>\n<p>El A\u00f1o Santo es ocasi\u00f3n a renovarnos confiados en la misericordia de Dios que siempre (siempre) nos perdona y acoge en su casa. Las par\u00e1bolas de la Misericordia en el cap\u00edtulo 15 del Evangelio de San Lucas nos muestran al Pastor que busca hasta encontrar y al Padre que espera hasta que regrese el hijo. En ninguna de las par\u00e1bolas hay plazos o l\u00edmites en el perd\u00f3n y cargar en los hombros.<\/p>\n<p>En ambas tambi\u00e9n se destaca el aspecto comunitario y familiar: devolver al redil y hacer entrar en la casa para la fiesta.<\/p>\n<p>Estamos todos en la misma barca, y con nosotros est\u00e1 Jes\u00fas (Mc 4, 35-41) Este es otro signo de la Iglesia que navega en este mundo muchas veces convulsionado y desafiante. Digamos con fe, \u201ccon nosotros est\u00e1 Jes\u00fas\u201d. Nadie se salva solo.<\/p>\n<p>\u201cNuestras existencias est\u00e1n en profunda comuni\u00f3n entre s\u00ed, entrelazadas unas con otras a trav\u00e9s de m\u00faltiples interacciones. Nadie vive solo. Ninguno peca solo. Nadie se salva solo. (\u2026) Nuestra esperanza es siempre y esencialmente tambi\u00e9n esperanza para los otros; s\u00f3lo as\u00ed es realmente esperanza tambi\u00e9n para m\u00ed\u201d (Benedicto XVI, Spe Salvi 48)<\/p>\n<p>La esperanza, como la fe, es un don personal y comunitario a la vez. Al renovar el Credo decimos \u201cEsta es nuestra fe, esta es la fe de la Iglesia\u201d. Podemos afirmar tambi\u00e9n \u201cEsta es nuestra esperanza, es la esperanza de la Iglesia\u201d<\/p>\n<p>Como expresamos en el lema que nos viene acompa\u00f1ando desde hace unos a\u00f1os, \u201csomos un pueblo que camina, anuncia y sirve\u201d. El A\u00f1o Santo lo viviremos en el contexto de nuestro Tercer S\u00ednodo en San Juan conscientes de que \u201ceste s\u00ednodo es la obra de todos\u201d (Siervo de Dios Monse\u00f1or Jos\u00e9 Am\u00e9rico Orzali).<br \/>\nPeregrinamos en la comuni\u00f3n de los Santos con quienes ya murieron. Con los que la Iglesia ha declarado Santos para interceder por nosotros y servirnos de modelo de vida evang\u00e9lica; y con quienes sin llegar a\u00fan a la plenitud en Cristo nos sentimos unidos en la fe y el cari\u00f1o. Con ellos tambi\u00e9n compartimos la gracia de las indulgencias.<\/p>\n<p>Nuestra oraci\u00f3n por los difuntos es expresi\u00f3n de la certeza de la comuni\u00f3n y la convicci\u00f3n de que seguimos caminando juntos. Con ellos podemos compartir los tesoros de gracia de la Misericordia de Dios.<\/p>\n<p>La gracia de la indulgencia es un don de la Misericordia de Dios; no es un premio que se gana o se merece por el esfuerzo propio. La indulgencia es un don que se acoge, es un don previo a mi virtud.<\/p>\n<p>En el A\u00f1o Santo estamos llamados a dar testimonio con humildad de ser hijos del Padre Misericordioso, y reproducir sus gestos de ternura y compasi\u00f3n con sus hijos m\u00e1s peque\u00f1os, con los pobres y los que sufren.<\/p>\n<p>Por eso hemos establecido que adem\u00e1s de los Templos designados, se pueda acoger el don de la Indulgencia peregrinando al encuentro de Cristo en los que \u00c9l quiso quedarse (Mt 25) Nos alentaba nuestro Siervo de Dios \u201cHaz el bien, siempre el bien, el mayor bien posible a tu pr\u00f3jimo\u2026 \u00a1Todo por la gloria de Dios!\u201d (Siervo de Dios Monse\u00f1or Jos\u00e9 Am\u00e9rico Orzali).<\/p>\n<p>La vida cristiana es peregrinaci\u00f3n hacia la plenitud, la \u201cvida en abundancia\u201d (Jn 10, 10). Muchas hermanas y hermanos est\u00e1n caminando hoy en medio de un purgatorio e infierno. La vida rota por la exclusi\u00f3n, las adicciones, las diversas formas horrendas de opresi\u00f3n y muerte. A ellos hagamos llegar el consuelo y gestos que alienten la esperanza.<\/p>\n<p>Nos dice Francisco que \u201cNo es casual que la peregrinaci\u00f3n exprese un elemento fundamental de todo acontecimiento jubilar. Ponerse en camino es un gesto t\u00edpico de quienes buscan el sentido de la vida. La peregrinaci\u00f3n a pie favorece mucho el redescubrimiento del valor del silencio, del esfuerzo, de lo esencial.<\/p>\n<p>Tambi\u00e9n el a\u00f1o pr\u00f3ximo los peregrinos de esperanza recorrer\u00e1n caminos antiguos y modernos para vivir intensamente la experiencia jubilar\u201d. (Bula n 5)<\/p>\n<p>Peregrinar es salir de la casa, desinstalarse. Dejar la comodidad de quien encontr\u00f3 en el equilibrio de la mediocridad una vida sin que le salpiquen los cuestionamientos cotidianos.<\/p>\n<p>Seamos \u201cPeregrinos de esperanza\u201d, en la certeza que no seremos defraudados.<\/p>\n<p>+ P Jorge Eduardo Lozano<br \/>\nArzobispo de San Juan de Cuyo<\/p>\n<p><img loading=\"lazy\" decoding=\"async\" class=\"alignnone size-full wp-image-81021\" src=\"https:\/\/vocesparalelas.com.ar\/sitio\/wp-content\/uploads\/2024\/12\/MONSENOR-LOZANO-05.jpg\" alt=\"\" width=\"800\" height=\"533\" srcset=\"https:\/\/vocesparalelas.com.ar\/sitio\/wp-content\/uploads\/2024\/12\/MONSENOR-LOZANO-05.jpg 800w, https:\/\/vocesparalelas.com.ar\/sitio\/wp-content\/uploads\/2024\/12\/MONSENOR-LOZANO-05-300x200.jpg 300w, https:\/\/vocesparalelas.com.ar\/sitio\/wp-content\/uploads\/2024\/12\/MONSENOR-LOZANO-05-768x512.jpg 768w\" sizes=\"auto, (max-width: 800px) 100vw, 800px\" \/><\/p>\n<p><img loading=\"lazy\" decoding=\"async\" class=\"alignnone size-full wp-image-61416\" src=\"https:\/\/vocesparalelas.com.ar\/sitio\/wp-content\/uploads\/2023\/07\/ARZOBISPADO-EDIFICIO.jpg\" alt=\"\" width=\"800\" height=\"600\" srcset=\"https:\/\/vocesparalelas.com.ar\/sitio\/wp-content\/uploads\/2023\/07\/ARZOBISPADO-EDIFICIO.jpg 800w, https:\/\/vocesparalelas.com.ar\/sitio\/wp-content\/uploads\/2023\/07\/ARZOBISPADO-EDIFICIO-300x225.jpg 300w, https:\/\/vocesparalelas.com.ar\/sitio\/wp-content\/uploads\/2023\/07\/ARZOBISPADO-EDIFICIO-768x576.jpg 768w\" sizes=\"auto, (max-width: 800px) 100vw, 800px\" \/><\/p>\n<p>&nbsp;<\/p>\n<p>&nbsp;<\/p>\n","protected":false},"excerpt":{"rendered":"<p>En la Iglesia Catedral se desarroll\u00f3 la ceremonia del inicio en la Arquidi\u00f3cesis de San Juan de Cuyo del A\u00f1o<\/p>\n","protected":false},"author":3,"featured_media":81023,"comment_status":"closed","ping_status":"closed","sticky":false,"template":"","format":"standard","meta":{"_acf_changed":false,"_seopress_robots_primary_cat":"none","_seopress_titles_title":"","_seopress_titles_desc":"","_seopress_robots_index":"","colormag_page_container_layout":"default_layout","colormag_page_sidebar_layout":"default_layout","footnotes":""},"categories":[2],"tags":[],"class_list":["post-81018","post","type-post","status-publish","format-standard","has-post-thumbnail","hentry","category-convocatorias"],"acf":[],"_links":{"self":[{"href":"https:\/\/vocesparalelas.com.ar\/sitio\/wp-json\/wp\/v2\/posts\/81018","targetHints":{"allow":["GET"]}}],"collection":[{"href":"https:\/\/vocesparalelas.com.ar\/sitio\/wp-json\/wp\/v2\/posts"}],"about":[{"href":"https:\/\/vocesparalelas.com.ar\/sitio\/wp-json\/wp\/v2\/types\/post"}],"author":[{"embeddable":true,"href":"https:\/\/vocesparalelas.com.ar\/sitio\/wp-json\/wp\/v2\/users\/3"}],"replies":[{"embeddable":true,"href":"https:\/\/vocesparalelas.com.ar\/sitio\/wp-json\/wp\/v2\/comments?post=81018"}],"version-history":[{"count":1,"href":"https:\/\/vocesparalelas.com.ar\/sitio\/wp-json\/wp\/v2\/posts\/81018\/revisions"}],"predecessor-version":[{"id":81024,"href":"https:\/\/vocesparalelas.com.ar\/sitio\/wp-json\/wp\/v2\/posts\/81018\/revisions\/81024"}],"wp:featuredmedia":[{"embeddable":true,"href":"https:\/\/vocesparalelas.com.ar\/sitio\/wp-json\/wp\/v2\/media\/81023"}],"wp:attachment":[{"href":"https:\/\/vocesparalelas.com.ar\/sitio\/wp-json\/wp\/v2\/media?parent=81018"}],"wp:term":[{"taxonomy":"category","embeddable":true,"href":"https:\/\/vocesparalelas.com.ar\/sitio\/wp-json\/wp\/v2\/categories?post=81018"},{"taxonomy":"post_tag","embeddable":true,"href":"https:\/\/vocesparalelas.com.ar\/sitio\/wp-json\/wp\/v2\/tags?post=81018"}],"curies":[{"name":"wp","href":"https:\/\/api.w.org\/{rel}","templated":true}]}}