{"id":81010,"date":"2024-12-28T22:44:17","date_gmt":"2024-12-29T01:44:17","guid":{"rendered":"https:\/\/vocesparalelas.com.ar\/sitio\/?p=81010"},"modified":"2024-12-30T15:58:15","modified_gmt":"2024-12-30T18:58:15","slug":"esperanza-sin-palabras-vacias","status":"publish","type":"post","link":"https:\/\/vocesparalelas.com.ar\/sitio\/esperanza-sin-palabras-vacias\/","title":{"rendered":"Esperanza sin palabras vac\u00edas"},"content":{"rendered":"<p>Por el Arzobispo de San Juan de Cuyo, Monse\u00f1or Jorge Eduardo Lozano<\/p>\n<p>En estos d\u00edas he visto unas cuantas fotos tomadas en contextos b\u00e9licos en diversas partes del mundo.<\/p>\n<p>Ni\u00f1os llorando en brazos de madres en medio de signos de destrucci\u00f3n; ellas cuidan la vida nueva con coraje y esperanza, aferradas al futuro por venir.<\/p>\n<p>La Noche Buena y la Navidad se viven de manera diferente en los distintos lugares del planeta.<\/p>\n<p>En el llanto de esos ni\u00f1os reconocemos al Ni\u00f1o Jes\u00fas. En esos hogares destruidos por las bombas tambi\u00e9n hay hambre y fr\u00edo, al igual que en tantas familias en el mundo, y en nuestra Patria.<\/p>\n<p>Tambi\u00e9n en ellos reconocemos al Ni\u00f1o Jes\u00fas que no es acogido. Familias desplazadas por la guerra que deben escapar con lo puesto.<\/p>\n<p>Como la Sagrada Familia debi\u00f3 huir a Egipto ante la persecuci\u00f3n.<\/p>\n<p>En la Navidad celebramos el realismo de una familia marginada, como lo fueron Jos\u00e9, Mar\u00eda y el Ni\u00f1o perseguido para ser asesinado por Herodes. La vida de la Sagrada Familia fue complicada y dram\u00e1tica en aquellos tiempos. Sin alojamiento en la posada; y luego huir a Egipto, ser extranjeros y buscar trabajo en una cultura desconocida, el desarraigo.<\/p>\n<p>El clamor de la tierra se suma en este concierto de gritos que quieren que les prestemos atenci\u00f3n. Nos est\u00e1n diciendo \u201caqu\u00ed estoy, mirame, escuchame\u201d.<\/p>\n<p>Me acordaba de una ense\u00f1anza de Francisco: \u201cMar\u00eda quiere parir un mundo nuevo, donde todos seamos hermanos, donde haya lugar para cada descartado de nuestras sociedades, donde resplandezcan la justicia y la paz\u201d. (FT 278)<\/p>\n<p>Hoy estamos comenzando en todas las Di\u00f3cesis del mundo el Jubileo del a\u00f1o 2025, con el lema \u201cPeregrinos de la Esperanza\u201d. Un tiempo de conversi\u00f3n y fiesta simult\u00e1neamente. Me conmovi\u00f3 ver las im\u00e1genes del Papa Francisco abriendo la Puerta Santa de la Bas\u00edlica de San Pedro en su silla de ruedas, golpeando para que le abran. Desde su fragilidad nos toma de la mano y nos introduce en un tiempo de gracia particular. As\u00ed est\u00e1 llamando Jes\u00fas ante nuestro coraz\u00f3n.<\/p>\n<p>El Documento formal de convocatoria al Jubileo se denomina \u201cBula\u201d, y Francisco la ha titulado en lat\u00edn \u201cSpes non confundit\u201d, que significa \u201cla esperanza no quedar\u00e1 defraudada\u201d, frase tomada de la Carta de San Pablo a los Romanos 5, 5. El Santo Padre nos recuerda que \u201cla vida cristiana es un camino, que tambi\u00e9n necesita momentos fuertes para alimentar y robustecer la esperanza, compa\u00f1era insustituible que permite vislumbrar la meta: el encuentro con el Se\u00f1or Jes\u00fas\u201d (Bula n 5).<\/p>\n<p>En esto arraiga la certeza de la esperanza cristiana. Caminamos con un rumbo, una meta. El camino no siempre es apacible y llano. Nos toca experimentar lo arduo. Incluso el peso de los problemas y dolores que enfrentamos. Caminamos juntos, compartimos la vida.<\/p>\n<p>Es deseo del Santo Padre que durante el Jubileo se promuevan gestos de cercan\u00eda y consuelo con quienes m\u00e1s sufren a causa del hambre, la pobreza, la exclusi\u00f3n y todo tipo de dolor.<\/p>\n<p>Por eso hemos establecido en San Juan conceder la Indulgencia Plenaria a quienes realicen una peregrinaci\u00f3n al encuentro de Cristo presente en quienes se hallan en situaciones de pobreza y exclusi\u00f3n (cfr. Mt 25, 34\u201336) y visiten por un tiempo adecuado a los enfermos, encarcelados, ancianos en soledad, casas de recuperaci\u00f3n de adictos a las drogas o al juego, personas con discapacidad.<\/p>\n<p>Tambi\u00e9n a quienes participen en obras de misericordia corporales o espirituales, as\u00ed como a quienes participen de cualquier actividad misionera. A su vez, hay algunos Templos a los cuales peregrinar para alcanzar la gracia jubilar.<\/p>\n<p>El 30 de Diciembre se cumplen 20 a\u00f1os del incendio en Croma\u00f1\u00f3n. Murieron 194 personas, la mayor\u00eda j\u00f3venes. Una consigna se fue instalando: \u201cnos pas\u00f3 a todos\u201d. La herida cicatriza de adentro hacia afuera. Una canci\u00f3n expresa una certeza: \u201cAl final de la vida llegaremos con la herida convertida en cicatriz\u201d.<\/p>\n<p>Empecemos el 2025 con el \u00e1nimo dispuesto a renovarnos en la esperanza.<\/p>\n<p><iframe loading=\"lazy\" title=\"SAN JUAN MONSE\u00d1OR JORGE LOZANO\" width=\"800\" height=\"450\" src=\"https:\/\/www.youtube.com\/embed\/5zovvhBiWhM?feature=oembed\" frameborder=\"0\" allow=\"accelerometer; autoplay; clipboard-write; encrypted-media; gyroscope; picture-in-picture; web-share\" referrerpolicy=\"strict-origin-when-cross-origin\" allowfullscreen><\/iframe><\/p>\n<p>&nbsp;<\/p>\n<p><img loading=\"lazy\" decoding=\"async\" class=\"alignnone size-full wp-image-61416\" src=\"https:\/\/vocesparalelas.com.ar\/sitio\/wp-content\/uploads\/2023\/07\/ARZOBISPADO-EDIFICIO.jpg\" alt=\"\" width=\"800\" height=\"600\" srcset=\"https:\/\/vocesparalelas.com.ar\/sitio\/wp-content\/uploads\/2023\/07\/ARZOBISPADO-EDIFICIO.jpg 800w, https:\/\/vocesparalelas.com.ar\/sitio\/wp-content\/uploads\/2023\/07\/ARZOBISPADO-EDIFICIO-300x225.jpg 300w, https:\/\/vocesparalelas.com.ar\/sitio\/wp-content\/uploads\/2023\/07\/ARZOBISPADO-EDIFICIO-768x576.jpg 768w\" sizes=\"auto, (max-width: 800px) 100vw, 800px\" \/><\/p>\n<p>&nbsp;<\/p>\n<p>&nbsp;<\/p>\n<p>&nbsp;<\/p>\n<p>&nbsp;<\/p>\n","protected":false},"excerpt":{"rendered":"<p>Por el Arzobispo de San Juan de Cuyo, Monse\u00f1or Jorge Eduardo Lozano En estos d\u00edas he visto unas cuantas fotos<\/p>\n","protected":false},"author":3,"featured_media":20281,"comment_status":"closed","ping_status":"closed","sticky":false,"template":"","format":"standard","meta":{"_acf_changed":false,"_seopress_robots_primary_cat":"none","_seopress_titles_title":"","_seopress_titles_desc":"","_seopress_robots_index":"","colormag_page_container_layout":"default_layout","colormag_page_sidebar_layout":"default_layout","footnotes":""},"categories":[10,7],"tags":[],"class_list":["post-81010","post","type-post","status-publish","format-standard","has-post-thumbnail","hentry","category-opiniones","category-videos"],"acf":[],"_links":{"self":[{"href":"https:\/\/vocesparalelas.com.ar\/sitio\/wp-json\/wp\/v2\/posts\/81010","targetHints":{"allow":["GET"]}}],"collection":[{"href":"https:\/\/vocesparalelas.com.ar\/sitio\/wp-json\/wp\/v2\/posts"}],"about":[{"href":"https:\/\/vocesparalelas.com.ar\/sitio\/wp-json\/wp\/v2\/types\/post"}],"author":[{"embeddable":true,"href":"https:\/\/vocesparalelas.com.ar\/sitio\/wp-json\/wp\/v2\/users\/3"}],"replies":[{"embeddable":true,"href":"https:\/\/vocesparalelas.com.ar\/sitio\/wp-json\/wp\/v2\/comments?post=81010"}],"version-history":[{"count":1,"href":"https:\/\/vocesparalelas.com.ar\/sitio\/wp-json\/wp\/v2\/posts\/81010\/revisions"}],"predecessor-version":[{"id":81013,"href":"https:\/\/vocesparalelas.com.ar\/sitio\/wp-json\/wp\/v2\/posts\/81010\/revisions\/81013"}],"wp:featuredmedia":[{"embeddable":true,"href":"https:\/\/vocesparalelas.com.ar\/sitio\/wp-json\/wp\/v2\/media\/20281"}],"wp:attachment":[{"href":"https:\/\/vocesparalelas.com.ar\/sitio\/wp-json\/wp\/v2\/media?parent=81010"}],"wp:term":[{"taxonomy":"category","embeddable":true,"href":"https:\/\/vocesparalelas.com.ar\/sitio\/wp-json\/wp\/v2\/categories?post=81010"},{"taxonomy":"post_tag","embeddable":true,"href":"https:\/\/vocesparalelas.com.ar\/sitio\/wp-json\/wp\/v2\/tags?post=81010"}],"curies":[{"name":"wp","href":"https:\/\/api.w.org\/{rel}","templated":true}]}}