{"id":80993,"date":"2024-12-27T23:46:12","date_gmt":"2024-12-28T02:46:12","guid":{"rendered":"https:\/\/vocesparalelas.com.ar\/sitio\/?p=80993"},"modified":"2024-12-30T13:57:25","modified_gmt":"2024-12-30T16:57:25","slug":"beneficios-2025-para-los-contribuyentes-con-pago-al-dia-del-impuestos-inmobiliario-y-automotor-en-san-juan","status":"publish","type":"post","link":"https:\/\/vocesparalelas.com.ar\/sitio\/beneficios-2025-para-los-contribuyentes-con-pago-al-dia-del-impuestos-inmobiliario-y-automotor-en-san-juan\/","title":{"rendered":"Beneficios 2025 para los contribuyentes con pago al d\u00eda del Impuestos Inmobiliario y Automotor en San Juan"},"content":{"rendered":"<p>La Direcci\u00f3n General de Rentas del gobierno de San Juan &#8211; DGR -, informa que los contribuyentes que est\u00e9n al d\u00eda en el pago de los <strong>impuestos Inmobiliario y Radicaci\u00f3n de Automotores<\/strong>\u00a0al 31 de diciembre de 2024, acceder\u00e1n a un\u00a0<strong>descuento del 15%<\/strong>\u00a0<strong>durante todo el 2025<\/strong>.<\/p>\n<p>El beneficio se aplicar\u00e1 autom\u00e1ticamente en las boletas de ambos impuestos para los contribuyentes que cumplan con los requisitos establecidos.<\/p>\n<p><strong>Facilidades de Pago<\/strong><\/p>\n<p>Para mayor comodidad, las boletas pueden solicitarse y abonarse mediante los siguientes medios:<\/p>\n<p>&#8211; P\u00e1gina web oficial\u00a0<a href=\"https:\/\/rentas.dgrsj.gob.ar\/\"><strong>RENTAS<\/strong><\/a>\u00a0(hacer click)<br \/>\n&#8211; Oficinas habilitadas en Planta Baja del Centro C\u00edvico, delegaciones de Caucete y J\u00e1chal.<br \/>\n&#8211; Puntos de pago en San Juan Servicios.<\/p>\n<p>Se recuerda que pagando en t\u00e9rmino desde la pagina web oficial, se obtendr\u00e1 un beneficio adicional del 10% de descuento.<\/p>\n<p><img loading=\"lazy\" decoding=\"async\" class=\"alignnone size-full wp-image-65642\" src=\"https:\/\/vocesparalelas.com.ar\/sitio\/wp-content\/uploads\/2023\/11\/GOBIERNO-SAN-JUAN.jpg\" alt=\"\" width=\"800\" height=\"600\" srcset=\"https:\/\/vocesparalelas.com.ar\/sitio\/wp-content\/uploads\/2023\/11\/GOBIERNO-SAN-JUAN.jpg 800w, https:\/\/vocesparalelas.com.ar\/sitio\/wp-content\/uploads\/2023\/11\/GOBIERNO-SAN-JUAN-300x225.jpg 300w, https:\/\/vocesparalelas.com.ar\/sitio\/wp-content\/uploads\/2023\/11\/GOBIERNO-SAN-JUAN-768x576.jpg 768w\" sizes=\"auto, (max-width: 800px) 100vw, 800px\" \/><\/p>\n<p>&nbsp;<\/p>\n","protected":false},"excerpt":{"rendered":"<p>La Direcci\u00f3n General de Rentas del gobierno de San Juan &#8211; DGR -, informa que los contribuyentes que est\u00e9n al<\/p>\n","protected":false},"author":3,"featured_media":50159,"comment_status":"closed","ping_status":"closed","sticky":false,"template":"","format":"standard","meta":{"_acf_changed":false,"_seopress_robots_primary_cat":"none","_seopress_titles_title":"","_seopress_titles_desc":"","_seopress_robots_index":"","colormag_page_container_layout":"default_layout","colormag_page_sidebar_layout":"default_layout","footnotes":""},"categories":[5],"tags":[],"class_list":["post-80993","post","type-post","status-publish","format-standard","has-post-thumbnail","hentry","category-ofrecimientos"],"acf":[],"_links":{"self":[{"href":"https:\/\/vocesparalelas.com.ar\/sitio\/wp-json\/wp\/v2\/posts\/80993","targetHints":{"allow":["GET"]}}],"collection":[{"href":"https:\/\/vocesparalelas.com.ar\/sitio\/wp-json\/wp\/v2\/posts"}],"about":[{"href":"https:\/\/vocesparalelas.com.ar\/sitio\/wp-json\/wp\/v2\/types\/post"}],"author":[{"embeddable":true,"href":"https:\/\/vocesparalelas.com.ar\/sitio\/wp-json\/wp\/v2\/users\/3"}],"replies":[{"embeddable":true,"href":"https:\/\/vocesparalelas.com.ar\/sitio\/wp-json\/wp\/v2\/comments?post=80993"}],"version-history":[{"count":1,"href":"https:\/\/vocesparalelas.com.ar\/sitio\/wp-json\/wp\/v2\/posts\/80993\/revisions"}],"predecessor-version":[{"id":80996,"href":"https:\/\/vocesparalelas.com.ar\/sitio\/wp-json\/wp\/v2\/posts\/80993\/revisions\/80996"}],"wp:featuredmedia":[{"embeddable":true,"href":"https:\/\/vocesparalelas.com.ar\/sitio\/wp-json\/wp\/v2\/media\/50159"}],"wp:attachment":[{"href":"https:\/\/vocesparalelas.com.ar\/sitio\/wp-json\/wp\/v2\/media?parent=80993"}],"wp:term":[{"taxonomy":"category","embeddable":true,"href":"https:\/\/vocesparalelas.com.ar\/sitio\/wp-json\/wp\/v2\/categories?post=80993"},{"taxonomy":"post_tag","embeddable":true,"href":"https:\/\/vocesparalelas.com.ar\/sitio\/wp-json\/wp\/v2\/tags?post=80993"}],"curies":[{"name":"wp","href":"https:\/\/api.w.org\/{rel}","templated":true}]}}