{"id":80941,"date":"2024-12-26T22:48:39","date_gmt":"2024-12-27T01:48:39","guid":{"rendered":"https:\/\/vocesparalelas.com.ar\/sitio\/?p=80941"},"modified":"2024-12-28T13:11:15","modified_gmt":"2024-12-28T16:11:15","slug":"los-alumnos-felices-al-recibir-los-certificados-de-las-diplomaturas-de-la-faud-de-la-unsj","status":"publish","type":"post","link":"https:\/\/vocesparalelas.com.ar\/sitio\/los-alumnos-felices-al-recibir-los-certificados-de-las-diplomaturas-de-la-faud-de-la-unsj\/","title":{"rendered":"Los alumnos felices al recibir los certificados de las Diplomaturas de la FAUD de la UNSJ"},"content":{"rendered":"<p>La Facultad de Arquitectura, Urbanismo y Dise\u00f1o de la Universidad Nacional de San Juan entreg\u00f3 los certificados a los alumnos de las Diplomaturas 2024.<\/p>\n<p>En este contexto y en la previa al acto con sentir de conocimiento, Voces Paralelas desarroll\u00f3 una\u00a0 entrevista period\u00edstica al Decano de la FAUD de la UNSJ, Arq. Guillermo Velasco, quien describi\u00f3 La importancia de brindar capacitaciones a los interesados para fortalecer sus intereses.<\/p>\n<p><iframe loading=\"lazy\" title=\"FAUD UNSJ DECANO ARQ. GUILLERMO VELASCO\" width=\"800\" height=\"450\" src=\"https:\/\/www.youtube.com\/embed\/wCcrcBFdwJk?feature=oembed\" frameborder=\"0\" allow=\"accelerometer; autoplay; clipboard-write; encrypted-media; gyroscope; picture-in-picture; web-share\" referrerpolicy=\"strict-origin-when-cross-origin\" allowfullscreen><\/iframe><\/p>\n<p><img loading=\"lazy\" decoding=\"async\" class=\"alignnone size-full wp-image-80946\" src=\"https:\/\/vocesparalelas.com.ar\/sitio\/wp-content\/uploads\/2024\/12\/FAUD-CERTIFICADOS-DIPLOMATURA-04.jpg\" alt=\"\" width=\"800\" height=\"533\" srcset=\"https:\/\/vocesparalelas.com.ar\/sitio\/wp-content\/uploads\/2024\/12\/FAUD-CERTIFICADOS-DIPLOMATURA-04.jpg 800w, https:\/\/vocesparalelas.com.ar\/sitio\/wp-content\/uploads\/2024\/12\/FAUD-CERTIFICADOS-DIPLOMATURA-04-300x200.jpg 300w, https:\/\/vocesparalelas.com.ar\/sitio\/wp-content\/uploads\/2024\/12\/FAUD-CERTIFICADOS-DIPLOMATURA-04-768x512.jpg 768w\" sizes=\"auto, (max-width: 800px) 100vw, 800px\" \/><\/p>\n<p>Luego, la Vicedecana de la FAUD de la UNSJ, Dra. Natalia Sevilla Posleman, quien destac\u00f3 el trabajo que se viene realizando hacia el camino de la creaci\u00f3n de la carrera de grado Producci\u00f3n de Indumentaria tan solicitada para esta comunidad.<\/p>\n<p><iframe loading=\"lazy\" title=\"FAUD UNSJ VICEDECANA DRA NATALIA SEVILLA POSLEMAN\" width=\"800\" height=\"450\" src=\"https:\/\/www.youtube.com\/embed\/OIootW1ZjxA?feature=oembed\" frameborder=\"0\" allow=\"accelerometer; autoplay; clipboard-write; encrypted-media; gyroscope; picture-in-picture; web-share\" referrerpolicy=\"strict-origin-when-cross-origin\" allowfullscreen><\/iframe><\/p>\n<p><img loading=\"lazy\" decoding=\"async\" class=\"alignnone size-full wp-image-80947\" src=\"https:\/\/vocesparalelas.com.ar\/sitio\/wp-content\/uploads\/2024\/12\/FAUD-CERTIFICADOS-DIPLOMATURA-05.jpg\" alt=\"\" width=\"800\" height=\"533\" srcset=\"https:\/\/vocesparalelas.com.ar\/sitio\/wp-content\/uploads\/2024\/12\/FAUD-CERTIFICADOS-DIPLOMATURA-05.jpg 800w, https:\/\/vocesparalelas.com.ar\/sitio\/wp-content\/uploads\/2024\/12\/FAUD-CERTIFICADOS-DIPLOMATURA-05-300x200.jpg 300w, https:\/\/vocesparalelas.com.ar\/sitio\/wp-content\/uploads\/2024\/12\/FAUD-CERTIFICADOS-DIPLOMATURA-05-768x512.jpg 768w\" sizes=\"auto, (max-width: 800px) 100vw, 800px\" \/><\/p>\n<p>Posteriormente, la Vicedecana de la FAUD de la UNSJ, Dra. Natalia Sevilla Posleman, explic\u00f3 lo que significa capacitarse en lo que te gusta y se sum\u00f3 como alumna de la Diplomatura en Ilustraci\u00f3n.<\/p>\n<p><iframe loading=\"lazy\" title=\"FAUD UNSJ VICEDECANA DRA NATALIA SEVILLA POSLEMAN\" width=\"800\" height=\"450\" src=\"https:\/\/www.youtube.com\/embed\/aC6IWWscrug?feature=oembed\" frameborder=\"0\" allow=\"accelerometer; autoplay; clipboard-write; encrypted-media; gyroscope; picture-in-picture; web-share\" referrerpolicy=\"strict-origin-when-cross-origin\" allowfullscreen><\/iframe><\/p>\n<p>&nbsp;<\/p>\n<p>Ellas fueron dise\u00f1adas para responder a las demandas de un contexto en constante transformaci\u00f3n. con la finalidad de ofrecer una formaci\u00f3n acorde a temas reales, propiciando dar respuestas de calidad, buscando dar las herramientas necesarias para afrontar los desaf\u00edos de la innovaci\u00f3n y el vertiginoso avance tecnol\u00f3gico que caracterizan nuestro tiempo.<\/p>\n<p>Por ello, la FAUD de la UNSJ junto a la Academia de Ilustraci\u00f3n Hamsterboys y la Asociaci\u00f3n de Dibujantes Argentinos \u2013 Ada &#8211; Sede San Juan, desarrollaron la 1\u00b0 Diplomatura en Ilustraci\u00f3n de San Juan.<br \/>\nLa propuesta educativa es un servicio de extensi\u00f3n que ofrece la Unidad Acad\u00e9mica cuyos objetivos:<\/p>\n<ul>\n<li>Profesionalizar el arte de ilustrar, transform\u00e1ndolo en una herramienta fundamental para dise\u00f1adores, artistas visuales y comunicadores.<\/li>\n<li>Aportar nuevos conocimientos y perspectivas para el desarrollo profesional con una visi\u00f3n integradora, otorgando al ilustrador, herramientas necesarias para desarrollarse en el campo de la comunicaci\u00f3n visual.<\/li>\n<li>Educar desde responsabilidad social y las buenas pr\u00e1cticas profesionales.<\/li>\n<li>Tener la capacidad de responder a necesidades que demande la industria<br \/>\nRasgo fundamental, est\u00e1 inmersa en los aspectos de la vida social de San Juan, con aportes de referentes locales y nacionales.<\/li>\n<\/ul>\n<p>Es transversal a los temas y \u00e1mbitos: cultural, comercial, pol\u00edtico, cient\u00edfico, infantil, religioso, t\u00e9cnico, institucional, humor\u00edstico, etc. y puede encontrarse en infinidad de formatos y aplicaciones.<\/p>\n<p>En representaci\u00f3n de los alumnos de la 1\u00b0 Diplomatura en Ilustraci\u00f3n de San Juan al Esp. DIG Dra. Natalia Sevilla Posleman, que a su vez, es la vicedecana de la FAUD de la UNSJ, se convirti\u00f3 en un ejemplo a seguir.<\/p>\n<p><iframe loading=\"lazy\" title=\"FAUD UNSJ VICEDECANA DRA NATALIA SEVILLA POSLEMAN\" width=\"800\" height=\"450\" src=\"https:\/\/www.youtube.com\/embed\/FPCZWzcxhGo?feature=oembed\" frameborder=\"0\" allow=\"accelerometer; autoplay; clipboard-write; encrypted-media; gyroscope; picture-in-picture; web-share\" referrerpolicy=\"strict-origin-when-cross-origin\" allowfullscreen><\/iframe><\/p>\n<p>&nbsp;<\/p>\n<p>Luego, se entregaron los certificados de los alumnos de la 1\u00b0 Diplomatura de Ilustraci\u00f3n: Zulma Valeria Ag\u00fcero, Sof\u00eda Giuliana Aguilar Ag\u00fcero, Nikol Estefan\u00eda Arismendi Jeldez, Gabriela Ver\u00f3nica Arrieta, Luis Agust\u00edn Avarca Riveros, Ana Evelyn Bernales Sopr\u00fan, Mar\u00eda Caterina Correa Romano, Mat\u00edas Alejandro Cruz, Dina Betsabe Cuello, Agust\u00edn Federico Cueto Gonz\u00e1lez, Gabriela Marisa Gelvez Cabrera, Arcelia Dayana Gelvez Olivares, Arcelia Denise Gelvez Olivares, Mauricio Ad\u00e1n Godoy, Marcela Gonz\u00e1lez, Ver\u00f3nica Yamila Guti\u00e9rrez Lagoria, Maximiliano Sebasti\u00e1n L\u00f3pez Jofr\u00e9, Paula Martina Mercado Galdeano, Luciana Roc\u00edo Molina Gim\u00e9nez, Daniela Ximena Mor\u00f3n, Lucas Ezequiel Perona Rubi\u00f1o, Abril Alejandra Pintor Nozica, Mar\u00eda Martina Quiroga Lucero, Mar\u00eda Jes\u00fas Raverta Murcia, Mara Yasm\u00edn Rodr\u00edguez, Carla Luc\u00eda Rodr\u00edguez S\u00e1nchez, Gabriela Vanesa Rosales Bravo, Delfina Bel\u00e9n Saball Mestre, Natalia Vanina Sevilla Posleman, Agust\u00edn Vega Riveras, Leonardo Miguel Villena,<\/p>\n<p>Alumnos que aprobaron una parte<\/p>\n<p>M\u00f3dulo I Primera Parte: Dibujo: Macarena Dom\u00ednguez,<\/p>\n<p>M\u00f3dulo I Segunda Parte: Acuarelas: Elina Borcosque, Ana Laura Moreno<\/p>\n<p>M\u00f3dulo I Dibujo y Acuarelas: Marcela Gonz\u00e1lez<\/p>\n<p>M\u00f3dulo I Dibujo y M\u00f3dulo II Campa\u00f1a: Constanza Natasha Ramirez Villalobos<\/p>\n<p>M\u00f3dulo I Dibujo y Acuarelas y M\u00f3dulo II Campa\u00f1a: Gustavo Adolfo Palacio<\/p>\n<p>M\u00f3dulo II Pintado Digital y Campa\u00f1a: Lorena Beatriz Quiroga, Rodrigo Nahuel Suesa Herrera<\/p>\n<p>Diplomatura en Sustentabilidad Aplicada a la Producci\u00f3n de Indumentaria.<\/p>\n<p>En la actualidad, es fundamental reflexionar sobre la importancia de una vida sustentable. el cambio clim\u00e1tico, la contaminaci\u00f3n del aire, la p\u00e9rdida de biodiversidad y la degradaci\u00f3n del suelo son solo algunas de las consecuencias negativas que estamos experimentando debido a nuestro estilo de vida insostenible.<\/p>\n<p>La importancia de una vida sustentable radica en la necesidad de preservar los recursos naturales y garantizar un futuro sostenible para las pr\u00f3ximas generaciones. para lograr esto, es imprescindible que todos asumamos la responsabilidad de reducir nuestro impacto ambiental y adoptar pr\u00e1cticas m\u00e1s sostenibles.<\/p>\n<p>Adem\u00e1s de contribuir al cuidado del medio ambiente, una vida sustentable tambi\u00e9n puede tener un impacto positivo en nuestra salud y bienestar.<\/p>\n<p>En esta diplomatura se trasmiti\u00f3, todo el sistema de moda \u00e9tica, responsable con el medio ambiente, econom\u00eda circular y un sistema de moda sostenible para emprender de manera sustentable.<\/p>\n<p>Comprender el sistema moda desde un pensamiento global buscando soluciones morales y \u00e9ticas. replantear nuestros modelos de bienestar, incrementar la participaci\u00f3n de los usuarios y volver la mirada hacia la naturaleza.<\/p>\n<p>Se entregaron los certificados a los diplomados Gabriela Andrea Albanesi, Ana Alcober, Roc\u00edo Benegas, Eugenia Bravo, Mar\u00eda Bel\u00e9n Bretillot, Lorena Calder\u00f3n, Andrea Casas, Andrea Beatriz Cuello Pereyra, Facundo Damiani, Sonia M\u00f3nica Fernandez, Maira Garay, Johana Garc\u00eda, Julio G\u00f3mez, Florencia Gonzalez, Romina Paola Heredia, Leonor Estela Martinez, Ana Lourdes Mu\u00f1oz, Luz Mar\u00eda Ramirez Perez, Maria Fernanda Salinas, Rosana Analia Tejada Zarate, Florencia Tejada, Paula Torres, Carolina Vejarano Ortega, Daniela Vitale,<\/p>\n<p>M\u00f3dulo Chaqueta DIY: Guadalupe Acosta, Silvana Beinotti, Agustina Bel\u00e9n Caseres, Viviana Marcela Gonzales, Martina Orellano, Celia Rodr\u00edguez, Gabriela Rodr\u00edguez, Laura Carina Quintero,<\/p>\n<p><img loading=\"lazy\" decoding=\"async\" class=\"alignnone size-full wp-image-80948\" src=\"https:\/\/vocesparalelas.com.ar\/sitio\/wp-content\/uploads\/2024\/12\/FAUD-CERTIFICADOS-DIPLOMATURA-06.jpg\" alt=\"\" width=\"800\" height=\"533\" srcset=\"https:\/\/vocesparalelas.com.ar\/sitio\/wp-content\/uploads\/2024\/12\/FAUD-CERTIFICADOS-DIPLOMATURA-06.jpg 800w, https:\/\/vocesparalelas.com.ar\/sitio\/wp-content\/uploads\/2024\/12\/FAUD-CERTIFICADOS-DIPLOMATURA-06-300x200.jpg 300w, https:\/\/vocesparalelas.com.ar\/sitio\/wp-content\/uploads\/2024\/12\/FAUD-CERTIFICADOS-DIPLOMATURA-06-768x512.jpg 768w\" sizes=\"auto, (max-width: 800px) 100vw, 800px\" \/><\/p>\n<p><iframe loading=\"lazy\" title=\"FAUD UNSJ DISE\u00d1O DE INDUMENTARIA\" width=\"800\" height=\"450\" src=\"https:\/\/www.youtube.com\/embed\/3HIR03zKwNs?feature=oembed\" frameborder=\"0\" allow=\"accelerometer; autoplay; clipboard-write; encrypted-media; gyroscope; picture-in-picture; web-share\" referrerpolicy=\"strict-origin-when-cross-origin\" allowfullscreen><\/iframe><\/p>\n<p><img loading=\"lazy\" decoding=\"async\" class=\"alignnone size-full wp-image-80945\" src=\"https:\/\/vocesparalelas.com.ar\/sitio\/wp-content\/uploads\/2024\/12\/FAUD-CERTIFICADOS-DIPLOMATURA-02.jpg\" alt=\"\" width=\"800\" height=\"533\" srcset=\"https:\/\/vocesparalelas.com.ar\/sitio\/wp-content\/uploads\/2024\/12\/FAUD-CERTIFICADOS-DIPLOMATURA-02.jpg 800w, https:\/\/vocesparalelas.com.ar\/sitio\/wp-content\/uploads\/2024\/12\/FAUD-CERTIFICADOS-DIPLOMATURA-02-300x200.jpg 300w, https:\/\/vocesparalelas.com.ar\/sitio\/wp-content\/uploads\/2024\/12\/FAUD-CERTIFICADOS-DIPLOMATURA-02-768x512.jpg 768w\" sizes=\"auto, (max-width: 800px) 100vw, 800px\" \/><\/p>\n<p><img loading=\"lazy\" decoding=\"async\" class=\"alignnone size-full wp-image-43789\" src=\"https:\/\/vocesparalelas.com.ar\/sitio\/wp-content\/uploads\/2021\/11\/FAUD-LOGO-NUEVO.jpg\" alt=\"\" width=\"800\" height=\"533\" srcset=\"https:\/\/vocesparalelas.com.ar\/sitio\/wp-content\/uploads\/2021\/11\/FAUD-LOGO-NUEVO.jpg 800w, https:\/\/vocesparalelas.com.ar\/sitio\/wp-content\/uploads\/2021\/11\/FAUD-LOGO-NUEVO-300x200.jpg 300w, https:\/\/vocesparalelas.com.ar\/sitio\/wp-content\/uploads\/2021\/11\/FAUD-LOGO-NUEVO-768x512.jpg 768w\" sizes=\"auto, (max-width: 800px) 100vw, 800px\" \/><\/p>\n<p>&nbsp;<\/p>\n<p>&nbsp;<\/p>\n","protected":false},"excerpt":{"rendered":"<p>La Facultad de Arquitectura, Urbanismo y Dise\u00f1o de la Universidad Nacional de San Juan entreg\u00f3 los certificados a los alumnos<\/p>\n","protected":false},"author":3,"featured_media":80944,"comment_status":"closed","ping_status":"closed","sticky":false,"template":"","format":"standard","meta":{"_acf_changed":false,"_seopress_robots_primary_cat":"none","_seopress_titles_title":"","_seopress_titles_desc":"","_seopress_robots_index":"","colormag_page_container_layout":"default_layout","colormag_page_sidebar_layout":"default_layout","footnotes":""},"categories":[9,7],"tags":[],"class_list":["post-80941","post","type-post","status-publish","format-standard","has-post-thumbnail","hentry","category-cursos","category-videos"],"acf":[],"_links":{"self":[{"href":"https:\/\/vocesparalelas.com.ar\/sitio\/wp-json\/wp\/v2\/posts\/80941","targetHints":{"allow":["GET"]}}],"collection":[{"href":"https:\/\/vocesparalelas.com.ar\/sitio\/wp-json\/wp\/v2\/posts"}],"about":[{"href":"https:\/\/vocesparalelas.com.ar\/sitio\/wp-json\/wp\/v2\/types\/post"}],"author":[{"embeddable":true,"href":"https:\/\/vocesparalelas.com.ar\/sitio\/wp-json\/wp\/v2\/users\/3"}],"replies":[{"embeddable":true,"href":"https:\/\/vocesparalelas.com.ar\/sitio\/wp-json\/wp\/v2\/comments?post=80941"}],"version-history":[{"count":3,"href":"https:\/\/vocesparalelas.com.ar\/sitio\/wp-json\/wp\/v2\/posts\/80941\/revisions"}],"predecessor-version":[{"id":80951,"href":"https:\/\/vocesparalelas.com.ar\/sitio\/wp-json\/wp\/v2\/posts\/80941\/revisions\/80951"}],"wp:featuredmedia":[{"embeddable":true,"href":"https:\/\/vocesparalelas.com.ar\/sitio\/wp-json\/wp\/v2\/media\/80944"}],"wp:attachment":[{"href":"https:\/\/vocesparalelas.com.ar\/sitio\/wp-json\/wp\/v2\/media?parent=80941"}],"wp:term":[{"taxonomy":"category","embeddable":true,"href":"https:\/\/vocesparalelas.com.ar\/sitio\/wp-json\/wp\/v2\/categories?post=80941"},{"taxonomy":"post_tag","embeddable":true,"href":"https:\/\/vocesparalelas.com.ar\/sitio\/wp-json\/wp\/v2\/tags?post=80941"}],"curies":[{"name":"wp","href":"https:\/\/api.w.org\/{rel}","templated":true}]}}