{"id":80933,"date":"2024-12-26T19:04:58","date_gmt":"2024-12-26T22:04:58","guid":{"rendered":"https:\/\/vocesparalelas.com.ar\/sitio\/?p=80933"},"modified":"2024-12-27T23:48:30","modified_gmt":"2024-12-28T02:48:30","slug":"sesion-extraordinaria-de-la-asamblea-universitaria-de-la-unsj","status":"publish","type":"post","link":"https:\/\/vocesparalelas.com.ar\/sitio\/sesion-extraordinaria-de-la-asamblea-universitaria-de-la-unsj\/","title":{"rendered":"Sesi\u00f3n Extraordinaria de la Asamblea Universitaria de la UNSJ"},"content":{"rendered":"<p>El Jueves,\u00a0 26 de Diciembre de 2024, en el Hall del Edificio Central de la Universidad Nacional de San Juan con m\u00e1s de 80 asamble\u00edstas presentes, se\u00a0 desarroll\u00f3 la sesi\u00f3n Extraordinaria de la Asamblea Universitaria,<\/p>\n<p>El motivo fue cumplir con la convocatoria del Consejo Superior de la UNSJ en relaci\u00f3n al pedido de destituci\u00f3n al decano de la Facultad de Ciencias Exactas, F\u00edsicas y Naturales de la UNSJ,\u00a0 Ing. Rofolfo Bloch.<\/p>\n<p>Luego, de leer en forma completa la convocatoria del Consejo Superior, el presidente de la Asamblea y rector de la UNSJ, Ing. Tadeo Berenguer, explic\u00f3 que ante la \u201crenuncia indeclinable\u201d al cargo del decano, presentaci\u00f3n realizada ante el Consejo Directivo de la FCEFN de la UNSJ, correspond\u00eda a los asamble\u00edstas tomar conocimiento, dado que el asunto \u201cdevino en abstracto\u201d.<\/p>\n<p>Luego, de algunos intercambios que insumieron poco m\u00e1s de 30 minutos, los asamble\u00edstas expresaron a mano alzada su acuerdo con lo informado, luego de lo cual se dio por finalizada la Asamblea Universitaria.<\/p>\n<blockquote class=\"wp-embedded-content\" data-secret=\"dclNYmY2FZ\"><p><a href=\"https:\/\/vocesparalelas.com.ar\/sitio\/asumio-la-dra-natalia-nunez-al-cargo-vacante-de-decana-de-la-fcefn-de-la-unsj\/\">Asumi\u00f3 la Dra. Natalia Nu\u00f1ez al cargo vacante de Decana de la FCEFN de la UNSJ<\/a><\/p><\/blockquote>\n<p><iframe loading=\"lazy\" class=\"wp-embedded-content\" sandbox=\"allow-scripts\" security=\"restricted\" style=\"position: absolute; visibility: hidden;\" title=\"\u00abAsumi\u00f3 la Dra. Natalia Nu\u00f1ez al cargo vacante de Decana de la FCEFN de la UNSJ\u00bb \u2014 Voces Paralelas\" src=\"https:\/\/vocesparalelas.com.ar\/sitio\/asumio-la-dra-natalia-nunez-al-cargo-vacante-de-decana-de-la-fcefn-de-la-unsj\/embed\/#?secret=ZQWKi7v5zM#?secret=dclNYmY2FZ\" data-secret=\"dclNYmY2FZ\" width=\"600\" height=\"338\" frameborder=\"0\" marginwidth=\"0\" marginheight=\"0\" scrolling=\"no\"><\/iframe><\/p>\n<p><img loading=\"lazy\" decoding=\"async\" class=\"alignnone size-full wp-image-54035\" src=\"https:\/\/vocesparalelas.com.ar\/sitio\/wp-content\/uploads\/2022\/11\/UNSJ-LOGO-10.jpg\" alt=\"\" width=\"800\" height=\"533\" srcset=\"https:\/\/vocesparalelas.com.ar\/sitio\/wp-content\/uploads\/2022\/11\/UNSJ-LOGO-10.jpg 800w, https:\/\/vocesparalelas.com.ar\/sitio\/wp-content\/uploads\/2022\/11\/UNSJ-LOGO-10-300x200.jpg 300w, https:\/\/vocesparalelas.com.ar\/sitio\/wp-content\/uploads\/2022\/11\/UNSJ-LOGO-10-768x512.jpg 768w\" sizes=\"auto, (max-width: 800px) 100vw, 800px\" \/><\/p>\n","protected":false},"excerpt":{"rendered":"<p>El Jueves,\u00a0 26 de Diciembre de 2024, en el Hall del Edificio Central de la Universidad Nacional de San Juan<\/p>\n","protected":false},"author":3,"featured_media":80936,"comment_status":"closed","ping_status":"closed","sticky":false,"template":"","format":"standard","meta":{"_acf_changed":false,"_seopress_robots_primary_cat":"none","_seopress_titles_title":"","_seopress_titles_desc":"","_seopress_robots_index":"","colormag_page_container_layout":"default_layout","colormag_page_sidebar_layout":"default_layout","footnotes":""},"categories":[10],"tags":[],"class_list":["post-80933","post","type-post","status-publish","format-standard","has-post-thumbnail","hentry","category-opiniones"],"acf":[],"_links":{"self":[{"href":"https:\/\/vocesparalelas.com.ar\/sitio\/wp-json\/wp\/v2\/posts\/80933","targetHints":{"allow":["GET"]}}],"collection":[{"href":"https:\/\/vocesparalelas.com.ar\/sitio\/wp-json\/wp\/v2\/posts"}],"about":[{"href":"https:\/\/vocesparalelas.com.ar\/sitio\/wp-json\/wp\/v2\/types\/post"}],"author":[{"embeddable":true,"href":"https:\/\/vocesparalelas.com.ar\/sitio\/wp-json\/wp\/v2\/users\/3"}],"replies":[{"embeddable":true,"href":"https:\/\/vocesparalelas.com.ar\/sitio\/wp-json\/wp\/v2\/comments?post=80933"}],"version-history":[{"count":4,"href":"https:\/\/vocesparalelas.com.ar\/sitio\/wp-json\/wp\/v2\/posts\/80933\/revisions"}],"predecessor-version":[{"id":80940,"href":"https:\/\/vocesparalelas.com.ar\/sitio\/wp-json\/wp\/v2\/posts\/80933\/revisions\/80940"}],"wp:featuredmedia":[{"embeddable":true,"href":"https:\/\/vocesparalelas.com.ar\/sitio\/wp-json\/wp\/v2\/media\/80936"}],"wp:attachment":[{"href":"https:\/\/vocesparalelas.com.ar\/sitio\/wp-json\/wp\/v2\/media?parent=80933"}],"wp:term":[{"taxonomy":"category","embeddable":true,"href":"https:\/\/vocesparalelas.com.ar\/sitio\/wp-json\/wp\/v2\/categories?post=80933"},{"taxonomy":"post_tag","embeddable":true,"href":"https:\/\/vocesparalelas.com.ar\/sitio\/wp-json\/wp\/v2\/tags?post=80933"}],"curies":[{"name":"wp","href":"https:\/\/api.w.org\/{rel}","templated":true}]}}