{"id":80901,"date":"2024-12-25T15:40:26","date_gmt":"2024-12-25T18:40:26","guid":{"rendered":"https:\/\/vocesparalelas.com.ar\/sitio\/?p=80901"},"modified":"2024-12-27T01:22:56","modified_gmt":"2024-12-27T04:22:56","slug":"paz-al-mundo-y-bendiciones-de-deseo-de-navidad-2024-del-papa-francisco","status":"publish","type":"post","link":"https:\/\/vocesparalelas.com.ar\/sitio\/paz-al-mundo-y-bendiciones-de-deseo-de-navidad-2024-del-papa-francisco\/","title":{"rendered":"Paz al Mundo y Bendiciones de deseo de Navidad 2024 del Papa Francisco"},"content":{"rendered":"<p>El 25 de Diciembre\u00bbde 2024, el Papa Francisco en la Plaza Vaticano, Roma, Italia pronunci\u00f3 el tradicional mensaje de Navidad.<\/p>\n<p>En esta oportunidad bas\u00f3 sus fundamentos en La Paz del mundo con el di\u00e1logo y compromiso y la Bendici\u00f3na navide\u00f1a a la comunidad del mundo bajo el respeto a la dignidad del otro.<\/p>\n<p>\u00abVemos a Jes\u00fas en todos los ni\u00f1os de aquellas zonas del mundo donde la paz y la seguridad se ven amenazadas por el peligro de las tensiones y de los nuevos conflictos.<strong>\u00a0Recemos para que en la pen\u00ednsula coreana se superen los antagonismos<\/strong>\u00a0y aumente la confianza mutua por el bien de todo el mundo.\u00a0<strong>Confiamos Venezuela al Ni\u00f1o Jes\u00fas<\/strong>\u00a0para que se pueda retomar un di\u00e1logo sereno entre los diversos componentes sociales por el bien de todo el querido pueblo venezolano. Vemos a Jes\u00fas en los ni\u00f1os que, junto con sus familias,\u00a0<strong>sufren la violencia del conflicto en Ucrania<\/strong>, y sus graves repercusiones humanitarias, y recemos para que, cuanto antes, el Se\u00f1or conceda la paz a ese querido pa\u00eds\u00bb.<\/p>\n<div class=\"sc-80531b6b-0 chRIGJ container-text text-embed\">\n<p>\u00ab<strong>Vemos a Jes\u00fas en los ni\u00f1os cuyos padres no tienen trabajo<\/strong>\u00a0y con gran esfuerzo intentan ofrecer a sus hijos un futuro seguro y pac\u00edfico. Y en aquellos cuya infancia fue robada, obligados a trabajar desde una edad temprana o alistados como soldados mercenarios sin escr\u00fapulos\u00bb.<\/p>\n<p><iframe loading=\"lazy\" title=\"Mensaje navide\u00f1o y Bendici\u00f3n Urbi et Orbi del Papa Francisco 25 de diciembre del 2024\" width=\"800\" height=\"450\" src=\"https:\/\/www.youtube.com\/embed\/BZ6-WcRib94?feature=oembed\" frameborder=\"0\" allow=\"accelerometer; autoplay; clipboard-write; encrypted-media; gyroscope; picture-in-picture; web-share\" referrerpolicy=\"strict-origin-when-cross-origin\" allowfullscreen><\/iframe><\/p>\n<\/div>\n<div class=\"sc-80531b6b-0 chRIGJ container-text text-embed\">\n<p>\u00abVemos a Jes\u00fas en tantos ni\u00f1os obligados a abandonar sus pa\u00edses, a viajar solos en condiciones inhumanas, siendo f\u00e1cil presa para los traficantes de personas. En sus ojos vemos el drama de tantos emigrantes forzosos que arriesgan incluso sus vidas para emprender viajes agotadores que muchas veces terminan en una tragedia.<strong>\u00a0Veo a Jes\u00fas en los ni\u00f1os\u00a0<\/strong>que he encontrado durante mi \u00faltimo viaje a\u00a0<strong>Myanmar y Bangladesh<\/strong>, y espero que la comunidad internacional no deje de trabajar para que se tutele adecuadamente la dignidad de las minor\u00edas que habitan en la Regi\u00f3n. Jes\u00fas conoce bien el dolor de no ser acogido y la dificultad de no tener un lugar donde reclinar la cabeza. Que nuestros corazones no est\u00e9n cerrados como las casas de Bel\u00e9n\u00bb.<\/p>\n<p>\u00abQueridos hermanos y hermanas\u00bb:<\/p>\n<div class=\"sc-80531b6b-0 chRIGJ container-text text-embed\">\n<p>\u00abTambi\u00e9n a nosotros se nos ha dado una se\u00f1al de Navidad: \u00abUn ni\u00f1o envuelto en pa\u00f1ales\u00bb\u00a0(Lc 2,12). Como la Virgen Mar\u00eda y San Jos\u00e9, y los pastores de Bel\u00e9n, acojamos en el Ni\u00f1o Jes\u00fas el amor de Dios hecho hombre por nosotros, y esforc\u00e9monos, con su gracia, para hacer que nuestro mundo sea m\u00e1s humano, m\u00e1s digno de los ni\u00f1os de hoy y de ma\u00f1ana\u00bb.<\/p>\n<\/div>\n<div class=\"sc-80531b6b-0 chRIGJ container-text text-embed\">\n<p>\u00abA vosotros queridos hermanos y hermanas, llegados a esta plaza de todas las partes del mundo, y a cuantos os un\u00eds desde diversos pa\u00edses por medio de la radio, la televisi\u00f3n y otros medios de comunicaci\u00f3n, os dirijo mi cordial felicitaci\u00f3n\u00bb.<\/p>\n<\/div>\n<div class=\"sc-80531b6b-0 chRIGJ container-text text-embed\">\n<p>\u00abQue el nacimiento de Cristo Salvador renueve los corazones, suscite el deseo de construir un futuro m\u00e1s fraterno y solidario, y traiga a todos alegr\u00eda y esperanza.\u00a0<strong>Feliz Navidad<\/strong>\u00ab.<\/p>\n<p><img loading=\"lazy\" decoding=\"async\" class=\"alignnone size-large wp-image-17519\" src=\"https:\/\/vocesparalelas.com.ar\/sitio\/wp-content\/uploads\/2018\/12\/ANGELES-DE-NAVIDAD-800x515.jpg\" alt=\"\" width=\"800\" height=\"515\" srcset=\"https:\/\/vocesparalelas.com.ar\/sitio\/wp-content\/uploads\/2018\/12\/ANGELES-DE-NAVIDAD-800x515.jpg 800w, https:\/\/vocesparalelas.com.ar\/sitio\/wp-content\/uploads\/2018\/12\/ANGELES-DE-NAVIDAD-300x193.jpg 300w, https:\/\/vocesparalelas.com.ar\/sitio\/wp-content\/uploads\/2018\/12\/ANGELES-DE-NAVIDAD-768x495.jpg 768w, https:\/\/vocesparalelas.com.ar\/sitio\/wp-content\/uploads\/2018\/12\/ANGELES-DE-NAVIDAD.jpg 1000w\" sizes=\"auto, (max-width: 800px) 100vw, 800px\" \/><\/p>\n<p>&nbsp;<\/p>\n<\/div>\n<\/div>\n","protected":false},"excerpt":{"rendered":"<p>El 25 de Diciembre\u00bbde 2024, el Papa Francisco en la Plaza Vaticano, Roma, Italia pronunci\u00f3 el tradicional mensaje de Navidad.<\/p>\n","protected":false},"author":3,"featured_media":80904,"comment_status":"closed","ping_status":"closed","sticky":false,"template":"","format":"standard","meta":{"_acf_changed":false,"_seopress_robots_primary_cat":"none","_seopress_titles_title":"","_seopress_titles_desc":"","_seopress_robots_index":"","colormag_page_container_layout":"default_layout","colormag_page_sidebar_layout":"default_layout","footnotes":""},"categories":[10,7],"tags":[],"class_list":["post-80901","post","type-post","status-publish","format-standard","has-post-thumbnail","hentry","category-opiniones","category-videos"],"acf":[],"_links":{"self":[{"href":"https:\/\/vocesparalelas.com.ar\/sitio\/wp-json\/wp\/v2\/posts\/80901","targetHints":{"allow":["GET"]}}],"collection":[{"href":"https:\/\/vocesparalelas.com.ar\/sitio\/wp-json\/wp\/v2\/posts"}],"about":[{"href":"https:\/\/vocesparalelas.com.ar\/sitio\/wp-json\/wp\/v2\/types\/post"}],"author":[{"embeddable":true,"href":"https:\/\/vocesparalelas.com.ar\/sitio\/wp-json\/wp\/v2\/users\/3"}],"replies":[{"embeddable":true,"href":"https:\/\/vocesparalelas.com.ar\/sitio\/wp-json\/wp\/v2\/comments?post=80901"}],"version-history":[{"count":4,"href":"https:\/\/vocesparalelas.com.ar\/sitio\/wp-json\/wp\/v2\/posts\/80901\/revisions"}],"predecessor-version":[{"id":80908,"href":"https:\/\/vocesparalelas.com.ar\/sitio\/wp-json\/wp\/v2\/posts\/80901\/revisions\/80908"}],"wp:featuredmedia":[{"embeddable":true,"href":"https:\/\/vocesparalelas.com.ar\/sitio\/wp-json\/wp\/v2\/media\/80904"}],"wp:attachment":[{"href":"https:\/\/vocesparalelas.com.ar\/sitio\/wp-json\/wp\/v2\/media?parent=80901"}],"wp:term":[{"taxonomy":"category","embeddable":true,"href":"https:\/\/vocesparalelas.com.ar\/sitio\/wp-json\/wp\/v2\/categories?post=80901"},{"taxonomy":"post_tag","embeddable":true,"href":"https:\/\/vocesparalelas.com.ar\/sitio\/wp-json\/wp\/v2\/tags?post=80901"}],"curies":[{"name":"wp","href":"https:\/\/api.w.org\/{rel}","templated":true}]}}