{"id":80876,"date":"2024-12-23T15:30:38","date_gmt":"2024-12-23T18:30:38","guid":{"rendered":"https:\/\/vocesparalelas.com.ar\/sitio\/?p=80876"},"modified":"2024-12-27T00:53:46","modified_gmt":"2024-12-27T03:53:46","slug":"unite-al-verano-tech-en-san-juan","status":"publish","type":"post","link":"https:\/\/vocesparalelas.com.ar\/sitio\/unite-al-verano-tech-en-san-juan\/","title":{"rendered":"Unite al \u00abVerano Tech\u00bb en San Juan"},"content":{"rendered":"<div dir=\"auto\" data-smartmail=\"gmail_signature\">Tras el \u00e9xito alcanzado en el 2024 el Ministerio de Producci\u00f3n, Trabajo e Innovaci\u00f3n del Gobierno de San Juan, a trav\u00e9s de la Secretar\u00eda de Ciencia, Tecnolog\u00eda e Innovaci\u00f3n, invita a los interesados a la 2\u00b0 edici\u00f3n del Programa Verano Tech 2025.<\/div>\n<div dir=\"auto\" data-smartmail=\"gmail_signature\"><\/div>\n<div dir=\"auto\" data-smartmail=\"gmail_signature\">\u00c9sta importante herramienta ofrece cursos gratuitos en\u00a0rob\u00f3tica, dibujo tradicional y digital e impresi\u00f3n 3D.<\/div>\n<div dir=\"auto\" data-smartmail=\"gmail_signature\"><\/div>\n<div dir=\"auto\" data-smartmail=\"gmail_signature\">Es importante destacar que el objetivo de la 2\u00b0 edici\u00f3n de Verano Tech es\u00a0desarrollar el talento local, preparando a las nuevas generaciones para los desaf\u00edos del futuro laboral. Adem\u00e1s, al finalizar los talleres los alumnos van a poder realizar una muestra tecno-did\u00e1ctica con los trabajos que crearon en los talleres de rob\u00f3tica, dibujo digital e impresi\u00f3n 3D.<\/div>\n<div dir=\"auto\" data-smartmail=\"gmail_signature\"><\/div>\n<div dir=\"auto\" data-smartmail=\"gmail_signature\">Los ni\u00f1os entre 9 a 11 a\u00f1os y los adolescentes entre 12 a 18 a\u00f1os pueden acceder a estas herramientas de aprendizaje.<\/div>\n<div dir=\"auto\" data-smartmail=\"gmail_signature\"><\/div>\n<div dir=\"auto\" data-smartmail=\"gmail_signature\">Asimismo, los cursos se van a dictar en el Centro de Econom\u00eda del Conocimiento e Innovaci\u00f3n San Juan (CECI SJ) del 13 de Enero al 14 de febrero en dos turnos y dos veces a la semana.<\/div>\n<div dir=\"auto\" data-smartmail=\"gmail_signature\"><\/div>\n<div dir=\"auto\" data-smartmail=\"gmail_signature\">El primero de ellos es de 17.30 a 19.00 horas; mientras que el segundo es de 19.30 a 21.00 horas.<\/div>\n<div dir=\"auto\" data-smartmail=\"gmail_signature\"><\/div>\n<div dir=\"auto\" data-smartmail=\"gmail_signature\">Por ello, el secretario de Ciencia, Tecnolog\u00eda e Innovaci\u00f3n, Dr. Germ\u00e1n Von Euw describi\u00f3 que \u00abla 2\u00b0 edici\u00f3n de Verano Tech contin\u00faa en el 2025 porque cuando lanzamos el curso de rob\u00f3tica en las vacaciones de verano 2024, en 3 d\u00edas se inscribieron 200 chicos y se agot\u00f3 el cupo\u00bb.<\/div>\n<div dir=\"auto\" data-smartmail=\"gmail_signature\"><\/div>\n<div dir=\"auto\" data-smartmail=\"gmail_signature\">\u00abDebido a este inter\u00e9s se decidi\u00f3 ampliar la oferta con el objetivo que los ni\u00f1os y adolescentes desarrollen habilidades tecnol\u00f3gicas y creativas, que se acorte la brecha digital facilit\u00e1ndoles el acceso a las nuevas tecnolog\u00edas, y motivarlos a seguir carreras de ciencia, tecnolog\u00eda, ingenier\u00eda y matem\u00e1tica\u00bb.<\/div>\n<div dir=\"auto\" data-smartmail=\"gmail_signature\"><\/div>\n<div dir=\"auto\" data-smartmail=\"gmail_signature\">Adem\u00e1s, las clases de los 3 talleres son a la tarde para que los chicos puedan disfrutar de las colonias de vacaciones durante la ma\u00f1ana. En el desarrollo de las mismas, los participantes trabajan en equipo y experimentan de manera pr\u00e1ctica el uso de tecnolog\u00edas avanzadas\u00bb &#8211; sintetiz\u00f3 Dr. Germ\u00e1n Von Euw.<\/div>\n<div dir=\"auto\" data-smartmail=\"gmail_signature\"><\/div>\n<div dir=\"auto\" data-smartmail=\"gmail_signature\"><img loading=\"lazy\" decoding=\"async\" class=\"alignnone size-full wp-image-69038\" src=\"https:\/\/vocesparalelas.com.ar\/sitio\/wp-content\/uploads\/2024\/02\/CECI-SJ-REMODELACION.jpg\" alt=\"\" width=\"800\" height=\"480\" srcset=\"https:\/\/vocesparalelas.com.ar\/sitio\/wp-content\/uploads\/2024\/02\/CECI-SJ-REMODELACION.jpg 800w, https:\/\/vocesparalelas.com.ar\/sitio\/wp-content\/uploads\/2024\/02\/CECI-SJ-REMODELACION-300x180.jpg 300w, https:\/\/vocesparalelas.com.ar\/sitio\/wp-content\/uploads\/2024\/02\/CECI-SJ-REMODELACION-768x461.jpg 768w\" sizes=\"auto, (max-width: 800px) 100vw, 800px\" \/><\/div>\n","protected":false},"excerpt":{"rendered":"<p>Tras el \u00e9xito alcanzado en el 2024 el Ministerio de Producci\u00f3n, Trabajo e Innovaci\u00f3n del Gobierno de San Juan, a<\/p>\n","protected":false},"author":3,"featured_media":80688,"comment_status":"closed","ping_status":"closed","sticky":false,"template":"","format":"standard","meta":{"_acf_changed":false,"_seopress_robots_primary_cat":"none","_seopress_titles_title":"","_seopress_titles_desc":"","_seopress_robots_index":"","colormag_page_container_layout":"default_layout","colormag_page_sidebar_layout":"default_layout","footnotes":""},"categories":[9],"tags":[],"class_list":["post-80876","post","type-post","status-publish","format-standard","has-post-thumbnail","hentry","category-cursos"],"acf":[],"_links":{"self":[{"href":"https:\/\/vocesparalelas.com.ar\/sitio\/wp-json\/wp\/v2\/posts\/80876","targetHints":{"allow":["GET"]}}],"collection":[{"href":"https:\/\/vocesparalelas.com.ar\/sitio\/wp-json\/wp\/v2\/posts"}],"about":[{"href":"https:\/\/vocesparalelas.com.ar\/sitio\/wp-json\/wp\/v2\/types\/post"}],"author":[{"embeddable":true,"href":"https:\/\/vocesparalelas.com.ar\/sitio\/wp-json\/wp\/v2\/users\/3"}],"replies":[{"embeddable":true,"href":"https:\/\/vocesparalelas.com.ar\/sitio\/wp-json\/wp\/v2\/comments?post=80876"}],"version-history":[{"count":1,"href":"https:\/\/vocesparalelas.com.ar\/sitio\/wp-json\/wp\/v2\/posts\/80876\/revisions"}],"predecessor-version":[{"id":80879,"href":"https:\/\/vocesparalelas.com.ar\/sitio\/wp-json\/wp\/v2\/posts\/80876\/revisions\/80879"}],"wp:featuredmedia":[{"embeddable":true,"href":"https:\/\/vocesparalelas.com.ar\/sitio\/wp-json\/wp\/v2\/media\/80688"}],"wp:attachment":[{"href":"https:\/\/vocesparalelas.com.ar\/sitio\/wp-json\/wp\/v2\/media?parent=80876"}],"wp:term":[{"taxonomy":"category","embeddable":true,"href":"https:\/\/vocesparalelas.com.ar\/sitio\/wp-json\/wp\/v2\/categories?post=80876"},{"taxonomy":"post_tag","embeddable":true,"href":"https:\/\/vocesparalelas.com.ar\/sitio\/wp-json\/wp\/v2\/tags?post=80876"}],"curies":[{"name":"wp","href":"https:\/\/api.w.org\/{rel}","templated":true}]}}