{"id":80670,"date":"2024-12-19T19:55:25","date_gmt":"2024-12-19T22:55:25","guid":{"rendered":"https:\/\/vocesparalelas.com.ar\/sitio\/?p=80670"},"modified":"2024-12-20T11:55:24","modified_gmt":"2024-12-20T14:55:24","slug":"se-inauguro-el-espacio-multiproposito-el-carrascal-en-san-juan","status":"publish","type":"post","link":"https:\/\/vocesparalelas.com.ar\/sitio\/se-inauguro-el-espacio-multiproposito-el-carrascal-en-san-juan\/","title":{"rendered":"Se inaugur\u00f3 el Espacio Multiprop\u00f3sito \u201cEl Carrascal\u201d en San Juan"},"content":{"rendered":"<p>Cerrando el 2024 con una obra p\u00fablica m\u00e1s, se inaugur\u00f3 los trabajos de remodelaci\u00f3n que se realizaron en el edificio de Turismo, Libertador y Sarmiento, departamento Capital.<\/p>\n<p>El lugar cuenta con un espacio multiprop\u00f3sito y una plaza seca donde\u00a0 funcionar\u00e1 una oficina de informes.<\/p>\n<p>El Mi\u00e9rcoles, 18 de Diciembre, el gobernador Marcelo Orrego dej\u00f3 inaugurado el Espacio Multiprop\u00f3sito \u201cEl Carrascal\u201d, ubicado en el edificio donde funcion\u00f3 por a\u00f1os la secretar\u00eda de Turismo.<\/p>\n<p><img loading=\"lazy\" decoding=\"async\" class=\"alignnone size-full wp-image-80674\" src=\"https:\/\/vocesparalelas.com.ar\/sitio\/wp-content\/uploads\/2024\/12\/SAN-JUAN-TURISMO-01.jpg\" alt=\"\" width=\"800\" height=\"534\" srcset=\"https:\/\/vocesparalelas.com.ar\/sitio\/wp-content\/uploads\/2024\/12\/SAN-JUAN-TURISMO-01.jpg 800w, https:\/\/vocesparalelas.com.ar\/sitio\/wp-content\/uploads\/2024\/12\/SAN-JUAN-TURISMO-01-300x200.jpg 300w, https:\/\/vocesparalelas.com.ar\/sitio\/wp-content\/uploads\/2024\/12\/SAN-JUAN-TURISMO-01-768x513.jpg 768w\" sizes=\"auto, (max-width: 800px) 100vw, 800px\" \/><\/p>\n<p>El edificio fue sometido a un proceso de refuncionalizaci\u00f3n y consolidaci\u00f3n, tras pasar 60 a\u00f1os sin un mantenimiento significativo.<\/p>\n<p>El lugar cuenta con una oficina de informes, un espacio multiprop\u00f3sito y una plaza seca.<\/p>\n<p>Durante el acto inaugural, el gobernador Dr. Marcelo Orrego puntualiz\u00f3 que \u201ca este lugar no solo acceder\u00e1n los sanjuaninos, sino todos los turistas que vengan a visitarnos y busquen conocer todo tipo de informaci\u00f3n sobre el patrimonio hist\u00f3rico y cultural de nuestra provincia\u201d<\/p>\n<p>\u201cEl turismo claramente es una pol\u00edtica de Estado para San Juan. Queremos apostar a esta actividad, es parte de nuestra matriz productiva, y definitivamente tenemos que ser parte de la agenda de turismo en los a\u00f1os venideros\u201d.<\/p>\n<p>Por su parte, el ministro de Turismo, Deporte y Cultura, Dr. Guido Romero, describi\u00f3 que \u201cadem\u00e1s de la oficina de informes, tambi\u00e9n funcionar\u00e1 un \u00e1rea de estad\u00edstica, y habr\u00e1 un espacio para el sector privado. Las agencias de viajes y los operadores y prestadores de servicios tur\u00edsticos tendr\u00e1n un lugar para desarrollarse, con el objetivo de que cada turista que visite el edificio pueda irse con su estad\u00eda organizada\u201d.<\/p>\n<p>En tanto que, la intendenta de la Ciudad de San Juan, Dra. Susana Laciar remarc\u00f3 que \u201cCapital est\u00e1 comprometido a acompa\u00f1ar el proyecto de transformaci\u00f3n que propone la Provincia. Estamos poniendo a punto cada lugar hist\u00f3rico y cultural de la comuna para que puedan ser visitados por todos los turistas que lleguen a San Juan\u201d.<\/p>\n<p>Las obras fueron ejecutadas por el Ministerio de Infraestructura, Agua y Energ\u00eda del Gobierno de San Juan y fiscalizadas por la Direcci\u00f3n de Infraestructura y la Direcci\u00f3n de Patrimonio, del Ministerio de Turismo, Cultura y Deporte desde donde indicaron que se conservaron las piedras lajas que son materiales caracter\u00edsticos de las obras de Ramos Correa. Tambi\u00e9n, las venecitas, la puerta de madera, la escalera, parte de las celos\u00edas y el emblem\u00e1tico mural realizado por Hugo Vinzio. El edificio de m\u00e1s de 60 a\u00f1os visualizaba un desgaste en la estructura y ya no cumpl\u00eda con las normas sismorresistentes de edificaci\u00f3n lo que hizo necesario su consolidaci\u00f3n y se puso empe\u00f1o en conservar los elementos m\u00e1s emblem\u00e1tico del bien.<\/p>\n<p>\u201cEl Carrascal\u201d albergar\u00e1 la Direcci\u00f3n de Informes y la Oficina de Estad\u00edstica del ministerio, facilitando a los turistas toda la informaci\u00f3n necesaria para recorrer los distintos circuitos de la provincia. Adem\u00e1s, en el piso superior, funcionar\u00e1 una galer\u00eda de arte con exposiciones temporarias y permanentes de artistas locales, sum\u00e1ndose a la realizaci\u00f3n de degustaciones, ferias agroproductivas y actividades de emprendedores y artesanos.<\/p>\n<p>En tanto, la plaza seca exterior se convertir\u00e1 en un escenario ideal para espect\u00e1culos en vivo, propuestas art\u00edsticas de m\u00fasica, danza y teatro, as\u00ed como ferias de artesan\u00edas. Este espacio cultural estar\u00e1 integrado con el Museo Casa Natal de Sarmiento, consolidando un corredor cultural y tur\u00edstico.<\/p>\n<p>Uno de los ejes del espacio ser\u00e1 la integraci\u00f3n departamental, de una planificaci\u00f3n entre los diferentes ministerios y en conjunto con el sector privado para visibilizar la identidad de los 19 departamentos de San Juan.<\/p>\n<p>Con la apertura del multiespacio \u201cEl Carrascal\u201d, la provincia suma un lugar moderno y funcional que no solo fortalece el turismo, sino que tambi\u00e9n promueve el desarrollo cultural, art\u00edstico y comunitario. Este edificio emblem\u00e1tico se sumar\u00e1 a otros lugares ic\u00f3nicos de la ciudad, como la Plaza 25 de Mayo, la Catedral San Juan Bautista, El Campanil, la Celda Sanmartiniana y por supuesto la Casa Natal de Sarmiento, como as\u00ed tambi\u00e9n, edificios que cuentan la historia de San Juan como la Casa Espa\u00f1a, el Cine Teatro Municipal o el Club Sirio Libanes.<\/p>\n<p>Vale destacar que este edificio fue dise\u00f1ado en 1957 por el arquitecto Daniel Ramos Correa (1898-1992), en el contexto del Plan de Obras P\u00fablicas para la reconstrucci\u00f3n del San Juan pos-terremoto. Su arquitectura moderna se combina con el uso de materiales propios de la zona. Lo m\u00e1s emblem\u00e1tico son los parasoles que tuvieron que ser removidos por el peso que generaban a la estructura del edificio. Los mismos fueron reconstruidos con materiales m\u00e1s livianos.<\/p>\n<p>Del acto de reapertura tambi\u00e9n participaron el ministro de Infraestructura, Agua y Energ\u00eda, Fernando Perea; la ministra de Educaci\u00f3n, Silvia Fuentes; el ministro de Salud P\u00fablica, Amilcar Dobladez; el secretario de Deportes, Pablo Tabachnik; el secretario de infraestructura, Ariel Villavicencio; la secretaria de Turismo, Bel\u00e9n Barboza; el secretario de Cultura, Eduardo Varela; y el director del Museo y Casa Natal de Sarmiento, Renato L\u00f3pez.<\/p>\n<p>Costos y tiempo de obra<br \/>\nDado que el edificio tiene m\u00e1s de setenta a\u00f1os de construcci\u00f3n, se visualiz\u00f3 un desgaste en su estructura por lo que era necesario una consolidaci\u00f3n estructural. Este proyecto de consolidaci\u00f3n y refuncionalizaci\u00f3n se fundamenta en volver al edificio original.<\/p>\n<p>La obra fue contratada por un monto de sesenta y dos millones seiscientos catorce mil doscientos cincuenta y siete pesos con 77\/100 ($62.614.257,77) obra base, se inici\u00f3 el 01\/08\/2022 y present\u00f3 un plazo de ejecuci\u00f3n de 870 d\u00edas, con una fecha de finalizaci\u00f3n el d\u00eda 18 de diciembre de 2024. Siendo el costo total de obra $694.072.946,12 (Seiscientos Noventa y Cuatro Millones Setenta y Dos Mil Novecientos Cuarenta y Seis con 12\/100), con su redeterminaci\u00f3n y delta.<\/p>\n<p><iframe loading=\"lazy\" title=\"Orrego inaugur\u00f3 la refuncionalizaci\u00f3n y puesta en valor del hist\u00f3rico edificio de Turismo\" width=\"800\" height=\"450\" src=\"https:\/\/www.youtube.com\/embed\/bYmsjh-4P4I?feature=oembed\" frameborder=\"0\" allow=\"accelerometer; autoplay; clipboard-write; encrypted-media; gyroscope; picture-in-picture; web-share\" referrerpolicy=\"strict-origin-when-cross-origin\" allowfullscreen><\/iframe><\/p>\n<p>&nbsp;<\/p>\n","protected":false},"excerpt":{"rendered":"<p>Cerrando el 2024 con una obra p\u00fablica m\u00e1s, se inaugur\u00f3 los trabajos de remodelaci\u00f3n que se realizaron en el edificio<\/p>\n","protected":false},"author":3,"featured_media":80673,"comment_status":"closed","ping_status":"closed","sticky":false,"template":"","format":"standard","meta":{"_acf_changed":false,"_seopress_robots_primary_cat":"none","_seopress_titles_title":"","_seopress_titles_desc":"","_seopress_robots_index":"","colormag_page_container_layout":"default_layout","colormag_page_sidebar_layout":"default_layout","footnotes":""},"categories":[2,7],"tags":[],"class_list":["post-80670","post","type-post","status-publish","format-standard","has-post-thumbnail","hentry","category-convocatorias","category-videos"],"acf":[],"_links":{"self":[{"href":"https:\/\/vocesparalelas.com.ar\/sitio\/wp-json\/wp\/v2\/posts\/80670","targetHints":{"allow":["GET"]}}],"collection":[{"href":"https:\/\/vocesparalelas.com.ar\/sitio\/wp-json\/wp\/v2\/posts"}],"about":[{"href":"https:\/\/vocesparalelas.com.ar\/sitio\/wp-json\/wp\/v2\/types\/post"}],"author":[{"embeddable":true,"href":"https:\/\/vocesparalelas.com.ar\/sitio\/wp-json\/wp\/v2\/users\/3"}],"replies":[{"embeddable":true,"href":"https:\/\/vocesparalelas.com.ar\/sitio\/wp-json\/wp\/v2\/comments?post=80670"}],"version-history":[{"count":4,"href":"https:\/\/vocesparalelas.com.ar\/sitio\/wp-json\/wp\/v2\/posts\/80670\/revisions"}],"predecessor-version":[{"id":80684,"href":"https:\/\/vocesparalelas.com.ar\/sitio\/wp-json\/wp\/v2\/posts\/80670\/revisions\/80684"}],"wp:featuredmedia":[{"embeddable":true,"href":"https:\/\/vocesparalelas.com.ar\/sitio\/wp-json\/wp\/v2\/media\/80673"}],"wp:attachment":[{"href":"https:\/\/vocesparalelas.com.ar\/sitio\/wp-json\/wp\/v2\/media?parent=80670"}],"wp:term":[{"taxonomy":"category","embeddable":true,"href":"https:\/\/vocesparalelas.com.ar\/sitio\/wp-json\/wp\/v2\/categories?post=80670"},{"taxonomy":"post_tag","embeddable":true,"href":"https:\/\/vocesparalelas.com.ar\/sitio\/wp-json\/wp\/v2\/tags?post=80670"}],"curies":[{"name":"wp","href":"https:\/\/api.w.org\/{rel}","templated":true}]}}