{"id":80628,"date":"2024-12-18T19:47:07","date_gmt":"2024-12-18T22:47:07","guid":{"rendered":"https:\/\/vocesparalelas.com.ar\/sitio\/?p=80628"},"modified":"2024-12-20T00:13:05","modified_gmt":"2024-12-20T03:13:05","slug":"proyecto-educativo-y-turistico-la-usina-para-potenciar-las-energias-renovables-en-el-departamento-ullum-de-san-juan","status":"publish","type":"post","link":"https:\/\/vocesparalelas.com.ar\/sitio\/proyecto-educativo-y-turistico-la-usina-para-potenciar-las-energias-renovables-en-el-departamento-ullum-de-san-juan\/","title":{"rendered":"Proyecto Educativo y Tur\u00edstico \u00abLa Usina\u00bb para potenciar las energ\u00edas renovables en el Departamento Ullum de San Juan"},"content":{"rendered":"<p>Las autoridades municipales y provinciales recorrieron el Proyecto Educativo y Tur\u00edstico \u00abLa Usina\u00bb para potenciar las energ\u00edas renovables en el Departamento Ullum<\/p>\n<p>Es un proyecto multifac\u00e9tico que tiene hasta un centro de interpretaciones.<\/p>\n<p>Para conocer m\u00e1s sobre una iniciativa innovadora propuesta que se est\u00e1 llevando a cabo en el Departamento Ullum, el gobernador de San Juan, Dr. Marcelo Orrego recorri\u00f3 el Proyecto La Usina.<\/p>\n<p>Esta es una propuesta multifac\u00e9tica fue impulsada porla Municipalidad de Ullum.<\/p>\n<p>Acompa\u00f1aron el intendente de la Municipalidad de Ullum, David Dom\u00ednguez, la diputada nacional por San Juan, Dra. Nancy Pic\u00f3n, el subsecretario de Alto rendimiento Eduardo Cerimedo, dem\u00e1s funcionarios, provinciales y municipales.<\/p>\n<p>Por ello, el gobernador, Dr. Marcelo Orrego se\u00f1al\u00f3 al recorrer la usina que \u201ces un trabajo maravilloso, felicitar a todos los que lo pensaron y lo han ejecutado tambi\u00e9n\u201d.<\/p>\n<p>\u00abEs una usina inspiradora de lo que es Ullum, un departamento que tiene que ver con sus hermosos paisajes, con el turismo, el dique con su energ\u00eda, la energ\u00eda hidr\u00e1ulica y la energ\u00eda fotovoltaica\u201c.<\/p>\n<p>\u201cUllum genera energ\u00eda renovable permanentemente, los chicos que informan de una manera did\u00e1ctica pueden venir no solo personas grandes, sino que est\u00e1 preparado para que vengan chicos de todas las edades y todo interactivo, din\u00e1mico. El departamento lo tiene todo, sobre todo su gente\u00bb.<\/p>\n<p>Por su parte el intendente de la Municipalidad de Ullum, David Dom\u00ednguez destac\u00f3 que \u201ces un sue\u00f1o cumplido y este fin de semana lo vamos a estar inaugurando para todo el p\u00fablico. Hemos trabajado durante casi once meses con un gran equipo interdisciplinario, con cooperativas del departamento, con m\u00e1s de 20 profesionales\u201d.<\/p>\n<p>\u00abNos llena de orgullo, porque podemos mostrar nuestra historia, nuestros paisajes y el aporte de nuestro departamento a lo largo de su historia para la generaci\u00f3n de energ\u00edas renovables en la provincia.<\/p>\n<p>\u00abEste espacio se ha concebido como un punto de bienvenida y un centro interpretativo dedicado a las energ\u00edas limpias, la educaci\u00f3n ambiental y el turismo sostenible\u00bb.<\/p>\n<p>\u00abSu objetivo principal es dinamizar la econom\u00eda y el turismo del departamento de Ullum, adem\u00e1s de sensibilizar a la comunidad sobre la importancia de las energ\u00edas renovables y las pr\u00e1cticas responsables del cuidado del ambiente\u00bb.<\/p>\n<p>\u00abHay dos turnos, de 9,30 hasta las 13 hs y de 16 a las 21 hs y despu\u00e9s queda abierta la confiter\u00eda y las actividades para realizar a cielo abierto con tres senderos y con gu\u00edas de sitio para que la gente conozca\u00bb.<\/p>\n<p>\u201cEsperemos que la comunidad se apropie, lo cuide es un lugar que estaba abandonado desde hace m\u00e1s de 20 a\u00f1os\u00bb &#8211; sintetiz\u00f3 el intendente Dominguez.<\/p>\n<p><iframe loading=\"lazy\" title=\"Orrego recorri\u00f3 un proyecto educativo y tur\u00edstico para potenciar las energ\u00edas renovables en Ullum\" width=\"800\" height=\"450\" src=\"https:\/\/www.youtube.com\/embed\/qCEEfs-OzUU?feature=oembed\" frameborder=\"0\" allow=\"accelerometer; autoplay; clipboard-write; encrypted-media; gyroscope; picture-in-picture; web-share\" referrerpolicy=\"strict-origin-when-cross-origin\" allowfullscreen><\/iframe><\/p>\n<p>&nbsp;<\/p>\n","protected":false},"excerpt":{"rendered":"<p>Las autoridades municipales y provinciales recorrieron el Proyecto Educativo y Tur\u00edstico \u00abLa Usina\u00bb para potenciar las energ\u00edas renovables en el<\/p>\n","protected":false},"author":3,"featured_media":80631,"comment_status":"closed","ping_status":"closed","sticky":false,"template":"","format":"standard","meta":{"_acf_changed":false,"_seopress_robots_primary_cat":"none","_seopress_titles_title":"","_seopress_titles_desc":"","_seopress_robots_index":"","colormag_page_container_layout":"default_layout","colormag_page_sidebar_layout":"default_layout","footnotes":""},"categories":[5,7],"tags":[],"class_list":["post-80628","post","type-post","status-publish","format-standard","has-post-thumbnail","hentry","category-ofrecimientos","category-videos"],"acf":[],"_links":{"self":[{"href":"https:\/\/vocesparalelas.com.ar\/sitio\/wp-json\/wp\/v2\/posts\/80628","targetHints":{"allow":["GET"]}}],"collection":[{"href":"https:\/\/vocesparalelas.com.ar\/sitio\/wp-json\/wp\/v2\/posts"}],"about":[{"href":"https:\/\/vocesparalelas.com.ar\/sitio\/wp-json\/wp\/v2\/types\/post"}],"author":[{"embeddable":true,"href":"https:\/\/vocesparalelas.com.ar\/sitio\/wp-json\/wp\/v2\/users\/3"}],"replies":[{"embeddable":true,"href":"https:\/\/vocesparalelas.com.ar\/sitio\/wp-json\/wp\/v2\/comments?post=80628"}],"version-history":[{"count":1,"href":"https:\/\/vocesparalelas.com.ar\/sitio\/wp-json\/wp\/v2\/posts\/80628\/revisions"}],"predecessor-version":[{"id":80632,"href":"https:\/\/vocesparalelas.com.ar\/sitio\/wp-json\/wp\/v2\/posts\/80628\/revisions\/80632"}],"wp:featuredmedia":[{"embeddable":true,"href":"https:\/\/vocesparalelas.com.ar\/sitio\/wp-json\/wp\/v2\/media\/80631"}],"wp:attachment":[{"href":"https:\/\/vocesparalelas.com.ar\/sitio\/wp-json\/wp\/v2\/media?parent=80628"}],"wp:term":[{"taxonomy":"category","embeddable":true,"href":"https:\/\/vocesparalelas.com.ar\/sitio\/wp-json\/wp\/v2\/categories?post=80628"},{"taxonomy":"post_tag","embeddable":true,"href":"https:\/\/vocesparalelas.com.ar\/sitio\/wp-json\/wp\/v2\/tags?post=80628"}],"curies":[{"name":"wp","href":"https:\/\/api.w.org\/{rel}","templated":true}]}}