{"id":80620,"date":"2024-12-17T16:26:17","date_gmt":"2024-12-17T19:26:17","guid":{"rendered":"https:\/\/vocesparalelas.com.ar\/sitio\/?p=80620"},"modified":"2024-12-18T20:58:20","modified_gmt":"2024-12-18T23:58:20","slug":"1-reunion-de-la-comision-provincial-de-salud-mental-en-san-juan","status":"publish","type":"post","link":"https:\/\/vocesparalelas.com.ar\/sitio\/1-reunion-de-la-comision-provincial-de-salud-mental-en-san-juan\/","title":{"rendered":"1\u00b0 Reuni\u00f3n de la Comisi\u00f3n Provincial de Salud Mental en San Juan"},"content":{"rendered":"<p>El Ministerio de Gobierno de San Juan desarrolla el Mi\u00e9rcoles, 18 de Diciembre, la primera reuni\u00f3n de la Comisi\u00f3n Provincial de Salud Mental y el \u00d3rgano de Revisi\u00f3n de Salud Mental.<\/p>\n<p>Estos entes re\u00fanen a diferentes representantes de organismos del Estado para tratar acciones y normativas.<\/p>\n<p>La Ley Nacional 26.657 de Protecci\u00f3n de la Salud Mental tuvo su correlato con la Ley Provincial 2491-Q, que instituye el \u00d3rgano de Revisi\u00f3n integrado por la Direcci\u00f3n de Promoci\u00f3n y Protecci\u00f3n de los Derechos Humanos del Ministerio de Gobierno, en conjunto con el Ministerio de Salud, la Corte de Justicia de San Juan y el Ministerio P\u00fablico Fiscal de la provincia.<\/p>\n<p>Su objetivo est\u00e1 en instrumentar medidas para dar cumplimiento a la ley 26.657, a trav\u00e9s del di\u00e1logo entre las instituciones mencionadas y asociaciones de usuarios y familiares del sistema de salud y ONGs de Derechos Humanos.<\/p>\n<p>El consenso entre estas diversas \u00e1reas es la base para poner en ejecuci\u00f3n la normativa nacional en San Juan, a trav\u00e9s de propuestas de acci\u00f3n, espacios de participaci\u00f3n ciudadana y tratativas para pol\u00edticas de Estado en materia de salud mental.<\/p>\n<p><img loading=\"lazy\" decoding=\"async\" class=\"alignnone size-full wp-image-65642\" src=\"https:\/\/vocesparalelas.com.ar\/sitio\/wp-content\/uploads\/2023\/11\/GOBIERNO-SAN-JUAN.jpg\" alt=\"\" width=\"800\" height=\"600\" srcset=\"https:\/\/vocesparalelas.com.ar\/sitio\/wp-content\/uploads\/2023\/11\/GOBIERNO-SAN-JUAN.jpg 800w, https:\/\/vocesparalelas.com.ar\/sitio\/wp-content\/uploads\/2023\/11\/GOBIERNO-SAN-JUAN-300x225.jpg 300w, https:\/\/vocesparalelas.com.ar\/sitio\/wp-content\/uploads\/2023\/11\/GOBIERNO-SAN-JUAN-768x576.jpg 768w\" sizes=\"auto, (max-width: 800px) 100vw, 800px\" \/><\/p>\n<p>&nbsp;<\/p>\n<p>&nbsp;<\/p>\n","protected":false},"excerpt":{"rendered":"<p>El Ministerio de Gobierno de San Juan desarrolla el Mi\u00e9rcoles, 18 de Diciembre, la primera reuni\u00f3n de la Comisi\u00f3n Provincial<\/p>\n","protected":false},"author":3,"featured_media":24712,"comment_status":"closed","ping_status":"closed","sticky":false,"template":"","format":"standard","meta":{"_acf_changed":false,"_seopress_robots_primary_cat":"none","_seopress_titles_title":"","_seopress_titles_desc":"","_seopress_robots_index":"","colormag_page_container_layout":"default_layout","colormag_page_sidebar_layout":"default_layout","footnotes":""},"categories":[2],"tags":[],"class_list":["post-80620","post","type-post","status-publish","format-standard","has-post-thumbnail","hentry","category-convocatorias"],"acf":[],"_links":{"self":[{"href":"https:\/\/vocesparalelas.com.ar\/sitio\/wp-json\/wp\/v2\/posts\/80620","targetHints":{"allow":["GET"]}}],"collection":[{"href":"https:\/\/vocesparalelas.com.ar\/sitio\/wp-json\/wp\/v2\/posts"}],"about":[{"href":"https:\/\/vocesparalelas.com.ar\/sitio\/wp-json\/wp\/v2\/types\/post"}],"author":[{"embeddable":true,"href":"https:\/\/vocesparalelas.com.ar\/sitio\/wp-json\/wp\/v2\/users\/3"}],"replies":[{"embeddable":true,"href":"https:\/\/vocesparalelas.com.ar\/sitio\/wp-json\/wp\/v2\/comments?post=80620"}],"version-history":[{"count":1,"href":"https:\/\/vocesparalelas.com.ar\/sitio\/wp-json\/wp\/v2\/posts\/80620\/revisions"}],"predecessor-version":[{"id":80623,"href":"https:\/\/vocesparalelas.com.ar\/sitio\/wp-json\/wp\/v2\/posts\/80620\/revisions\/80623"}],"wp:featuredmedia":[{"embeddable":true,"href":"https:\/\/vocesparalelas.com.ar\/sitio\/wp-json\/wp\/v2\/media\/24712"}],"wp:attachment":[{"href":"https:\/\/vocesparalelas.com.ar\/sitio\/wp-json\/wp\/v2\/media?parent=80620"}],"wp:term":[{"taxonomy":"category","embeddable":true,"href":"https:\/\/vocesparalelas.com.ar\/sitio\/wp-json\/wp\/v2\/categories?post=80620"},{"taxonomy":"post_tag","embeddable":true,"href":"https:\/\/vocesparalelas.com.ar\/sitio\/wp-json\/wp\/v2\/tags?post=80620"}],"curies":[{"name":"wp","href":"https:\/\/api.w.org\/{rel}","templated":true}]}}