{"id":80612,"date":"2024-12-18T14:45:00","date_gmt":"2024-12-18T17:45:00","guid":{"rendered":"https:\/\/vocesparalelas.com.ar\/sitio\/?p=80612"},"modified":"2024-12-19T20:29:58","modified_gmt":"2024-12-19T23:29:58","slug":"nuevo-valor-de-su-tarjeta-fisica-sube-en-san-juan","status":"publish","type":"post","link":"https:\/\/vocesparalelas.com.ar\/sitio\/nuevo-valor-de-su-tarjeta-fisica-sube-en-san-juan\/","title":{"rendered":"Nuevo valor de su tarjeta f\u00edsica SUBE en San Juan"},"content":{"rendered":"<p>SUBE inform\u00f3 del nuevo valor de su tarjeta f\u00edsica. La medida tiene vigencia inmediata e impacto en el saldo de emergencia del pl\u00e1stico.<\/p>\n<p>A trav\u00e9s de la Secretar\u00eda de Tr\u00e1nsito y Transporte, el Ministerio de Gobierno de San Juan anunci\u00f3 el cambio del costo de la tarjeta SUBE f\u00edsica, que a partir del 18 de diciembre de 2024 es de $1500 en los puntos de venta habilitados.<\/p>\n<p>Esta medida llega de la mano con la actualizaci\u00f3n del saldo de emergencia para los usuarios, el cual es de $1200, ampliando as\u00ed la posibilidad de viajar en el servicio de colectivos sin haber cargado saldo en la tarjeta.<\/p>\n<p>Cabe destacar que los pasajeros del servicio de transporte p\u00fablico tienen vigente la Tarifa Social Federal para que los grupos beneficiarios viajen con 55% de descuento.<\/p>\n<p>Adem\u00e1s, la provincia de San Juan cuenta con las ventajas de la aplicaci\u00f3n gratuita SUBE Digital, disponible para celulares con sistema operativo Android 8 o superior y tecnolog\u00eda NFC.<\/p>\n<p><span style=\"color: #ff6600;\"><strong>M\u00e1s informaci\u00f3n<\/strong><\/span><\/p>\n<p><a href=\"http:\/\/bit.ly\/Valor_TarjetaSUBE\">http:\/\/bit.ly\/Valor_TarjetaSUBE<\/a><\/p>\n<p>&nbsp;<\/p>\n<p><img loading=\"lazy\" decoding=\"async\" class=\"alignnone size-large wp-image-18849\" src=\"https:\/\/vocesparalelas.com.ar\/sitio\/wp-content\/uploads\/2019\/02\/TARJETA-SUBE-800x445.jpg\" alt=\"\" width=\"800\" height=\"445\" srcset=\"https:\/\/vocesparalelas.com.ar\/sitio\/wp-content\/uploads\/2019\/02\/TARJETA-SUBE-800x445.jpg 800w, https:\/\/vocesparalelas.com.ar\/sitio\/wp-content\/uploads\/2019\/02\/TARJETA-SUBE-300x167.jpg 300w, https:\/\/vocesparalelas.com.ar\/sitio\/wp-content\/uploads\/2019\/02\/TARJETA-SUBE-768x427.jpg 768w, https:\/\/vocesparalelas.com.ar\/sitio\/wp-content\/uploads\/2019\/02\/TARJETA-SUBE.jpg 1000w\" sizes=\"auto, (max-width: 800px) 100vw, 800px\" \/><\/p>\n<p>&nbsp;<\/p>\n","protected":false},"excerpt":{"rendered":"<p>SUBE inform\u00f3 del nuevo valor de su tarjeta f\u00edsica. La medida tiene vigencia inmediata e impacto en el saldo de<\/p>\n","protected":false},"author":3,"featured_media":26759,"comment_status":"closed","ping_status":"closed","sticky":false,"template":"","format":"standard","meta":{"_acf_changed":false,"_seopress_robots_primary_cat":"none","_seopress_titles_title":"","_seopress_titles_desc":"","_seopress_robots_index":"","colormag_page_container_layout":"default_layout","colormag_page_sidebar_layout":"default_layout","footnotes":""},"categories":[5],"tags":[],"class_list":["post-80612","post","type-post","status-publish","format-standard","has-post-thumbnail","hentry","category-ofrecimientos"],"acf":[],"_links":{"self":[{"href":"https:\/\/vocesparalelas.com.ar\/sitio\/wp-json\/wp\/v2\/posts\/80612","targetHints":{"allow":["GET"]}}],"collection":[{"href":"https:\/\/vocesparalelas.com.ar\/sitio\/wp-json\/wp\/v2\/posts"}],"about":[{"href":"https:\/\/vocesparalelas.com.ar\/sitio\/wp-json\/wp\/v2\/types\/post"}],"author":[{"embeddable":true,"href":"https:\/\/vocesparalelas.com.ar\/sitio\/wp-json\/wp\/v2\/users\/3"}],"replies":[{"embeddable":true,"href":"https:\/\/vocesparalelas.com.ar\/sitio\/wp-json\/wp\/v2\/comments?post=80612"}],"version-history":[{"count":1,"href":"https:\/\/vocesparalelas.com.ar\/sitio\/wp-json\/wp\/v2\/posts\/80612\/revisions"}],"predecessor-version":[{"id":80615,"href":"https:\/\/vocesparalelas.com.ar\/sitio\/wp-json\/wp\/v2\/posts\/80612\/revisions\/80615"}],"wp:featuredmedia":[{"embeddable":true,"href":"https:\/\/vocesparalelas.com.ar\/sitio\/wp-json\/wp\/v2\/media\/26759"}],"wp:attachment":[{"href":"https:\/\/vocesparalelas.com.ar\/sitio\/wp-json\/wp\/v2\/media?parent=80612"}],"wp:term":[{"taxonomy":"category","embeddable":true,"href":"https:\/\/vocesparalelas.com.ar\/sitio\/wp-json\/wp\/v2\/categories?post=80612"},{"taxonomy":"post_tag","embeddable":true,"href":"https:\/\/vocesparalelas.com.ar\/sitio\/wp-json\/wp\/v2\/tags?post=80612"}],"curies":[{"name":"wp","href":"https:\/\/api.w.org\/{rel}","templated":true}]}}