{"id":80531,"date":"2024-12-16T22:24:11","date_gmt":"2024-12-17T01:24:11","guid":{"rendered":"https:\/\/vocesparalelas.com.ar\/sitio\/?p=80531"},"modified":"2024-12-17T20:37:18","modified_gmt":"2024-12-17T23:37:18","slug":"se-presento-el-proyecto-de-ley-de-presupuesto-2025-en-la-camara-de-diputados-de-san-juan","status":"publish","type":"post","link":"https:\/\/vocesparalelas.com.ar\/sitio\/se-presento-el-proyecto-de-ley-de-presupuesto-2025-en-la-camara-de-diputados-de-san-juan\/","title":{"rendered":"Se present\u00f3 el proyecto de Ley de Presupuesto 2025 en la C\u00e1mara de Diputados de San Juan"},"content":{"rendered":"<section id=\"g-container-main\" class=\"g-wrapper\">\n<div class=\"g-container\">\n<div class=\"g-grid\">\n<div class=\"g-block size-70\">\n<section id=\"g-mainbody\">\n<div class=\"g-grid\">\n<div class=\"g-block size-100\">\n<div class=\"g-content\">\n<div class=\"platform-content container\">\n<div class=\"row\">\n<div class=\"col\">\n<div class=\"com-content-article item-page\">\n<div class=\"com-content-article__body\">\n<p>En el auditorio Emar Acosta del edificio Anexo, el ministro de Econom\u00eda, Hacienda y Finanzas, CPN Roberto Guti\u00e9rrez, realiz\u00f3 la presentaci\u00f3n del proyecto de Ley de Presupuesto correspondiente al Ejercicio Fiscal A\u00f1o 2025.<\/p>\n<p>La apertura estuvo encabezada por el se\u00f1or vicegobernador Fabi\u00e1n Mart\u00edn, quien le brind\u00f3 la bienvenida al ministro. Participaron los legisladores Juan de la Cruz C\u00f3rdoba, Mar\u00eda Lascano, Enzo Cornejo, Alejandra Leonardo, Marisa L\u00f3pez, Stella Caparr\u00f3s, Sonia Ferreyra, Fernanda Paredes, Gabriel S\u00e1nchez, Marcela Quiroga, Juan Carlos Quiroga Moyano, Graciela Seva, Andr\u00e9s Castro, Mario Herrero, Horacio Quiroga, Miguel Vega, Carlos Jaime Quiroga, Fernando Patinella, M\u00f3nica Gonz\u00e1lez, Gustavo Usin, Marcelo Mallea. Tambi\u00e9n estuvieron presentes los secretarios Legislativo, Gustavo Velert; y Administrativo, Jorge Fern\u00e1ndez.<\/p>\n<p>Durante la presentaci\u00f3n, el ministro subray\u00f3 que el proyecto de presupuesto refleja \u201cla consolidaci\u00f3n de recursos y la correspondiente asignaci\u00f3n de los gastos\u201d, destacando su relevancia para la transparencia en la gesti\u00f3n del gobierno. Asimismo, resalt\u00f3 su papel fundamental como herramienta de pol\u00edtica fiscal, econ\u00f3mica y social, proporcionando previsibilidad a todos los agentes econ\u00f3micos de la provincia y, por ende, a los sanjuaninos, lo que contribuye a una mayor institucionalidad.<\/p>\n<p>Seguidamente agreg\u00f3 \u201cla propuesta de presupuesto se ajusta a las normas presupuestar\u00edas de unidad, es un presupuesto \u00fanico, universalidad porque abarca todos los ingresos y egresos, anualidad y equilibrio en cumplimiento de los lineamientos establecidos por la Ley provincial n\u00ba 2476-I de Administraci\u00f3n Financiera\u201d.<\/p>\n<p>Luego, destac\u00f3 que la metodolog\u00eda empleada para la elaboraci\u00f3n del presupuesto de la provincia mantiene el enfoque de presupuesto por programa orientado a resultado. \u201cAc\u00e1 la novedad para el ejercicio 2025 se incorporan nuevas jurisdicciones y entidades, entre ellas el Tribunal de Cuentas, la Defensor\u00eda del Pueblo, la Fiscal\u00eda de Estado; la Direcci\u00f3n de Ni\u00f1ez, Adolescencia y Familia; la Agencia San Juan de Desarrollo de Inversiones, el Ente Regulador de Electricidad, la administraci\u00f3n del Parque Provincial de Ischigualasto, el Instituto Provincial de Exploraciones y Explotaciones Mineras, los poderes Legislativo y Judicial; la Obra Social de la Provincia; la Caja de Acci\u00f3n Social y la Caja Mutual. Asimismo, para el ejercicio 2025 se incluye a nivel institucional Fondos Fiduciarios, el Fondo Especial para la Interconexi\u00f3n de 500 kw entre Mendoza y San Juan creados por Ley provincial n\u00ba 789-A\u201d, indic\u00f3 el ministro.<\/p>\n<p>Tambi\u00e9n se\u00f1al\u00f3 que se incorporan a nivel institucional empresas del Estado a entidades como San Juan Innova, Agencia Calidad San Juan, la Agencia San Juan del Bicentenario, y la Agencia Deporte San Juan, las cuales pasan a formar parte del sector p\u00fablico provincial.<\/p>\n<p>Por otro lado, sostuvo que \u201cel proyecto ha sido desarrollado en coherencia con el marco macro-fiscal definido por el gobierno nacional a trav\u00e9s del Consejo Federal de Responsabilidad Fiscal en conformidad con lo dispuesto por el art\u00edculo segundo de la Ley Nacional 25917. Durante el proceso de elaboraci\u00f3n del presupuesto se han establecido techos presupuestarios que consideran la recaudaci\u00f3n proyectada para el pr\u00f3ximo ejercicio para asegurar una distribuci\u00f3n equitativa de los recursos y cumplir con los objetivos del Estado Provincial. Ac\u00e1 en esta metodolog\u00eda partimos de los ingresos hacia los egresos\u201d.<\/p>\n<p>\u201cEste proyecto refleja el firme compromiso de mantener y consolidar el equilibrio fiscal como pol\u00edtica de Estado, siendo esencial para mantener la buena salud de las finanzas p\u00fablicas del Estado provincia y es as\u00ed que bajo esta consigna se inscribe la prioridad de apuntalar servicios esenciales tales como salud, educaci\u00f3n y seguridad con el compromiso que tales servicios sean eficientes y permitan contribuir al mayor bienestar de los sanjuaninos. A trav\u00e9s de este presupuesto, se busca contener y acompa\u00f1ar los sectores desprotegidos de nuestra provincia, brindando m\u00e1s herramientas para el desarrollo del capital humano, siendo un ejemplo de esto el programa Aprender, Trabajar y Producir, capacitaci\u00f3n y entrenamiento, logrando de esta forma insertar a los ciudadanos en el mundo laboral moderno y alcanzar el desarrollo social\u201d, manifest\u00f3 el ministro.<\/p>\n<p>M\u00e1s tarde, se\u00f1al\u00f3 que \u201cSe considera que un buen manejo de las finanzas p\u00fablicas permitir\u00e1 dar un fuerte impulso a la obra p\u00fablica, frente a la coyuntura del escenario nacional actual de reducci\u00f3n de transferencias a las provincias, continuando con importantes obras de infraestructura tales como viviendas, red vial, canales de riego, hospitales y escuelas, entre otros\u201d.<\/p>\n<p>Acto seguido, expres\u00f3 que \u201cEl presupuesto resulta ser una herramienta del desarrollo econ\u00f3mico de la provincia, con el cual se busca promover inversiones que incrementen la capacidad productiva e infraestructura econ\u00f3mica de San Juan colocando a la provincia en un sendero virtuoso de crecimiento sostenible\u201d.<\/p>\n<p>Por \u00faltimo, hizo un repaso de la econom\u00eda del corriente a\u00f1o se\u00f1alando los tipos de ajuste que realiz\u00f3 el gobierno. Despu\u00e9s, explic\u00f3 cada uno de los puntos que conforman el Presupuesto 2025. En este sentido expuso sobre la estimaci\u00f3n de recursos y del gasto tributario; el gasto p\u00fablico provincial; las relaciones financieras con los municipios; el financiamiento y el servicio de la deuda; la cuenta ahorro-inversi\u00f3n-financiamiento; el presupuesto de los Poderes Legislativo y Judicial; el presupuesto de Fondos Fiduciarios, Obras Sociales, otros entes y empresas del Estado.<\/p>\n<\/div>\n<figure id=\"attachment_37951\" aria-describedby=\"caption-attachment-37951\" style=\"width: 800px\" class=\"wp-caption aligncenter\"><img loading=\"lazy\" decoding=\"async\" class=\"size-full wp-image-37951\" src=\"https:\/\/vocesparalelas.com.ar\/sitio\/wp-content\/uploads\/2021\/05\/CAMARA-EDIFICIO.jpg\" alt=\"\" width=\"800\" height=\"515\" srcset=\"https:\/\/vocesparalelas.com.ar\/sitio\/wp-content\/uploads\/2021\/05\/CAMARA-EDIFICIO.jpg 800w, https:\/\/vocesparalelas.com.ar\/sitio\/wp-content\/uploads\/2021\/05\/CAMARA-EDIFICIO-300x193.jpg 300w, https:\/\/vocesparalelas.com.ar\/sitio\/wp-content\/uploads\/2021\/05\/CAMARA-EDIFICIO-768x494.jpg 768w\" sizes=\"auto, (max-width: 800px) 100vw, 800px\" \/><figcaption id=\"caption-attachment-37951\" class=\"wp-caption-text\">Legislatura Provincial de San Juan, Rep\u00fablica Argentina<\/figcaption><\/figure>\n<\/div>\n<\/div>\n<\/div>\n<\/div>\n<\/div>\n<\/div>\n<\/div>\n<\/section>\n<\/div>\n<div class=\"g-block size-30\">\n<aside id=\"g-aside\">\n<div class=\"g-grid\">\n<div class=\"g-block size-100\">\n<div class=\"g-content\">\n<div class=\"platform-content\">\n<div class=\"sidebar-right moduletable box2\">\n<div id=\"acymailing_module_formAcymailing67941\" class=\"acymailing_modulebox2\">\n<div id=\"acymailing_fulldiv_formAcymailing67941\" class=\"acymailing_fulldiv\">\n<form id=\"formAcymailing67941\" action=\"https:\/\/diputadossanjuan.gob.ar\/prensa\/11403-el-ministro-de-economia-hacienda-y-finanzas-presento-el-presupuesto-ante-los-diputados\" method=\"post\" name=\"formAcymailing67941\">\n<div class=\"acymailing_module_form\">\n<div class=\"acymailing_introtext\"><\/div>\n<div class=\"acymailing_form\">\n<p id=\"field_name_formAcymailing67941\" class=\"onefield fieldacyname\"><span class=\"acyfield_name acy_requiredField\"><input id=\"user_name_formAcymailing67941\" class=\"inputbox required\" title=\"Nombre\" name=\"user[name]\" type=\"text\" value=\"Nombre\" \/><\/span><\/p>\n<p id=\"field_email_formAcymailing67941\" class=\"onefield fieldacyemail\"><span class=\"acyfield_email acy_requiredField\"><input id=\"user_email_formAcymailing67941\" class=\"inputbox required\" title=\"Correo electr\u00f3nico\" name=\"user[email]\" type=\"text\" value=\"Correo electr\u00f3nico\" \/><\/span><\/p>\n<p class=\"acysubbuttons\"><input class=\"button subbutton btn btn-primary\" name=\"Submit\" type=\"submit\" value=\"Quiero suscribirme\" \/><\/p>\n<\/div>\n<\/div>\n<\/form>\n<\/div>\n<\/div>\n<\/div>\n<\/div>\n<\/div>\n<\/div>\n<\/div>\n<\/aside>\n<\/div>\n<\/div>\n<\/div>\n<\/section>\n<section id=\"g-to-top\">\n<div class=\"g-container\">\n<div class=\"g-grid\">\n<div class=\"g-block size-100\"><\/div>\n<\/div>\n<\/div>\n<\/section>\n","protected":false},"excerpt":{"rendered":"<p>En el auditorio Emar Acosta del edificio Anexo, el ministro de Econom\u00eda, Hacienda y Finanzas, CPN Roberto Guti\u00e9rrez, realiz\u00f3 la<\/p>\n","protected":false},"author":3,"featured_media":80534,"comment_status":"closed","ping_status":"closed","sticky":false,"template":"","format":"standard","meta":{"_acf_changed":false,"_seopress_robots_primary_cat":"none","_seopress_titles_title":"","_seopress_titles_desc":"","_seopress_robots_index":"","colormag_page_container_layout":"default_layout","colormag_page_sidebar_layout":"default_layout","footnotes":""},"categories":[10],"tags":[],"class_list":["post-80531","post","type-post","status-publish","format-standard","has-post-thumbnail","hentry","category-opiniones"],"acf":[],"_links":{"self":[{"href":"https:\/\/vocesparalelas.com.ar\/sitio\/wp-json\/wp\/v2\/posts\/80531","targetHints":{"allow":["GET"]}}],"collection":[{"href":"https:\/\/vocesparalelas.com.ar\/sitio\/wp-json\/wp\/v2\/posts"}],"about":[{"href":"https:\/\/vocesparalelas.com.ar\/sitio\/wp-json\/wp\/v2\/types\/post"}],"author":[{"embeddable":true,"href":"https:\/\/vocesparalelas.com.ar\/sitio\/wp-json\/wp\/v2\/users\/3"}],"replies":[{"embeddable":true,"href":"https:\/\/vocesparalelas.com.ar\/sitio\/wp-json\/wp\/v2\/comments?post=80531"}],"version-history":[{"count":3,"href":"https:\/\/vocesparalelas.com.ar\/sitio\/wp-json\/wp\/v2\/posts\/80531\/revisions"}],"predecessor-version":[{"id":80591,"href":"https:\/\/vocesparalelas.com.ar\/sitio\/wp-json\/wp\/v2\/posts\/80531\/revisions\/80591"}],"wp:featuredmedia":[{"embeddable":true,"href":"https:\/\/vocesparalelas.com.ar\/sitio\/wp-json\/wp\/v2\/media\/80534"}],"wp:attachment":[{"href":"https:\/\/vocesparalelas.com.ar\/sitio\/wp-json\/wp\/v2\/media?parent=80531"}],"wp:term":[{"taxonomy":"category","embeddable":true,"href":"https:\/\/vocesparalelas.com.ar\/sitio\/wp-json\/wp\/v2\/categories?post=80531"},{"taxonomy":"post_tag","embeddable":true,"href":"https:\/\/vocesparalelas.com.ar\/sitio\/wp-json\/wp\/v2\/tags?post=80531"}],"curies":[{"name":"wp","href":"https:\/\/api.w.org\/{rel}","templated":true}]}}