{"id":80442,"date":"2024-12-14T20:39:28","date_gmt":"2024-12-14T23:39:28","guid":{"rendered":"https:\/\/vocesparalelas.com.ar\/sitio\/?p=80442"},"modified":"2024-12-16T01:31:27","modified_gmt":"2024-12-16T04:31:27","slug":"vos-a-quien-te-pareces","status":"publish","type":"post","link":"https:\/\/vocesparalelas.com.ar\/sitio\/vos-a-quien-te-pareces\/","title":{"rendered":"Vos, \u00bfa qui\u00e9n te parec\u00e9s?"},"content":{"rendered":"<p>Por el Arzobispo de San Juan de Cuyo, Monse\u00f1or Jorge Eduardo Lozano<\/p>\n<p>Y tal vez mejor ser\u00eda preguntarte, \u00bfa qui\u00e9n quer\u00e9s parecerte? No se trata de vivir vidas prestadas. Los ni\u00f1os y adolescentes a veces sue\u00f1an con tener el aspecto de alguien famoso, las habilidades de alg\u00fan deportista, los poderes de un superh\u00e9roe, las riquezas de personajes destacados. \u00bfY yo?<\/p>\n<p>El mundo actual es competitivo, valora a los m\u00e1s fuertes y a los ganadores. Por el contrario, son dejados de lado los m\u00e1s d\u00e9biles, los considerados como perdedores. Cuesta promover actitudes que logren una sociedad en la cual haya espacio para todas las personas, respetando su edad y condici\u00f3n.<\/p>\n<p>\u00a1C\u00f3mo luchan y trabajan hombres y mujeres que se organizan para asistir a quienes tienen capacidades diferentes o disminuidas!<\/p>\n<p>Dios se hace cercano para mostrarnos qui\u00e9nes somos los seres humanos. Como expresa un hermoso documento del Concilio Vaticano II, \u201cel misterio del hombre s\u00f3lo se esclarece en el misterio del Verbo encarnado\u201d (GS 22). Es una consecuencia de la Navidad: \u201cel Hijo de Dios con su encarnaci\u00f3n se ha unido, en cierto modo, con todo hombre. Trabaj\u00f3 con manos de hombre, pens\u00f3 con inteligencia de hombre, obr\u00f3 con voluntad de hombre, am\u00f3 con coraz\u00f3n de hombre\u201d (GS 22).<\/p>\n<p>Este acontecimiento \u201cnos invita a ponernos espiritualmente en camino\u201d con la imaginaci\u00f3n y el coraz\u00f3n hasta un lugar lejano en el tiempo y la cultura, para acercarnos a contemplar y gozar \u201catra\u00eddos por la humildad de Aquel que se ha hecho hombre para encontrar a cada hombre. Y descubrimos que \u00c9l nos ama hasta el punto de unirse a nosotros, para que tambi\u00e9n nosotros podamos unirnos a \u00c9l\u201d (Francisco, El hermoso signo de pesebre, 2019).<br \/>\nTe cuento que Dios tanto nos ama que se quiere parecer a nosotros.<\/p>\n<p>El nacimiento de Jes\u00fas tiene un realismo inocultable. Es un ni\u00f1o concreto, envuelto en pa\u00f1ales por su mam\u00e1. Recostado en un pesebre que aloja animales, con sus particulares aromas y temperaturas. Casi en la intemperie.<\/p>\n<p>Esa fragilidad de Dios puede llegar a escandalizarnos y desubicarnos. Nos resulta m\u00e1s atractiva \u201cla idea\u201d de un Dios que sea fuerte, poderoso, omnipotente, ante quien nada hay imposible. Y as\u00ed es Dios. Pero en la Navidad se muestra de otra manera, que tenemos que arriesgarnos a contemplar aunque nos resistamos. Son los modos que Dios tiene para ense\u00f1arnos ese otro modo de actuar que muchas veces nos desconcierta. Ya lo dec\u00eda San Agust\u00edn: \u201cSin dejar de ser lo que era, empez\u00f3 a ser lo que no era\u201d.<\/p>\n<p>La autenticidad del Dios que asume nuestra naturaleza est\u00e1 expresada en el inicio del Evangelio de San Juan: \u201cEl Verbo se hizo carne y habit\u00f3 entre nosotros\u201d (Jn 1, 14). Dios asume nuestra condici\u00f3n; se hace uno igual a nosotros menos en el pecado. En otras palabras, asume la fragilidad y debilidad de nuestra carne, no s\u00f3lo para hacerse igual a nosotros sino que, haci\u00e9ndose fr\u00e1gil como nosotros, nosotros nos hacemos fuertes en \u00c9l.<br \/>\nDios se hace cercano y d\u00e9bil para que no le tengamos miedo. Tan peque\u00f1o como para que nos animemos a inclinarnos, tomarlo en brazos y, arrim\u00e1ndolo a la mejilla, sentir su calor y belleza.<\/p>\n<p>Podemos afirmar que, en realidad, es Dios quien quiere tomarnos a nosotros en sus brazos y arroparnos con ternura junto a su coraz\u00f3n de Padre. \u00c9l asume nuestras fragilidades, las trata con sumo cuidado y respeto, sabiendo que por nuestro parecido con Jes\u00fas forman parte de nuestra historia sagrada.<\/p>\n<p>Dios se pone de nuestro lado. No hace falta ser triunfadores y exitosos para llamar su atenci\u00f3n. \u201cMar\u00eda quiere parir un mundo nuevo, donde todos seamos hermanos, donde haya lugar para cada descartado de nuestras sociedades, donde resplandezcan la justicia y la paz.\u201d (FT 278)<\/p>\n<p><iframe loading=\"lazy\" title=\"SAN JUAN MONSE\u00d1OR JORGE LOZANO\" width=\"800\" height=\"450\" src=\"https:\/\/www.youtube.com\/embed\/HcMIF0Mj5xc?feature=oembed\" frameborder=\"0\" allow=\"accelerometer; autoplay; clipboard-write; encrypted-media; gyroscope; picture-in-picture; web-share\" referrerpolicy=\"strict-origin-when-cross-origin\" allowfullscreen><\/iframe><\/p>\n<p>&nbsp;<\/p>\n<p><img loading=\"lazy\" decoding=\"async\" class=\"alignnone size-full wp-image-61416 alignright\" src=\"https:\/\/vocesparalelas.com.ar\/sitio\/wp-content\/uploads\/2023\/07\/ARZOBISPADO-EDIFICIO.jpg\" alt=\"\" width=\"800\" height=\"600\" srcset=\"https:\/\/vocesparalelas.com.ar\/sitio\/wp-content\/uploads\/2023\/07\/ARZOBISPADO-EDIFICIO.jpg 800w, https:\/\/vocesparalelas.com.ar\/sitio\/wp-content\/uploads\/2023\/07\/ARZOBISPADO-EDIFICIO-300x225.jpg 300w, https:\/\/vocesparalelas.com.ar\/sitio\/wp-content\/uploads\/2023\/07\/ARZOBISPADO-EDIFICIO-768x576.jpg 768w\" sizes=\"auto, (max-width: 800px) 100vw, 800px\" \/><\/p>\n","protected":false},"excerpt":{"rendered":"<p>Por el Arzobispo de San Juan de Cuyo, Monse\u00f1or Jorge Eduardo Lozano Y tal vez mejor ser\u00eda preguntarte, \u00bfa qui\u00e9n<\/p>\n","protected":false},"author":3,"featured_media":20281,"comment_status":"closed","ping_status":"closed","sticky":false,"template":"","format":"standard","meta":{"_acf_changed":false,"_seopress_robots_primary_cat":"none","_seopress_titles_title":"","_seopress_titles_desc":"","_seopress_robots_index":"","colormag_page_container_layout":"default_layout","colormag_page_sidebar_layout":"default_layout","footnotes":""},"categories":[10,7],"tags":[],"class_list":["post-80442","post","type-post","status-publish","format-standard","has-post-thumbnail","hentry","category-opiniones","category-videos"],"acf":[],"_links":{"self":[{"href":"https:\/\/vocesparalelas.com.ar\/sitio\/wp-json\/wp\/v2\/posts\/80442","targetHints":{"allow":["GET"]}}],"collection":[{"href":"https:\/\/vocesparalelas.com.ar\/sitio\/wp-json\/wp\/v2\/posts"}],"about":[{"href":"https:\/\/vocesparalelas.com.ar\/sitio\/wp-json\/wp\/v2\/types\/post"}],"author":[{"embeddable":true,"href":"https:\/\/vocesparalelas.com.ar\/sitio\/wp-json\/wp\/v2\/users\/3"}],"replies":[{"embeddable":true,"href":"https:\/\/vocesparalelas.com.ar\/sitio\/wp-json\/wp\/v2\/comments?post=80442"}],"version-history":[{"count":1,"href":"https:\/\/vocesparalelas.com.ar\/sitio\/wp-json\/wp\/v2\/posts\/80442\/revisions"}],"predecessor-version":[{"id":80445,"href":"https:\/\/vocesparalelas.com.ar\/sitio\/wp-json\/wp\/v2\/posts\/80442\/revisions\/80445"}],"wp:featuredmedia":[{"embeddable":true,"href":"https:\/\/vocesparalelas.com.ar\/sitio\/wp-json\/wp\/v2\/media\/20281"}],"wp:attachment":[{"href":"https:\/\/vocesparalelas.com.ar\/sitio\/wp-json\/wp\/v2\/media?parent=80442"}],"wp:term":[{"taxonomy":"category","embeddable":true,"href":"https:\/\/vocesparalelas.com.ar\/sitio\/wp-json\/wp\/v2\/categories?post=80442"},{"taxonomy":"post_tag","embeddable":true,"href":"https:\/\/vocesparalelas.com.ar\/sitio\/wp-json\/wp\/v2\/tags?post=80442"}],"curies":[{"name":"wp","href":"https:\/\/api.w.org\/{rel}","templated":true}]}}