{"id":80351,"date":"2024-12-12T18:30:41","date_gmt":"2024-12-12T21:30:41","guid":{"rendered":"https:\/\/vocesparalelas.com.ar\/sitio\/?p=80351"},"modified":"2024-12-13T18:39:53","modified_gmt":"2024-12-13T21:39:53","slug":"la-farmacia-es-el-unico-espacio-de-venta-de-medicacion-en-san-juan","status":"publish","type":"post","link":"https:\/\/vocesparalelas.com.ar\/sitio\/la-farmacia-es-el-unico-espacio-de-venta-de-medicacion-en-san-juan\/","title":{"rendered":"La farmacia es el \u00fanico espacio de venta de medicaci\u00f3n en San Juan"},"content":{"rendered":"<p>El Ministerio de Salud del Gobierno de San Juan a trav\u00e9s de la Direcci\u00f3n de Asuntos Legales y la Divisi\u00f3n Farmacia, informa a la poblaci\u00f3n en general, que contin\u00faa vigente en la Provincia de San Juan y es de plena aplicaci\u00f3n, el Decreto Reglamentario N\u00b01722, de la Ley 67-Q (C\u00f3digo Sanitario de Salud).<\/p>\n<p>Que establece en relaci\u00f3n a la comercializaci\u00f3n de medicamentos que \u201cEl expendio, venta al p\u00fablico de drogas, hierbas medicinales, f\u00f3rmulas magistrales, especialidades medicinales, veterinarios y cosm\u00e9tica de acci\u00f3n curativa, s\u00f3lo podr\u00e1n hacerse en las farmacias. Fuera de la farmacia ser\u00e1n consideradas como ejercicio ilegal de la profesi\u00f3n\u00bb.<\/p>\n<p>Las denuncias se pueden realizar por Divisi\u00f3n Farmacia de Lunes a Viernes, de 7:00 a 14:00 horas, 3 Piso, Ministerio de Salud, N\u00facleo 2, Centro C\u00edvico.<\/p>\n<p><img loading=\"lazy\" decoding=\"async\" class=\"alignnone size-full wp-image-65642\" src=\"https:\/\/vocesparalelas.com.ar\/sitio\/wp-content\/uploads\/2023\/11\/GOBIERNO-SAN-JUAN.jpg\" alt=\"\" width=\"800\" height=\"600\" srcset=\"https:\/\/vocesparalelas.com.ar\/sitio\/wp-content\/uploads\/2023\/11\/GOBIERNO-SAN-JUAN.jpg 800w, https:\/\/vocesparalelas.com.ar\/sitio\/wp-content\/uploads\/2023\/11\/GOBIERNO-SAN-JUAN-300x225.jpg 300w, https:\/\/vocesparalelas.com.ar\/sitio\/wp-content\/uploads\/2023\/11\/GOBIERNO-SAN-JUAN-768x576.jpg 768w\" sizes=\"auto, (max-width: 800px) 100vw, 800px\" \/><\/p>\n","protected":false},"excerpt":{"rendered":"<p>El Ministerio de Salud del Gobierno de San Juan a trav\u00e9s de la Direcci\u00f3n de Asuntos Legales y la Divisi\u00f3n<\/p>\n","protected":false},"author":3,"featured_media":15130,"comment_status":"closed","ping_status":"closed","sticky":false,"template":"","format":"standard","meta":{"_acf_changed":false,"_seopress_robots_primary_cat":"none","_seopress_titles_title":"","_seopress_titles_desc":"","_seopress_robots_index":"","colormag_page_container_layout":"default_layout","colormag_page_sidebar_layout":"default_layout","footnotes":""},"categories":[2],"tags":[],"class_list":["post-80351","post","type-post","status-publish","format-standard","has-post-thumbnail","hentry","category-convocatorias"],"acf":[],"_links":{"self":[{"href":"https:\/\/vocesparalelas.com.ar\/sitio\/wp-json\/wp\/v2\/posts\/80351","targetHints":{"allow":["GET"]}}],"collection":[{"href":"https:\/\/vocesparalelas.com.ar\/sitio\/wp-json\/wp\/v2\/posts"}],"about":[{"href":"https:\/\/vocesparalelas.com.ar\/sitio\/wp-json\/wp\/v2\/types\/post"}],"author":[{"embeddable":true,"href":"https:\/\/vocesparalelas.com.ar\/sitio\/wp-json\/wp\/v2\/users\/3"}],"replies":[{"embeddable":true,"href":"https:\/\/vocesparalelas.com.ar\/sitio\/wp-json\/wp\/v2\/comments?post=80351"}],"version-history":[{"count":2,"href":"https:\/\/vocesparalelas.com.ar\/sitio\/wp-json\/wp\/v2\/posts\/80351\/revisions"}],"predecessor-version":[{"id":80355,"href":"https:\/\/vocesparalelas.com.ar\/sitio\/wp-json\/wp\/v2\/posts\/80351\/revisions\/80355"}],"wp:featuredmedia":[{"embeddable":true,"href":"https:\/\/vocesparalelas.com.ar\/sitio\/wp-json\/wp\/v2\/media\/15130"}],"wp:attachment":[{"href":"https:\/\/vocesparalelas.com.ar\/sitio\/wp-json\/wp\/v2\/media?parent=80351"}],"wp:term":[{"taxonomy":"category","embeddable":true,"href":"https:\/\/vocesparalelas.com.ar\/sitio\/wp-json\/wp\/v2\/categories?post=80351"},{"taxonomy":"post_tag","embeddable":true,"href":"https:\/\/vocesparalelas.com.ar\/sitio\/wp-json\/wp\/v2\/tags?post=80351"}],"curies":[{"name":"wp","href":"https:\/\/api.w.org\/{rel}","templated":true}]}}