{"id":80334,"date":"2024-12-12T15:48:40","date_gmt":"2024-12-12T18:48:40","guid":{"rendered":"https:\/\/vocesparalelas.com.ar\/sitio\/?p=80334"},"modified":"2024-12-13T18:38:35","modified_gmt":"2024-12-13T21:38:35","slug":"la-camara-de-diputados-de-san-juan-aprobo-la-ley-para-regular-los-juegos-en-linea","status":"publish","type":"post","link":"https:\/\/vocesparalelas.com.ar\/sitio\/la-camara-de-diputados-de-san-juan-aprobo-la-ley-para-regular-los-juegos-en-linea\/","title":{"rendered":"La C\u00e1mara de Diputados de San Juan aprob\u00f3 la Ley para regular los juegos en l\u00ednea"},"content":{"rendered":"<p>Con el objeto de regular la actividad del juego de azar en l\u00ednea en sus distintas modalidades, la C\u00e1mara de Diputados de San Juan aprob\u00f3 el proyecto de Ley para garantizar el orden p\u00fablico, erradicar el juego ilegal, procurando el juego responsable, luchar contra el fraude y prevenir las conductas adictivas sin sustancias relacionadas con el juego patol\u00f3gico, proteger los derechos de los ni\u00f1os, ni\u00f1as y adolescentes menores de 18 a\u00f1os.<\/p>\n<p>La Decimosexta estuvo presidida de forma alternada por el vicepresidente primero del Poder Legislativo, diputado Enzo Cornejo, y la vicepresidente segunda, diputada CPN Marisa L\u00f3pez, quienes estuvieron acompa\u00f1ados por los secretarios Legislativo, Dr. Gustavo Velert y Administrativo, Lic. Jorge Fern\u00e1ndez.<\/p>\n<p>Cabe se\u00f1alar que, durante la mencionada Sesi\u00f3n tom\u00f3 estado parlamentario el Proyecto de Ley, remitido por el Poder Ejecutivo, por el que se env\u00eda para su aprobaci\u00f3n el Presupuesto de la Administraci\u00f3n P\u00fablica Provincial, Ejercicio Fiscal a\u00f1o 2025. Por otro lado, los legisladores resolvieron enviar de nuevo a comisiones el proyecto de Ley que crea el Programa de Educaci\u00f3n Emocional.<\/p>\n<p>Otros de los asuntos que resolvieron en el recinto fue la designaci\u00f3n de los integrantes del jurado de enjuiciamiento de acuerdo a lo preceptuado por el art\u00edculo 230 de la Constituci\u00f3n Provincial.<\/p>\n<p>Tambi\u00e9n, la Legislatura adhiri\u00f3 a la Ley Nacional N\u00ba 27.447 de Trasplante de \u00d3rganos, Tejidos y C\u00e9lulas.<\/p>\n<p>Adem\u00e1s, aprob\u00f3 seis proyectos de Ley que imponen los siguientes nombres a diversas instituciones educativas:<\/p>\n<ul>\n<li>\u201cCENS Cabo Segundo Jos\u00e9 Esteban Lucero\u201d, al Centro educativo de nivel secundario N\u00ba 134.<\/li>\n<li>\u201cEscuela Secundaria Licenciado Edgardo Mendoza\u201d al Bachiller Jos\u00e9 Manuel Estrada.<\/li>\n<li>Escuela Nocturna Dr. Rodolfo Edgar Brusotti, a la Unidad Educativa para Adultos M\u00f3vil N\u00ba 20 del Departamento Ullum.<\/li>\n<li>Escuela Am\u00e9rica Sof\u00eda Gil de Calvo a la Unidad Educativa para Adultos N\u00ba 2 del Departamento Caucete.<\/li>\n<li>Escuela Ingeniero Mat\u00edas S\u00e1nchez de Loria a la Escuela U.E.P.A. M\u00f3vil N\u00ba 3, establecimiento ubicado en el departamento Zonda.<\/li>\n<li>Escuela Nocturna Paso de los Patos, a la Unidad Educativa para Adultos M\u00f3vil N\u00ba 7 del departamento Calingasta.<\/li>\n<\/ul>\n<p>Tambi\u00e9n, la C\u00e1mara ratific\u00f3:<\/p>\n<ul>\n<li>El Acuerdo de Compromiso de Gesti\u00f3n \u2013 Programa para la Implementaci\u00f3n de Unidades Hospitalarias de Procuraci\u00f3n de \u00d3rganos y Tejidos (UHPROT);<\/li>\n<li>El Convenio Marco de Cooperaci\u00f3n suscripto entre el Ministerio de Salud de la provincia de San Juan y la Universidad Adolfo Ib\u00e1\u00f1ez de Santiago de Chile;<\/li>\n<li>El Convenio de Adquisici\u00f3n Directa del Inmueble suscripto por la Direcci\u00f3n Nacional de Vialidad y la Provincia de San Juan;<\/li>\n<li>El Convenio de Adhesi\u00f3n suscripto entre la Secretar\u00eda de Energ\u00eda del Ministerio de Econom\u00eda de la Naci\u00f3n y el Ministerio de Obras y Servicios P\u00fablicos de la provincia de San Juan, para llevar adelante la implementaci\u00f3n del Programa nacional de Etiquetado de Viviendas (PRONEV).<\/li>\n<\/ul>\n<p>Adem\u00e1s, la Legislatura declar\u00f3 de inter\u00e9s las siguientes actividades:<\/p>\n<ul>\n<li>Fiesta de Albard\u00f3n, en el marco de los festejos programados para conmemorar el 159\u00b0 Aniversario del departamento Albard\u00f3n.<\/li>\n<li>Las actividades y actos que se desarrollen con motivo de conmemorarse el 111\u00b0 Aniversario de la creaci\u00f3n del Departamento de Ullum.<\/li>\n<li>Las actividades que se desarrollan en el sector denominado \u00abLa Usina de Ullum\u00bb, en el perilago de Ullum (ex Jirafa azul), departamento de Ullum.<\/li>\n<li>Las actividades y actos que se desarrollen con motivo de la celebraci\u00f3n de una nueva edici\u00f3n de la Fiesta Departamental de Ullum y su Espejo, y la Fiesta en Ullum est\u00e1n Chayando.<\/li>\n<li>El 50\u00ba Aniversario de la Fiesta del Carrerito Sanjuanino, organizado por la Municipalidad de 25 de Mayo.<\/li>\n<li>El evento musical folkl\u00f3rico Baila al Ritmo de la Vida, interpretado por alumnos del Instituto Alma Guyana, bajo la direcci\u00f3n de la profesora Vanesa Quiroz.<\/li>\n<li>El espect\u00e1culo denominado Bel\u00e9n Viviente organizado por la Municipalidad de San Martin.<br \/>\n\u00abCircuito Navidad\u00bb organizada por la Asociaci\u00f3n Asociaci\u00f3n Atl\u00e9tica Albard\u00f3n.<\/li>\n<li>El Video Documental \u00abReconstruyendo Memoria: La Historia del Centro de Estudiantes de la Facultad de Sociales\u00bb.<\/li>\n<li>Por \u00faltimo, el cuerpo legislativo expres\u00f3 su benepl\u00e1cito por el Campeonato de la Primera Nacional obtenido por el Club Atl\u00e9tico San Mart\u00edn y su Ascenso a Primera Divisi\u00f3n de la Asociaci\u00f3n del Futbol Argentino.<\/li>\n<\/ul>\n<p>DETALLES DE LOS TEMAS<\/p>\n<p>Ley sobre Regulaci\u00f3n de Juegos en L\u00ednea<\/p>\n<p>&nbsp;<\/p>\n<p><iframe loading=\"lazy\" title=\"Diputados Franco Aranda y Juan de la Cruz C\u00f3rdoba - Regulaci\u00f3n de Juegos de Azar en Linea\" width=\"800\" height=\"450\" src=\"https:\/\/www.youtube.com\/embed\/0tj60Xt-p_k?feature=oembed\" frameborder=\"0\" allow=\"accelerometer; autoplay; clipboard-write; encrypted-media; gyroscope; picture-in-picture; web-share\" referrerpolicy=\"strict-origin-when-cross-origin\" allowfullscreen><\/iframe><\/p>\n<p>Tras los argumentos brindados por los diputados Franco Aranda y Juan de la Cruz C\u00f3rdoba, el cuerpo Legislativo aprob\u00f3 por unanimidad la Ley que tiene por objeto regular la actividad del juego de azar en l\u00ednea en sus distintas modalidades. Durante el debate tambi\u00e9n hablaron los diputados Horacio Quiroga, Mario Herrero, Marisa L\u00f3pez y Juan Carlos Quiroga Moyano.<\/p>\n<p>Esta iniciativa tiene por finalidad \u201cgarantizar el orden p\u00fablico, erradicar el juego ilegal, procurando el juego responsable, luchar contra el fraude y prevenir las conductas adictivas sin sustancias relacionadas con el juego patol\u00f3gico, proteger los derechos de los ni\u00f1os, ni\u00f1as y adolescentes menores de 18 a\u00f1os de edad y salvaguardar los derechos de quienes participan en ellos, asegurando el cumplimiento de las leyes nacionales, provinciales, y las normativas internacionales ratificadas por nuestro pa\u00eds\u201d.<\/p>\n<p>En este sentido, la normativa entiende por juego de azar en l\u00ednea a \u201ctodos los juegos de sorteos, rifas, apuestas, combinaciones aleatorias y en general todas aquellas actividades en las que est\u00e9n en juego cantidades de dinero u objetos, econ\u00f3micamente evaluables seg\u00fan los resultados, con independencia de que predominen en ellos, el grado de habilidad, destreza o maestr\u00eda de los jugadores, o sean exclusiva y primordialmente de suerte, azar, ya sea que \u00e9stos se generen en el \u00e1mbito de la actividad p\u00fablica o privada, conforme lo establece la Ley N\u00b0 214- A, siempre que sean realizados a trav\u00e9s de los medios o plataformas digitales, electr\u00f3nicos, inform\u00e1ticos, telem\u00e1ticos, interactivos, de telecomunicaci\u00f3n o los que en el futuro se desarrollen, con efectos en la provincia de San Juan\u201d.<\/p>\n<p>Por otro lado, la Ley considera juego ilegal a \u201cla actividad del juego de azar en l\u00ednea llevada a cabo:<\/p>\n<p>Por personas que no poseen licencia autorizada por la autoridad de aplicaci\u00f3n y pretendan efectuar sus actividades en el \u00e1mbito de la provincia de San Juan;<br \/>\nPor personas que, si bien son licenciatarios, no cuentan con la oportuna autorizaci\u00f3n para el juego espec\u00edfico o incumplen las condiciones y requisitos establecidos por la presente ley y su respectiva reglamentaci\u00f3n.<\/p>\n<p>La autoridad de aplicaci\u00f3n debe solicitar el bloqueo de las direcciones IP, servidores, servicios de hosting de sitios web, medios de pago y toda otra medida que considere procedente para detener la actividad ilegal.<\/p>\n<p>Cabe se\u00f1alar que la Ley est\u00e1 compuesta por diez cap\u00edtulos referidos a lo siguiente:<\/p>\n<ul>\n<li>Disposiciones Generales<br \/>\nOrganizaci\u00f3n y explotaci\u00f3n del juego de azar en l\u00ednea<\/li>\n<li>Licenciatarios<br \/>\nSistema T\u00e9cnico<br \/>\nJugador<br \/>\nPol\u00edtica Social Integral Responsable del juego de azar en l\u00ednea<\/li>\n<li>Programas y campa\u00f1as de prevenci\u00f3n dirigida a la protecci\u00f3n de ni\u00f1os, ni\u00f1as y adolescentes de dieciocho (18) a\u00f1os de edad.<\/li>\n<li>Publicidad, patrocinio y promoci\u00f3n.<\/li>\n<li>R\u00e9gimen sancionatorio<br \/>\nDisposiciones complementarias<br \/>\nDesignaci\u00f3n de integrantes del Jurado de Enjuiciamiento<\/li>\n<li>De acuerdo a lo establecido en la ley N\u00ba 663-E, la C\u00e1mara de Diputados de San Juan defini\u00f3, antes del 15 de diciembre de cada a\u00f1o, los integrantes titulares y suplentes del Jurado de Enjuiciamiento, de acuerdo a lo preceptuado por el Art\u00edculo 230 de la Constituci\u00f3n provincial.<\/li>\n<li>En este sentido, resolvi\u00f3 designar como titulares a la diputada Marcela Quiroga y el diputado Leopoldo Soler y como suplentes a la diputada Alejandra Leonardo y al diputado Mario Herrero, para que integren el Jurado de Enjuiciamiento.<\/li>\n<\/ul>\n<p>Ley Nacional sobre Trasplante de \u00d3rganos, Tejidos y C\u00e9lulas<\/p>\n<p>M\u00e1s tarde, el cuerpo Legislativo aprob\u00f3 el proyecto de Ley presentado por el interbloque Cambia San Juan, por el que la Provincia se adhiere a la Ley Nacional N\u00b027.447 de Trasplante de \u00d3rganos, Tejidos y C\u00e9lulas. Este punto del orden del d\u00eda fue fundamentado por la diputada Mar\u00eda Lascano.<\/p>\n<p>Es importante recordar que, en Argentina, la Ley N.\u00b0 24.193, sancionada en 1993, ha establecido el marco legal para las actividades de procuraci\u00f3n y trasplante. No obstante, los avances cient\u00edficos y tecnol\u00f3gicos de las \u00faltimas d\u00e9cadas, as\u00ed como la evoluci\u00f3n de los derechos de los pacientes y la incorporaci\u00f3n de principios bio\u00e9ticos, exigen una actualizaci\u00f3n de dicha ley para adaptarla a las nuevas realidades. Por esto, la Ley Nacional N\u00b0 27447 consolida estos avances legislativos, permitiendo mejorar los procedimientos y reducir los tiempos de espera, aumentando as\u00ed la eficacia y seguridad en los trasplantes. En este sentido, esta normativa busca simplificar procedimientos administrativos para agilizar los tiempos sin comprometer la seguridad, lo cual permitir\u00e1 reducir el sufrimiento de quienes esperan un \u00f3rgano.<\/p>\n<p>Por otro lado, cabe destacar que esta ley promueve la educaci\u00f3n y la concientizaci\u00f3n de la sociedad sobre la importancia de la donaci\u00f3n de \u00f3rganos, tejidos y c\u00e9lulas, desmitificando temores y promoviendo una cultura de donaci\u00f3n consciente y solidaria.<\/p>\n<p>Adem\u00e1s, se trata de una respuesta integral a los desaf\u00edos cient\u00edficos y \u00e9ticos actuales, con el prop\u00f3sito de construir una sociedad solidaria y justa en la que cada ciudadano tenga la posibilidad de vivir plenamente.<\/p>\n<p>Imposici\u00f3n de nombres a escuelas provinciales<\/p>\n<p>Tambi\u00e9n, durante el desarrollo de la sesi\u00f3n, la Legislatura resolvi\u00f3 imponer los siguientes nombres para diversas instituciones educativas:<\/p>\n<ul>\n<li>\u201cCENS Cabo Segundo Jos\u00e9 Esteban Lucero\u201d, al Centro educativo de nivel secundario N\u00ba 134.<\/li>\n<li>\u201cEscuela Secundaria Licenciado Edgardo Mendoza\u201d, al Bachiller Jos\u00e9 Manuel Estrada.<\/li>\n<li>Escuela Nocturna Dr. Rodolfo Edgar Brusotti, a la Unidad Educativa para Adultos M\u00f3vil N\u00ba 20 del Departamento Ullum.<\/li>\n<li>Escuela Am\u00e9rica Sof\u00eda Gil de Calvo, a la Unidad Educativa para Adultos N\u00ba 2 del Departamento Caucete.<\/li>\n<li>Escuela Ingeniero Mat\u00edas S\u00e1nchez de Loria, a la Escuela U.E.P.A. M\u00f3vil N\u00ba 3, establecimiento ubicado en el departamento Zonda.<\/li>\n<li>Escuela Nocturna Paso de los Patos, a la Unidad Educativa para Adultos M\u00f3vil N\u00ba 7 del departamento Calingasta.<\/li>\n<\/ul>\n<p>Aprobaci\u00f3n de Convenios del Poder Ejecutivo<br \/>\nAsimismo, la C\u00e1mara de Diputados ratific\u00f3 los siguientes acuerdos:<\/p>\n<ul>\n<li>Compromiso de Gesti\u00f3n \u2013 Programa para la Implementaci\u00f3n de Unidades Hospitalarias de Procuraci\u00f3n de \u00d3rganos y Tejidos (UHPROT), suscripto entre el Instituto Nacional Central \u00danico Coordinador de Ablaci\u00f3n e Implante (INCUCAI), el Instituto de Ablaci\u00f3n e Implante de la provincia de San Juan (INAISA), el Hospital P\u00fablico Descentralizado Dr. Guillermo Rawson y el Ministerio de Salud. El objeto consiste en incrementar la disponibilidad de \u00f3rganos y tejidos para trasplante.<br \/>\nConvenio Marco de Cooperaci\u00f3n suscripto entre el Ministerio de Salud de la provincia de San Juan y la Universidad Adolfo Ib\u00e1\u00f1ez de Santiago de Chile, con el objeto de establecer una relaci\u00f3n institucional de cooperaci\u00f3n, para la realizaci\u00f3n de actividades de investigaci\u00f3n, acad\u00e9micas, docentes, de difusi\u00f3n de la cultura y extensi\u00f3n de servicios en todas aquellas \u00e1reas de inter\u00e9s rec\u00edproco, propios de sus objetivos y funciones, con miras al logro de sus fines y el aprovechamiento racional de sus recursos, el que se adjunta y forma parte integrante de la presente norma legal.<\/li>\n<li>Convenio de Adquisici\u00f3n Directa del Inmueble suscripto por la Direcci\u00f3n Nacional de Vialidad y la Provincia de San Juan con destino para la ejecuci\u00f3n de la obra Autopista Ruta Nacional N\u00b0 40 \u2014 Tramo: Limite Interprovincial Mendoza &#8211; San Juan Intersecci\u00f3n Acceso Sur y RP N\u00b0 179 \u2014 Secci\u00f3n II: Tres Esquinas \u2014 Intersecci\u00f3n RN N\u00b0 40 y RP N\u00b0 295 (Acceso a Cochagual) \u2014 Departamento Sarmiento, Provincia de San Juan.<\/li>\n<li>Convenio de Adhesi\u00f3n suscripto entre la Secretar\u00eda de Energ\u00eda del Ministerio de Econom\u00eda de la Naci\u00f3n y el Ministerio de Obras y Servicios P\u00fablicos de la provincia de San Juan, para llevar adelante la implementaci\u00f3n del Programa nacional de Etiquetado de Viviendas (PRONEV) que consiste en un sistema de etiquetado de eficiencia energ\u00e9tica unificado para todo el territorio nacional, que permita clasificarlas seg\u00fan su grado de eficiencia en el requerimiento global &#8211; energ\u00eda primaria, mediante una Etiqueta de Eficiencia Energ\u00e9tica.<br \/>\nResoluciones<\/li>\n<\/ul>\n<p>Despu\u00e9s, el cuerpo legislativo declar\u00f3 de inter\u00e9s:<\/p>\n<ul>\n<li>Cultural, tur\u00edstico y social la Fiesta de Albard\u00f3n, en el marco de los festejos programados para conmemorar el 159\u00b0 Aniversario del Departamento Albard\u00f3n, a realizarse el 25 y 26 de enero de 2025 en las instalaciones del Parque Latinoamericano. (Diputado Cristina L\u00f3pez- Pedro Albagli)<\/li>\n<li>Social, cultural e hist\u00f3rico las actividades y actos que se desarrollen con motivo de conmemorarse el 111\u00b0 Aniversario de la creaci\u00f3n del Departamento de Ullum, a realizarse el 23 de diciembre del a\u00f1o 2024. (Diputado Leopoldo Soler)<\/li>\n<li>Legislativo y Cultural las actividades que se desarrollan en el sector denominado \u00abLa Usina de Ullum\u00bb, en el perilago de Ullum (ex Jirafa azul), Departamento de Ullum. (Diputado Leopoldo Soler)<\/li>\n<li>Social, cultural e hist\u00f3rico las actividades y actos que se desarrollen con motivo de la celebraci\u00f3n de una nueva edici\u00f3n de la Fiesta Departamental de Ullum y su Espejo, y La Fiesta en Ullum est\u00e1n Chayando, a realizarse los d\u00edas 14, 15 y 16 de febrero del 2025 en el Departamento de Ullum. (Diputado Leopoldo Soler)<\/li>\n<li>Social, cultural y tur\u00edstico el 50\u00ba Aniversario de la Fiesta del Carrerito Sanjuanino, organizado por la Municipalidad de 25 de Mayo. (Diputado Juan Carlos Quiroga Moyano)<\/li>\n<li>Deportivo, recreativo y social a la prueba pedestre: \u00abCircuito Navidad\u00bb organizada por la A.A.A. (Asociaci\u00f3n Atl\u00e9tica Albard\u00f3n) a realizarse el d\u00eda 25 de diciembre del corriente a\u00f1o en honor a nuestra Se\u00f1ora del Rosario de Andacollo, por las calles del Distrito Obispo Zapata de la localidad El Rinc\u00f3n, departamento Albard\u00f3n. (Diputado Pedro Albagli)<\/li>\n<li>Cultural, hist\u00f3rico y educativo el Video Documental \u00abReconstruyendo Memoria: La Historia del Centro de Estudiantes de la Facultad de Sociales\u00bb. (Diputado Emilio Escudero)<\/li>\n<\/ul>\n<figure id=\"attachment_37951\" aria-describedby=\"caption-attachment-37951\" style=\"width: 800px\" class=\"wp-caption alignnone\"><img loading=\"lazy\" decoding=\"async\" class=\"size-full wp-image-37951\" src=\"https:\/\/vocesparalelas.com.ar\/sitio\/wp-content\/uploads\/2021\/05\/CAMARA-EDIFICIO.jpg\" alt=\"\" width=\"800\" height=\"515\" srcset=\"https:\/\/vocesparalelas.com.ar\/sitio\/wp-content\/uploads\/2021\/05\/CAMARA-EDIFICIO.jpg 800w, https:\/\/vocesparalelas.com.ar\/sitio\/wp-content\/uploads\/2021\/05\/CAMARA-EDIFICIO-300x193.jpg 300w, https:\/\/vocesparalelas.com.ar\/sitio\/wp-content\/uploads\/2021\/05\/CAMARA-EDIFICIO-768x494.jpg 768w\" sizes=\"auto, (max-width: 800px) 100vw, 800px\" \/><figcaption id=\"caption-attachment-37951\" class=\"wp-caption-text\">Legislatura Provincial de San Juan, Rep\u00fablica Argentina<\/figcaption><\/figure>\n<p style=\"text-align: right;\">\n","protected":false},"excerpt":{"rendered":"<p>Con el objeto de regular la actividad del juego de azar en l\u00ednea en sus distintas modalidades, la C\u00e1mara de<\/p>\n","protected":false},"author":3,"featured_media":73035,"comment_status":"closed","ping_status":"closed","sticky":false,"template":"","format":"standard","meta":{"_acf_changed":false,"_seopress_robots_primary_cat":"none","_seopress_titles_title":"","_seopress_titles_desc":"","_seopress_robots_index":"","colormag_page_container_layout":"default_layout","colormag_page_sidebar_layout":"default_layout","footnotes":""},"categories":[10,7],"tags":[],"class_list":["post-80334","post","type-post","status-publish","format-standard","has-post-thumbnail","hentry","category-opiniones","category-videos"],"acf":[],"_links":{"self":[{"href":"https:\/\/vocesparalelas.com.ar\/sitio\/wp-json\/wp\/v2\/posts\/80334","targetHints":{"allow":["GET"]}}],"collection":[{"href":"https:\/\/vocesparalelas.com.ar\/sitio\/wp-json\/wp\/v2\/posts"}],"about":[{"href":"https:\/\/vocesparalelas.com.ar\/sitio\/wp-json\/wp\/v2\/types\/post"}],"author":[{"embeddable":true,"href":"https:\/\/vocesparalelas.com.ar\/sitio\/wp-json\/wp\/v2\/users\/3"}],"replies":[{"embeddable":true,"href":"https:\/\/vocesparalelas.com.ar\/sitio\/wp-json\/wp\/v2\/comments?post=80334"}],"version-history":[{"count":4,"href":"https:\/\/vocesparalelas.com.ar\/sitio\/wp-json\/wp\/v2\/posts\/80334\/revisions"}],"predecessor-version":[{"id":80367,"href":"https:\/\/vocesparalelas.com.ar\/sitio\/wp-json\/wp\/v2\/posts\/80334\/revisions\/80367"}],"wp:featuredmedia":[{"embeddable":true,"href":"https:\/\/vocesparalelas.com.ar\/sitio\/wp-json\/wp\/v2\/media\/73035"}],"wp:attachment":[{"href":"https:\/\/vocesparalelas.com.ar\/sitio\/wp-json\/wp\/v2\/media?parent=80334"}],"wp:term":[{"taxonomy":"category","embeddable":true,"href":"https:\/\/vocesparalelas.com.ar\/sitio\/wp-json\/wp\/v2\/categories?post=80334"},{"taxonomy":"post_tag","embeddable":true,"href":"https:\/\/vocesparalelas.com.ar\/sitio\/wp-json\/wp\/v2\/tags?post=80334"}],"curies":[{"name":"wp","href":"https:\/\/api.w.org\/{rel}","templated":true}]}}