{"id":80326,"date":"2024-12-12T14:10:58","date_gmt":"2024-12-12T17:10:58","guid":{"rendered":"https:\/\/vocesparalelas.com.ar\/sitio\/?p=80326"},"modified":"2024-12-13T15:32:54","modified_gmt":"2024-12-13T18:32:54","slug":"se-amplia-el-horario-de-redtulum-para-la-fiesta-nacional-de-santa-lucia-en-san-juan","status":"publish","type":"post","link":"https:\/\/vocesparalelas.com.ar\/sitio\/se-amplia-el-horario-de-redtulum-para-la-fiesta-nacional-de-santa-lucia-en-san-juan\/","title":{"rendered":"Se ampl\u00eda el horario de RedTulum para la Fiesta Nacional de Santa Luc\u00eda en San Juan"},"content":{"rendered":"<p style=\"text-align: right;\">Las L\u00edneas D y 303 operan hasta las 03:00 hs. para facilitar el acceso al evento a la Fiesta Nacional de Santa Lucia.<\/p>\n<p>En un esfuerzo por garantizar la movilidad de los ciudadanos durante la Fiesta Nacional de Santa Luc\u00eda 2024, el Ministerio de Gobierno, a trav\u00e9s de la Direcci\u00f3n de Coordinaci\u00f3n de RedTulum, anunci\u00f3 la ampliaci\u00f3n de los horarios de las l\u00edneas D y 303.<\/p>\n<p>Los d\u00edas Viernes, 13; S\u00e1bado, 14 y Domingo, 15 de Diciembre, estas l\u00edneas, operadas por la empresa Alto de Sierra S.R.L., extienden su servicio hasta las 03:00 hs.<\/p>\n<p>Este ajuste permite a los asistentes disfrutar plenamente del evento sin preocuparse por el transporte nocturno.<\/p>\n<p>El Ministerio insta a los usuarios a planificar sus desplazamientos con anticipaci\u00f3n y aprovechar esta extensi\u00f3n horaria pensada para facilitar el acceso a una de las celebraciones m\u00e1s importantes de la regi\u00f3n.<\/p>\n<p><img loading=\"lazy\" decoding=\"async\" class=\"alignnone size-full wp-image-67165\" src=\"https:\/\/vocesparalelas.com.ar\/sitio\/wp-content\/uploads\/2023\/12\/SANTA-LUCIA-PATRONA-01.jpg\" alt=\"\" width=\"800\" height=\"491\" srcset=\"https:\/\/vocesparalelas.com.ar\/sitio\/wp-content\/uploads\/2023\/12\/SANTA-LUCIA-PATRONA-01.jpg 800w, https:\/\/vocesparalelas.com.ar\/sitio\/wp-content\/uploads\/2023\/12\/SANTA-LUCIA-PATRONA-01-300x184.jpg 300w, https:\/\/vocesparalelas.com.ar\/sitio\/wp-content\/uploads\/2023\/12\/SANTA-LUCIA-PATRONA-01-768x471.jpg 768w\" sizes=\"auto, (max-width: 800px) 100vw, 800px\" \/><\/p>\n","protected":false},"excerpt":{"rendered":"<p>Las L\u00edneas D y 303 operan hasta las 03:00 hs. para facilitar el acceso al evento a la Fiesta Nacional<\/p>\n","protected":false},"author":3,"featured_media":74417,"comment_status":"closed","ping_status":"closed","sticky":false,"template":"","format":"standard","meta":{"_acf_changed":false,"_seopress_robots_primary_cat":"none","_seopress_titles_title":"","_seopress_titles_desc":"","_seopress_robots_index":"","colormag_page_container_layout":"default_layout","colormag_page_sidebar_layout":"default_layout","footnotes":""},"categories":[6],"tags":[],"class_list":["post-80326","post","type-post","status-publish","format-standard","has-post-thumbnail","hentry","category-eventos"],"acf":[],"_links":{"self":[{"href":"https:\/\/vocesparalelas.com.ar\/sitio\/wp-json\/wp\/v2\/posts\/80326","targetHints":{"allow":["GET"]}}],"collection":[{"href":"https:\/\/vocesparalelas.com.ar\/sitio\/wp-json\/wp\/v2\/posts"}],"about":[{"href":"https:\/\/vocesparalelas.com.ar\/sitio\/wp-json\/wp\/v2\/types\/post"}],"author":[{"embeddable":true,"href":"https:\/\/vocesparalelas.com.ar\/sitio\/wp-json\/wp\/v2\/users\/3"}],"replies":[{"embeddable":true,"href":"https:\/\/vocesparalelas.com.ar\/sitio\/wp-json\/wp\/v2\/comments?post=80326"}],"version-history":[{"count":2,"href":"https:\/\/vocesparalelas.com.ar\/sitio\/wp-json\/wp\/v2\/posts\/80326\/revisions"}],"predecessor-version":[{"id":80380,"href":"https:\/\/vocesparalelas.com.ar\/sitio\/wp-json\/wp\/v2\/posts\/80326\/revisions\/80380"}],"wp:featuredmedia":[{"embeddable":true,"href":"https:\/\/vocesparalelas.com.ar\/sitio\/wp-json\/wp\/v2\/media\/74417"}],"wp:attachment":[{"href":"https:\/\/vocesparalelas.com.ar\/sitio\/wp-json\/wp\/v2\/media?parent=80326"}],"wp:term":[{"taxonomy":"category","embeddable":true,"href":"https:\/\/vocesparalelas.com.ar\/sitio\/wp-json\/wp\/v2\/categories?post=80326"},{"taxonomy":"post_tag","embeddable":true,"href":"https:\/\/vocesparalelas.com.ar\/sitio\/wp-json\/wp\/v2\/tags?post=80326"}],"curies":[{"name":"wp","href":"https:\/\/api.w.org\/{rel}","templated":true}]}}