{"id":80316,"date":"2024-12-12T12:54:14","date_gmt":"2024-12-12T15:54:14","guid":{"rendered":"https:\/\/vocesparalelas.com.ar\/sitio\/?p=80316"},"modified":"2024-12-13T21:31:04","modified_gmt":"2024-12-14T00:31:04","slug":"el-gobierno-de-san-juan-decreto-asueto-administrativo-para-el-24-y-31-de-diciembre-2024","status":"publish","type":"post","link":"https:\/\/vocesparalelas.com.ar\/sitio\/el-gobierno-de-san-juan-decreto-asueto-administrativo-para-el-24-y-31-de-diciembre-2024\/","title":{"rendered":"El Gobierno de San Juan decret\u00f3 asueto administrativo para el 24 y 31 de Diciembre 2024"},"content":{"rendered":"<p style=\"text-align: right;\">En v\u00edsperas de las festividades por Navidad y A\u00f1o Nuevo, los organismos estatales provinciales no prestan atenci\u00f3n al p\u00fablico, excepto en guardias m\u00ednimas en los servicios permanentes.<\/p>\n<p>La provincia de San Juan, adhiri\u00f3 al Decreto mediante el cu\u00e1l, el Gobierno Nacional Decreto asueto administrativo para los d\u00edas 24 y 31 de Diciembre.<\/p>\n<p>De este modo, en v\u00edsperas de las festividades por Navidad y A\u00f1o Nuevo 2024, los organismos provinciales no prestan atenci\u00f3n al p\u00fablico, durante los d\u00edas mencionados, excepto en guardias m\u00ednimas en los servicios permanentes.<\/p>\n","protected":false},"excerpt":{"rendered":"<p>En v\u00edsperas de las festividades por Navidad y A\u00f1o Nuevo, los organismos estatales provinciales no prestan atenci\u00f3n al p\u00fablico, excepto<\/p>\n","protected":false},"author":3,"featured_media":65642,"comment_status":"closed","ping_status":"closed","sticky":false,"template":"","format":"standard","meta":{"_acf_changed":false,"_seopress_robots_primary_cat":"none","_seopress_titles_title":"","_seopress_titles_desc":"","_seopress_robots_index":"","colormag_page_container_layout":"default_layout","colormag_page_sidebar_layout":"default_layout","footnotes":""},"categories":[5],"tags":[],"class_list":["post-80316","post","type-post","status-publish","format-standard","has-post-thumbnail","hentry","category-ofrecimientos"],"acf":[],"_links":{"self":[{"href":"https:\/\/vocesparalelas.com.ar\/sitio\/wp-json\/wp\/v2\/posts\/80316","targetHints":{"allow":["GET"]}}],"collection":[{"href":"https:\/\/vocesparalelas.com.ar\/sitio\/wp-json\/wp\/v2\/posts"}],"about":[{"href":"https:\/\/vocesparalelas.com.ar\/sitio\/wp-json\/wp\/v2\/types\/post"}],"author":[{"embeddable":true,"href":"https:\/\/vocesparalelas.com.ar\/sitio\/wp-json\/wp\/v2\/users\/3"}],"replies":[{"embeddable":true,"href":"https:\/\/vocesparalelas.com.ar\/sitio\/wp-json\/wp\/v2\/comments?post=80316"}],"version-history":[{"count":3,"href":"https:\/\/vocesparalelas.com.ar\/sitio\/wp-json\/wp\/v2\/posts\/80316\/revisions"}],"predecessor-version":[{"id":80433,"href":"https:\/\/vocesparalelas.com.ar\/sitio\/wp-json\/wp\/v2\/posts\/80316\/revisions\/80433"}],"wp:featuredmedia":[{"embeddable":true,"href":"https:\/\/vocesparalelas.com.ar\/sitio\/wp-json\/wp\/v2\/media\/65642"}],"wp:attachment":[{"href":"https:\/\/vocesparalelas.com.ar\/sitio\/wp-json\/wp\/v2\/media?parent=80316"}],"wp:term":[{"taxonomy":"category","embeddable":true,"href":"https:\/\/vocesparalelas.com.ar\/sitio\/wp-json\/wp\/v2\/categories?post=80316"},{"taxonomy":"post_tag","embeddable":true,"href":"https:\/\/vocesparalelas.com.ar\/sitio\/wp-json\/wp\/v2\/tags?post=80316"}],"curies":[{"name":"wp","href":"https:\/\/api.w.org\/{rel}","templated":true}]}}