{"id":80118,"date":"2024-12-05T23:53:58","date_gmt":"2024-12-06T02:53:58","guid":{"rendered":"https:\/\/vocesparalelas.com.ar\/sitio\/?p=80118"},"modified":"2024-12-08T23:21:18","modified_gmt":"2024-12-09T02:21:18","slug":"alentemos-y-apoyemos-al-equipo-de-futbol-san-martin-desde-san-juan","status":"publish","type":"post","link":"https:\/\/vocesparalelas.com.ar\/sitio\/alentemos-y-apoyemos-al-equipo-de-futbol-san-martin-desde-san-juan\/","title":{"rendered":"Alentemos y apoyemos al equipo de F\u00fatbol San Mart\u00edn desde San Juan"},"content":{"rendered":"<p>El Gobierno de San Juan informa que gracias a la gesti\u00f3n conjunta entre el gobernador Dr. Marcelo Orrego, la Secretar\u00eda de Deportes y por pedido del los hinchas del equipo de San Mart\u00edn, el Domingo, 9 de Diciembre, a las 16 hs.; se puede disfrutar de la final del segundo ascenso al f\u00fatbol mayor en una pantalla gigante, en la plaza Gertrudis Funes, 25 de Mayo y Jujuy.<\/p>\n<p>Por ello, se invita a la hincha de San Mart\u00edn a reunirse y alentar juntos en este momento hist\u00f3rico, cuyo evento de desarrolla en la provincia de C\u00f3rdoba.<\/p>\n<p><img loading=\"lazy\" decoding=\"async\" class=\"alignnone size-full wp-image-80122\" src=\"https:\/\/vocesparalelas.com.ar\/sitio\/wp-content\/uploads\/2024\/12\/plaza-Gertrudis-Funes.jpg\" alt=\"\" width=\"800\" height=\"446\" srcset=\"https:\/\/vocesparalelas.com.ar\/sitio\/wp-content\/uploads\/2024\/12\/plaza-Gertrudis-Funes.jpg 800w, https:\/\/vocesparalelas.com.ar\/sitio\/wp-content\/uploads\/2024\/12\/plaza-Gertrudis-Funes-300x167.jpg 300w, https:\/\/vocesparalelas.com.ar\/sitio\/wp-content\/uploads\/2024\/12\/plaza-Gertrudis-Funes-768x428.jpg 768w\" sizes=\"auto, (max-width: 800px) 100vw, 800px\" \/><\/p>\n","protected":false},"excerpt":{"rendered":"<p>El Gobierno de San Juan informa que gracias a la gesti\u00f3n conjunta entre el gobernador Dr. Marcelo Orrego, la Secretar\u00eda<\/p>\n","protected":false},"author":3,"featured_media":80121,"comment_status":"closed","ping_status":"closed","sticky":false,"template":"","format":"standard","meta":{"_acf_changed":false,"_seopress_robots_primary_cat":"none","_seopress_titles_title":"","_seopress_titles_desc":"","_seopress_robots_index":"","colormag_page_container_layout":"default_layout","colormag_page_sidebar_layout":"default_layout","footnotes":""},"categories":[1],"tags":[],"class_list":["post-80118","post","type-post","status-publish","format-standard","has-post-thumbnail","hentry","category-destacadas"],"acf":[],"_links":{"self":[{"href":"https:\/\/vocesparalelas.com.ar\/sitio\/wp-json\/wp\/v2\/posts\/80118","targetHints":{"allow":["GET"]}}],"collection":[{"href":"https:\/\/vocesparalelas.com.ar\/sitio\/wp-json\/wp\/v2\/posts"}],"about":[{"href":"https:\/\/vocesparalelas.com.ar\/sitio\/wp-json\/wp\/v2\/types\/post"}],"author":[{"embeddable":true,"href":"https:\/\/vocesparalelas.com.ar\/sitio\/wp-json\/wp\/v2\/users\/3"}],"replies":[{"embeddable":true,"href":"https:\/\/vocesparalelas.com.ar\/sitio\/wp-json\/wp\/v2\/comments?post=80118"}],"version-history":[{"count":1,"href":"https:\/\/vocesparalelas.com.ar\/sitio\/wp-json\/wp\/v2\/posts\/80118\/revisions"}],"predecessor-version":[{"id":80123,"href":"https:\/\/vocesparalelas.com.ar\/sitio\/wp-json\/wp\/v2\/posts\/80118\/revisions\/80123"}],"wp:featuredmedia":[{"embeddable":true,"href":"https:\/\/vocesparalelas.com.ar\/sitio\/wp-json\/wp\/v2\/media\/80121"}],"wp:attachment":[{"href":"https:\/\/vocesparalelas.com.ar\/sitio\/wp-json\/wp\/v2\/media?parent=80118"}],"wp:term":[{"taxonomy":"category","embeddable":true,"href":"https:\/\/vocesparalelas.com.ar\/sitio\/wp-json\/wp\/v2\/categories?post=80118"},{"taxonomy":"post_tag","embeddable":true,"href":"https:\/\/vocesparalelas.com.ar\/sitio\/wp-json\/wp\/v2\/tags?post=80118"}],"curies":[{"name":"wp","href":"https:\/\/api.w.org\/{rel}","templated":true}]}}