{"id":80109,"date":"2024-12-07T21:00:45","date_gmt":"2024-12-08T00:00:45","guid":{"rendered":"https:\/\/vocesparalelas.com.ar\/sitio\/?p=80109"},"modified":"2024-12-09T20:04:52","modified_gmt":"2024-12-09T23:04:52","slug":"ganadores-3-bienal-nacional-de-dibujo-y-5-premio-franklin-rawson-en-el-mpbafr-de-san-juan","status":"publish","type":"post","link":"https:\/\/vocesparalelas.com.ar\/sitio\/ganadores-3-bienal-nacional-de-dibujo-y-5-premio-franklin-rawson-en-el-mpbafr-de-san-juan\/","title":{"rendered":"Ganadores \u00ab3\u00b0 Bienal Nacional de Dibujo\u00bb y \u00ab5\u00b0 Premio Franklin Rawson\u00bb en el MPBAFR de San Juan"},"content":{"rendered":"<p>El Ministerio de Turismo, Cultura y Deporte del Gobierno de San Juan, junto a entidades privadas facilitaron el desarrollo de dos trascendentes convocatorias<\/p>\n<ul>\n<li>3\u00b0 Bienal Nacional de Dibujo<\/li>\n<li>5\u00b0 Premio Franklin Rawson<\/li>\n<\/ul>\n<p>De esta manera, el\u00a0 Museo Provincial de Bellas Artes Franklin Rawson \u2013 MPBAFR-\u00a0 presenta dos muestras centrales que re\u00fanen obras seleccionadas por prestigiosos jurados, despu\u00e9s de instancias de postulaci\u00f3n que iniciaron a mediados de a\u00f1o.<\/p>\n<p>Jurado de selecci\u00f3n y premiaci\u00f3n: Daniel Santoro, Roberto Amigo y Lucas Di Pascuale.<\/p>\n<p>De esta manera ambos jurados seleccionaron\u00a0 los ganadores de cada una de las convocatorias, cuyas muestras se pueden visitar hasta Abril de 2025. Dichas muestras es para disfrutarlas.<\/p>\n<p><strong><span style=\"color: #ff6600;\">3\u00b0 Bienal del Dibujo<\/span><\/strong><\/p>\n<p><strong><span style=\"color: #ff6600;\">1\u00b0 GRAN PREMIO ADQUISICI\u00d3N: 3\u00b0 BND \u2013 2024 &#8211; $ 1.500.000 (Pesos un mill\u00f3n quinientos mil)<\/span><\/strong><\/p>\n<ul>\n<li>Lindner, Lux<\/li>\n<li>T\u00edtulo: Mumblecore contra realismo criollo<\/li>\n<li>Dimensiones: 25 X 60 cm<\/li>\n<li>T\u00e9cnica: Tinta sobre papel<\/li>\n<li>A\u00f1o: 2023<\/li>\n<\/ul>\n<p><span style=\"color: #ff6600;\"><strong>2\u00b0 GRAN PREMIO ADQUISICI\u00d3N: 3\u00b0 BND \u2013 2024 &#8211; $ 1.000.000 (Pesos un mill\u00f3n)<\/strong><\/span><\/p>\n<ul>\n<li>R\u00edmini, Mar\u00eda Bel\u00e9n<\/li>\n<li>T\u00edtulo: Buenas noches<\/li>\n<li>Dimensiones: 110 x 85 cm<\/li>\n<li>T\u00e9cnica: grafito y carbonilla sobre papel A\u00f1o: 2024<\/li>\n<\/ul>\n<p><span style=\"color: #ff6600;\"><strong>MENCIONES HONOR\u00cdFICAS 3\u00b0 BND \u2013 2024<\/strong><\/span><\/p>\n<ul>\n<li>Calcaterra, Javier<\/li>\n<li>T\u00edtulo: Promo 66&#8242;<\/li>\n<li>Dimensiones: 150 x 150 x 4,5 cm<\/li>\n<li>T\u00e9cnica: Carbonilla sobre lienzo<\/li>\n<li>A\u00f1o: 2022<\/li>\n<\/ul>\n<p><span style=\"color: #ff6600;\"><strong>MENCIONES HONOR\u00cdFICAS 3\u00b0 BND \u2013 2024<\/strong><\/span><\/p>\n<ul>\n<li>G\u00f3mez, J\u00e9ssica Agustina<\/li>\n<li>T\u00edtulo: La luz que llega como puede<\/li>\n<li>Dimensiones: 105 x 155 cm<\/li>\n<li>T\u00e9cnica: Grafito sobre papel de molde A\u00f1o: 2023<\/li>\n<\/ul>\n<p><strong><span style=\"color: #ff6600;\">MENCIONES HONOR\u00cdFICAS 3\u00b0 BND \u2013 2024<\/span><\/strong><\/p>\n<ul>\n<li>Mastronardi, Nazarena<\/li>\n<li>T\u00edtulo: Mesas de esterilizar<\/li>\n<li>Dimensiones: 135 x 105 cm<\/li>\n<li>T\u00e9cnica: Pol\u00edptico formado por 4 dibujos de tinta china sobre papel y tres aguafuertes impresas en papel de<br \/>\nalgod\u00f3n A\u00f1o: 2024<\/li>\n<\/ul>\n<p><span style=\"color: #ff6600;\"><strong>MENCIONES ESPECIAL DEL JURADO 3\u00b0 BND \u2013 2024<\/strong><\/span><\/p>\n<ul>\n<li>Herrera, Carolina<\/li>\n<li>T\u00edtulo: Ellas<\/li>\n<li>Dimensiones: 49 X 69 cm<\/li>\n<li>T\u00e9cnica: Tinta sobre papel<\/li>\n<li>A\u00f1o: 2024<\/li>\n<\/ul>\n<p>Jurado de selecci\u00f3n y premiaci\u00f3n: Alberto S\u00e1nchez Maratta, Cecilia Rabi Baldi y Carolina Herrera.<\/p>\n<p><iframe loading=\"lazy\" title=\"SAN JUAN MPBAFR BIENAL DEL DIBUJO\" width=\"800\" height=\"450\" src=\"https:\/\/www.youtube.com\/embed\/QzvWBLeVGp0?feature=oembed\" frameborder=\"0\" allow=\"accelerometer; autoplay; clipboard-write; encrypted-media; gyroscope; picture-in-picture; web-share\" referrerpolicy=\"strict-origin-when-cross-origin\" allowfullscreen><\/iframe><\/p>\n<p><span style=\"color: #ff6600;\"><strong>5\u00b0 Premio Franklin Rawson<\/strong><\/span><\/p>\n<p><span style=\"color: #ff6600;\"><strong>1\u00b0 PREMIO ADQUISICI\u00d3N<\/strong><\/span><\/p>\n<ul>\n<li>CIMARRONES<\/li>\n<li>Florencia Irustia Dessesff<\/li>\n<li>DNI: 32.140.401<\/li>\n<li>Andr\u00e9s Irustia Dessesff<\/li>\n<li>DNI: 30.932.796<\/li>\n<li>Obra: Hola<\/li>\n<\/ul>\n<p><span style=\"color: #ff6600;\"><strong>2\u00b0 PREMIO ADQUISICI\u00d3N<\/strong><\/span><\/p>\n<ul>\n<li>Carlos Guti\u00e9rrez<\/li>\n<li>DNI: 38.461.006<\/li>\n<li>Obra: Su crueldad mi espada<\/li>\n<\/ul>\n<p><span style=\"color: #ff6600;\"><strong>MENCIONES ESPECIALES \u2013Sin orden de m\u00e9rito<\/strong><\/span><\/p>\n<ul>\n<li>\u00c9rika Fern\u00e1ndez<\/li>\n<li>DNI: 39.525.073<\/li>\n<li>Obra: La reconstrucci\u00f3n de la memoria: Terremoto de San Juan de 1944<\/li>\n<li>Huiracocha \u2013 Marcelo G\u00f3mez-<\/li>\n<li>DNI: 32.914.130<\/li>\n<li>Obra: Sagrado Ni\u00f1o Guaran\u00ed<\/li>\n<li>Ceci Villafagne<\/li>\n<li>DNI: 30.584.219<\/li>\n<li>Obra: A fin de mes<\/li>\n<li>Juan K.C.R.\u00b4S<\/li>\n<li>DNI: 23.735.148<\/li>\n<li>Obra: Entre los Libros de la Buena Memoria<\/li>\n<\/ul>\n<p><iframe loading=\"lazy\" title=\"MPBAFR PREMIO FRANKLIN RAWSON\" width=\"800\" height=\"450\" src=\"https:\/\/www.youtube.com\/embed\/gJIl2yhFGdE?feature=oembed\" frameborder=\"0\" allow=\"accelerometer; autoplay; clipboard-write; encrypted-media; gyroscope; picture-in-picture; web-share\" referrerpolicy=\"strict-origin-when-cross-origin\" allowfullscreen><\/iframe><\/p>\n<p>&nbsp;<\/p>\n<blockquote class=\"wp-embedded-content\" data-secret=\"FGVKfFGUiI\"><p><a href=\"https:\/\/vocesparalelas.com.ar\/sitio\/visita-las-muestras-3-bienal-nacional-de-dibujo-y-5-premio-franklin-rawson-en-el-mpbafr-de-san-juan\/\">Visita las Muestras \u00ab3\u00b0 Bienal Nacional de Dibujo\u00bb y \u00ab5\u00b0 Premio Franklin Rawson\u00bb en el MPBAFR de San Juan<\/a><\/p><\/blockquote>\n<p><iframe loading=\"lazy\" class=\"wp-embedded-content\" sandbox=\"allow-scripts\" security=\"restricted\" style=\"position: absolute; visibility: hidden;\" title=\"\u00abVisita las Muestras \u00ab3\u00b0 Bienal Nacional de Dibujo\u00bb y \u00ab5\u00b0 Premio Franklin Rawson\u00bb en el MPBAFR de San Juan\u00bb \u2014 Voces Paralelas\" src=\"https:\/\/vocesparalelas.com.ar\/sitio\/visita-las-muestras-3-bienal-nacional-de-dibujo-y-5-premio-franklin-rawson-en-el-mpbafr-de-san-juan\/embed\/#?secret=282PsdpMAb#?secret=FGVKfFGUiI\" data-secret=\"FGVKfFGUiI\" width=\"600\" height=\"338\" frameborder=\"0\" marginwidth=\"0\" marginheight=\"0\" scrolling=\"no\"><\/iframe><\/p>\n<p>&nbsp;<\/p>\n<figure id=\"attachment_39924\" aria-describedby=\"caption-attachment-39924\" style=\"width: 800px\" class=\"wp-caption alignnone\"><img loading=\"lazy\" decoding=\"async\" class=\"size-full wp-image-39924\" src=\"https:\/\/vocesparalelas.com.ar\/sitio\/wp-content\/uploads\/2021\/07\/MPBAFR-OBRA-02.jpg\" alt=\"\" width=\"800\" height=\"533\" srcset=\"https:\/\/vocesparalelas.com.ar\/sitio\/wp-content\/uploads\/2021\/07\/MPBAFR-OBRA-02.jpg 800w, https:\/\/vocesparalelas.com.ar\/sitio\/wp-content\/uploads\/2021\/07\/MPBAFR-OBRA-02-300x200.jpg 300w, https:\/\/vocesparalelas.com.ar\/sitio\/wp-content\/uploads\/2021\/07\/MPBAFR-OBRA-02-768x512.jpg 768w\" sizes=\"auto, (max-width: 800px) 100vw, 800px\" \/><figcaption id=\"caption-attachment-39924\" class=\"wp-caption-text\">Museo Provincial de Bellas Artes Franklin Rawson, Provincia de San Juan, Rep\u00fablica Argentina<\/figcaption><\/figure>\n","protected":false},"excerpt":{"rendered":"<p>El Ministerio de Turismo, Cultura y Deporte del Gobierno de San Juan, junto a entidades privadas facilitaron el desarrollo de<\/p>\n","protected":false},"author":3,"featured_media":80032,"comment_status":"closed","ping_status":"closed","sticky":false,"template":"","format":"standard","meta":{"_acf_changed":false,"_seopress_robots_primary_cat":"none","_seopress_titles_title":"","_seopress_titles_desc":"","_seopress_robots_index":"","colormag_page_container_layout":"default_layout","colormag_page_sidebar_layout":"default_layout","footnotes":""},"categories":[8,7],"tags":[],"class_list":["post-80109","post","type-post","status-publish","format-standard","has-post-thumbnail","hentry","category-concursos","category-videos"],"acf":[],"_links":{"self":[{"href":"https:\/\/vocesparalelas.com.ar\/sitio\/wp-json\/wp\/v2\/posts\/80109","targetHints":{"allow":["GET"]}}],"collection":[{"href":"https:\/\/vocesparalelas.com.ar\/sitio\/wp-json\/wp\/v2\/posts"}],"about":[{"href":"https:\/\/vocesparalelas.com.ar\/sitio\/wp-json\/wp\/v2\/types\/post"}],"author":[{"embeddable":true,"href":"https:\/\/vocesparalelas.com.ar\/sitio\/wp-json\/wp\/v2\/users\/3"}],"replies":[{"embeddable":true,"href":"https:\/\/vocesparalelas.com.ar\/sitio\/wp-json\/wp\/v2\/comments?post=80109"}],"version-history":[{"count":4,"href":"https:\/\/vocesparalelas.com.ar\/sitio\/wp-json\/wp\/v2\/posts\/80109\/revisions"}],"predecessor-version":[{"id":80187,"href":"https:\/\/vocesparalelas.com.ar\/sitio\/wp-json\/wp\/v2\/posts\/80109\/revisions\/80187"}],"wp:featuredmedia":[{"embeddable":true,"href":"https:\/\/vocesparalelas.com.ar\/sitio\/wp-json\/wp\/v2\/media\/80032"}],"wp:attachment":[{"href":"https:\/\/vocesparalelas.com.ar\/sitio\/wp-json\/wp\/v2\/media?parent=80109"}],"wp:term":[{"taxonomy":"category","embeddable":true,"href":"https:\/\/vocesparalelas.com.ar\/sitio\/wp-json\/wp\/v2\/categories?post=80109"},{"taxonomy":"post_tag","embeddable":true,"href":"https:\/\/vocesparalelas.com.ar\/sitio\/wp-json\/wp\/v2\/tags?post=80109"}],"curies":[{"name":"wp","href":"https:\/\/api.w.org\/{rel}","templated":true}]}}