{"id":80098,"date":"2024-12-07T21:56:37","date_gmt":"2024-12-08T00:56:37","guid":{"rendered":"https:\/\/vocesparalelas.com.ar\/sitio\/?p=80098"},"modified":"2024-12-09T14:43:41","modified_gmt":"2024-12-09T17:43:41","slug":"la-inmaculada-concepcion-de-la-virgen-maria","status":"publish","type":"post","link":"https:\/\/vocesparalelas.com.ar\/sitio\/la-inmaculada-concepcion-de-la-virgen-maria\/","title":{"rendered":"La Inmaculada Concepci\u00f3n de la Virgen Mar\u00eda"},"content":{"rendered":"<p>Por el Arzobispo de San Juan de Cuyo, Monse\u00f1or Jorge Eduardo Lozano<\/p>\n<p>Hay apodos que son ofensivos. Pero otros nos resultan hermosos. En el relato de la Anunciaci\u00f3n que se proclama este domingo, el \u00c1ngel Gabriel irrumpe de repente en la vida de la joven de Nazareth sin llamarla por su nombre propio, Mar\u00eda, sino que la design\u00f3 \u201cllena de gracia\u201d. Un saludo ciertamente nada com\u00fan, nunca o\u00eddo. Pocos d\u00edas despu\u00e9s su prima Isabel le dir\u00e1 \u201cbendita entre todas las mujeres\u201d.<\/p>\n<p>El 8 de diciembre celebramos la Inmaculada Concepci\u00f3n de la Virgen Mar\u00eda, una fiesta profundamente enraizada en el coraz\u00f3n de los creyentes, especialmente en los pueblos y comunidades donde la devoci\u00f3n a Mar\u00eda ha modelado la vida espiritual de generaciones. Esta celebraci\u00f3n no solo honra a la Madre de Dios, sino que ilumina un horizonte de esperanza y vocaci\u00f3n para toda la Iglesia. Al contemplar a Mar\u00eda, la Pur\u00edsima, descubrimos lo que cada uno de nosotros est\u00e1 llamado a ser: \u201csantos e irreprochables en el amor\u201d, como escribe San Pablo (Ef 1, 4). El Padre \u201cnos ha elegido en Cristo antes de la creaci\u00f3n del mundo\u201d para ser sus hijos adoptivos.<\/p>\n<p>En ella, en sus entra\u00f1as pur\u00edsimas, acontece el misterio de la encarnaci\u00f3n del Hijo de Dios, encuentro definitivo de Dios y la humanidad. Y esto es obra del Esp\u00edritu Santo.<\/p>\n<p>El dogma de la Inmaculada Concepci\u00f3n, proclamado solemnemente por el Papa P\u00edo IX en 1854, afirma que Mar\u00eda, desde el primer instante de su concepci\u00f3n, fue preservada inmune de toda mancha de pecado original por los m\u00e9ritos anticipados de Jesucristo. Este privilegio \u00fanico no solo subraya la pureza singular de la Madre del Salvador, sino que tambi\u00e9n resalta su total consagraci\u00f3n al plan de Dios.<\/p>\n<p>Esta verdad mariana no es solo un t\u00edtulo para ella, sino tambi\u00e9n un espejo de lo que la Iglesia est\u00e1 llamada a ser: sin mancha ni arruga, llena de la presencia de Dios, comprometida en su misi\u00f3n redentora.<\/p>\n<p>Lo que se dice de Mar\u00eda se dice tambi\u00e9n de la Iglesia y, por ende, de cada uno de nosotros. Ella es el modelo perfecto de lo que deseamos alcanzar. En Mar\u00eda contemplamos nuestra vocaci\u00f3n: ser plenamente hijos de Dios,<\/p>\n<p>viviendo en gracia y comuni\u00f3n con \u00c9l. Su \u00abS\u00cd\u00bb total y generoso al plan divino nos inspira a renovar nuestra propia disponibilidad.<\/p>\n<p>Reconocemos que la gracia de Dios es capaz de transformar nuestras vidas, de sanar nuestras heridas y de hacernos part\u00edcipes de la victoria sobre el pecado.<\/p>\n<p>En muchos lugares, el 8 de diciembre est\u00e1 profundamente vinculado a la celebraci\u00f3n de la Primera Comuni\u00f3n. Este d\u00eda marca el inicio de una amistad especial con Jes\u00fas en el coraz\u00f3n de ni\u00f1os y ni\u00f1as, sellando en sus almas el amor y la pureza que encontramos en Mar\u00eda. Es una fecha que une generaciones, evocando recuerdos entra\u00f1ables de familias que se preparan con fe y alegr\u00eda para este encuentro con el Se\u00f1or.<\/p>\n<p>Celebrar la Inmaculada Concepci\u00f3n de Mar\u00eda nos recuerda que nuestra misi\u00f3n como Iglesia es ser signo de esperanza en medio de un mundo herido. Su vida nos impulsa a buscar la santidad en las peque\u00f1as cosas, a ser puentes de reconciliaci\u00f3n y agentes de paz.<\/p>\n<p>En este tiempo de Adviento, contemplar a Mar\u00eda nos ayuda a preparar nuestro coraz\u00f3n para recibir a Cristo. En el libro del G\u00e9nesis se profetiza acerca de la enemistad entre la mujer y la serpiente. La victoria no se consigue sin lucha y entrega. Ella, como la nueva Eva, nos se\u00f1ala el camino hacia la vida en plenitud, record\u00e1ndonos que la victoria sobre el mal ya ha sido ganada en Cristo y que estamos llamados a vivir en esa certeza.<\/p>\n<p>Que la Inmaculada Concepci\u00f3n inspire en nosotros el deseo de caminar siempre en la luz de Dios, con un coraz\u00f3n dispuesto a amar, servir y transformar el mundo a su imagen. Encendemos la segunda vela en la corona de Adviento.<\/p>\n<p><iframe loading=\"lazy\" title=\"SAN JUAN MONSE\u00d1OR JORGE LOZANO\" width=\"800\" height=\"450\" src=\"https:\/\/www.youtube.com\/embed\/RoYIFSEyy0E?feature=oembed\" frameborder=\"0\" allow=\"accelerometer; autoplay; clipboard-write; encrypted-media; gyroscope; picture-in-picture; web-share\" referrerpolicy=\"strict-origin-when-cross-origin\" allowfullscreen><\/iframe><\/p>\n<p>&nbsp;<\/p>\n<p>&nbsp;<\/p>\n<p><img loading=\"lazy\" decoding=\"async\" class=\"alignnone size-full wp-image-61416\" src=\"https:\/\/vocesparalelas.com.ar\/sitio\/wp-content\/uploads\/2023\/07\/ARZOBISPADO-EDIFICIO.jpg\" alt=\"\" width=\"800\" height=\"600\" srcset=\"https:\/\/vocesparalelas.com.ar\/sitio\/wp-content\/uploads\/2023\/07\/ARZOBISPADO-EDIFICIO.jpg 800w, https:\/\/vocesparalelas.com.ar\/sitio\/wp-content\/uploads\/2023\/07\/ARZOBISPADO-EDIFICIO-300x225.jpg 300w, https:\/\/vocesparalelas.com.ar\/sitio\/wp-content\/uploads\/2023\/07\/ARZOBISPADO-EDIFICIO-768x576.jpg 768w\" sizes=\"auto, (max-width: 800px) 100vw, 800px\" \/><\/p>\n<p>&nbsp;<\/p>\n","protected":false},"excerpt":{"rendered":"<p>Por el Arzobispo de San Juan de Cuyo, Monse\u00f1or Jorge Eduardo Lozano Hay apodos que son ofensivos. Pero otros nos<\/p>\n","protected":false},"author":3,"featured_media":20281,"comment_status":"closed","ping_status":"closed","sticky":false,"template":"","format":"standard","meta":{"_acf_changed":false,"_seopress_robots_primary_cat":"none","_seopress_titles_title":"","_seopress_titles_desc":"","_seopress_robots_index":"","colormag_page_container_layout":"default_layout","colormag_page_sidebar_layout":"default_layout","footnotes":""},"categories":[10,7],"tags":[],"class_list":["post-80098","post","type-post","status-publish","format-standard","has-post-thumbnail","hentry","category-opiniones","category-videos"],"acf":[],"_links":{"self":[{"href":"https:\/\/vocesparalelas.com.ar\/sitio\/wp-json\/wp\/v2\/posts\/80098","targetHints":{"allow":["GET"]}}],"collection":[{"href":"https:\/\/vocesparalelas.com.ar\/sitio\/wp-json\/wp\/v2\/posts"}],"about":[{"href":"https:\/\/vocesparalelas.com.ar\/sitio\/wp-json\/wp\/v2\/types\/post"}],"author":[{"embeddable":true,"href":"https:\/\/vocesparalelas.com.ar\/sitio\/wp-json\/wp\/v2\/users\/3"}],"replies":[{"embeddable":true,"href":"https:\/\/vocesparalelas.com.ar\/sitio\/wp-json\/wp\/v2\/comments?post=80098"}],"version-history":[{"count":1,"href":"https:\/\/vocesparalelas.com.ar\/sitio\/wp-json\/wp\/v2\/posts\/80098\/revisions"}],"predecessor-version":[{"id":80101,"href":"https:\/\/vocesparalelas.com.ar\/sitio\/wp-json\/wp\/v2\/posts\/80098\/revisions\/80101"}],"wp:featuredmedia":[{"embeddable":true,"href":"https:\/\/vocesparalelas.com.ar\/sitio\/wp-json\/wp\/v2\/media\/20281"}],"wp:attachment":[{"href":"https:\/\/vocesparalelas.com.ar\/sitio\/wp-json\/wp\/v2\/media?parent=80098"}],"wp:term":[{"taxonomy":"category","embeddable":true,"href":"https:\/\/vocesparalelas.com.ar\/sitio\/wp-json\/wp\/v2\/categories?post=80098"},{"taxonomy":"post_tag","embeddable":true,"href":"https:\/\/vocesparalelas.com.ar\/sitio\/wp-json\/wp\/v2\/tags?post=80098"}],"curies":[{"name":"wp","href":"https:\/\/api.w.org\/{rel}","templated":true}]}}