{"id":80078,"date":"2024-12-06T20:21:17","date_gmt":"2024-12-06T23:21:17","guid":{"rendered":"https:\/\/vocesparalelas.com.ar\/sitio\/?p=80078"},"modified":"2024-12-06T20:21:17","modified_gmt":"2024-12-06T23:21:17","slug":"los-alumnos-de-la-escuela-fray-luis-beltran-visitaron-al-gobernador-de-san-juan-dr-marcelo-orrego","status":"publish","type":"post","link":"https:\/\/vocesparalelas.com.ar\/sitio\/los-alumnos-de-la-escuela-fray-luis-beltran-visitaron-al-gobernador-de-san-juan-dr-marcelo-orrego\/","title":{"rendered":"Los alumnos de la Escuela Fray Luis Beltr\u00e1n visitaron al Gobernador de San Juan, Dr. Marcelo Orrego"},"content":{"rendered":"<p>Los alumnos de 5\u00ba y 6\u00ba a\u00f1o de la Escuela Fray Luis Beltr\u00e1n, de Educaci\u00f3n Secundaria, Departamento Rawson fueron recibidos por el Gobernador de San Juan, Dr. Marcelo Orrego , en Casa de Gobierno, en el marco de la visita que realizan los alumnos a los sitios m\u00e1s representativos del Gran San Juan, desarrollado por el Ministerio de Educaci\u00f3n.<\/p>\n<p><iframe loading=\"lazy\" title=\"Orrego recibi\u00f3 a alumnos escuela secundaria Fray Luis Beltr\u00e1n\" width=\"800\" height=\"450\" src=\"https:\/\/www.youtube.com\/embed\/VWu7b7E8Ii8?feature=oembed\" frameborder=\"0\" allow=\"accelerometer; autoplay; clipboard-write; encrypted-media; gyroscope; picture-in-picture; web-share\" referrerpolicy=\"strict-origin-when-cross-origin\" allowfullscreen><\/iframe><\/p>\n<p>Por ello, la directora de la escuela, Prof. Liliana Lucena destac\u00f3 que \u201cen el mes de noviembre, los alumnos presentaron un proyecto denominado \u201cEnoturismo y Tradici\u00f3n\u201d a la ministra de Educaci\u00f3n y fueron reconocidos con este recorrido, Agradezco porque significa un importante aporte a la formaci\u00f3n de los j\u00f3venes en la posibilidad \u00fanica de dialogar con el Gobernador y conocerlo personalmente\u00bb.<\/p>\n<p>Luego, la ministra de Educaci\u00f3n, Lic. Silvia Fuentes, quien conjuntamente con la secretaria de Educaci\u00f3n, Lic. Mariela Lueje, participaron de la recepci\u00f3n, quien remarc\u00f3 que \u201clos chicos han tenido la oportunidad de conocer la ruta del vino, la ruta del olivo, la ruta interlagos y otros sitios tur\u00edsticos, lo que es muy importante ya que, por la orientaci\u00f3n en turismo y artes pueden ser los futuros profesionales en la materia y es muy importante para la provincia que los estudiantes est\u00e9n al nivel del San Juan que viene\u201d.<\/p>\n<p><img loading=\"lazy\" decoding=\"async\" class=\"alignnone size-full wp-image-28629\" src=\"https:\/\/vocesparalelas.com.ar\/sitio\/wp-content\/uploads\/2020\/05\/MINISTERIO-EDUCACION-SJ.jpg\" alt=\"\" width=\"800\" height=\"533\" srcset=\"https:\/\/vocesparalelas.com.ar\/sitio\/wp-content\/uploads\/2020\/05\/MINISTERIO-EDUCACION-SJ.jpg 800w, https:\/\/vocesparalelas.com.ar\/sitio\/wp-content\/uploads\/2020\/05\/MINISTERIO-EDUCACION-SJ-300x200.jpg 300w, https:\/\/vocesparalelas.com.ar\/sitio\/wp-content\/uploads\/2020\/05\/MINISTERIO-EDUCACION-SJ-768x512.jpg 768w\" sizes=\"auto, (max-width: 800px) 100vw, 800px\" \/><\/p>\n","protected":false},"excerpt":{"rendered":"<p>Los alumnos de 5\u00ba y 6\u00ba a\u00f1o de la Escuela Fray Luis Beltr\u00e1n, de Educaci\u00f3n Secundaria, Departamento Rawson fueron recibidos<\/p>\n","protected":false},"author":3,"featured_media":80081,"comment_status":"closed","ping_status":"closed","sticky":false,"template":"","format":"standard","meta":{"_acf_changed":false,"_seopress_robots_primary_cat":"none","_seopress_titles_title":"","_seopress_titles_desc":"","_seopress_robots_index":"","colormag_page_container_layout":"default_layout","colormag_page_sidebar_layout":"default_layout","footnotes":""},"categories":[1,7],"tags":[],"class_list":["post-80078","post","type-post","status-publish","format-standard","has-post-thumbnail","hentry","category-destacadas","category-videos"],"acf":[],"_links":{"self":[{"href":"https:\/\/vocesparalelas.com.ar\/sitio\/wp-json\/wp\/v2\/posts\/80078","targetHints":{"allow":["GET"]}}],"collection":[{"href":"https:\/\/vocesparalelas.com.ar\/sitio\/wp-json\/wp\/v2\/posts"}],"about":[{"href":"https:\/\/vocesparalelas.com.ar\/sitio\/wp-json\/wp\/v2\/types\/post"}],"author":[{"embeddable":true,"href":"https:\/\/vocesparalelas.com.ar\/sitio\/wp-json\/wp\/v2\/users\/3"}],"replies":[{"embeddable":true,"href":"https:\/\/vocesparalelas.com.ar\/sitio\/wp-json\/wp\/v2\/comments?post=80078"}],"version-history":[{"count":1,"href":"https:\/\/vocesparalelas.com.ar\/sitio\/wp-json\/wp\/v2\/posts\/80078\/revisions"}],"predecessor-version":[{"id":80082,"href":"https:\/\/vocesparalelas.com.ar\/sitio\/wp-json\/wp\/v2\/posts\/80078\/revisions\/80082"}],"wp:featuredmedia":[{"embeddable":true,"href":"https:\/\/vocesparalelas.com.ar\/sitio\/wp-json\/wp\/v2\/media\/80081"}],"wp:attachment":[{"href":"https:\/\/vocesparalelas.com.ar\/sitio\/wp-json\/wp\/v2\/media?parent=80078"}],"wp:term":[{"taxonomy":"category","embeddable":true,"href":"https:\/\/vocesparalelas.com.ar\/sitio\/wp-json\/wp\/v2\/categories?post=80078"},{"taxonomy":"post_tag","embeddable":true,"href":"https:\/\/vocesparalelas.com.ar\/sitio\/wp-json\/wp\/v2\/tags?post=80078"}],"curies":[{"name":"wp","href":"https:\/\/api.w.org\/{rel}","templated":true}]}}