{"id":80058,"date":"2024-12-06T12:14:24","date_gmt":"2024-12-06T15:14:24","guid":{"rendered":"https:\/\/vocesparalelas.com.ar\/sitio\/?p=80058"},"modified":"2024-12-07T23:11:33","modified_gmt":"2024-12-08T02:11:33","slug":"proclaman-ganadores-del-concurso-san-juan-escribe-2024-premio-jorge-leonidas-escudero-en-san-juan","status":"publish","type":"post","link":"https:\/\/vocesparalelas.com.ar\/sitio\/proclaman-ganadores-del-concurso-san-juan-escribe-2024-premio-jorge-leonidas-escudero-en-san-juan\/","title":{"rendered":"Proclaman ganadores del Concurso \u00abSan Juan Escribe 2024 Premio Jorge Leonidas Escudero\u00bb en San Juan"},"content":{"rendered":"<p>El Martes, 10 de Diciembre de 2024, a las 9:30 horas, en el Auditorio Emar Acosta, la C\u00e1mara de Diputados de San Juan, a trav\u00e9s de su Fondo Editorial, realiza el acto de proclamaci\u00f3n de los ganadores del concurso literario \u00abSan Juan Escribe 2024\u00bb Premio Jorge Leonidas Escudero.<\/p>\n<p><strong><span style=\"color: #666699;\">Transmisi\u00f3n en vivo\u00a0<\/span><\/strong><\/p>\n<p><a href=\"https:\/\/www.youtube.com\/@camaradediputadosdesanjuan660?app=desktop&amp;sfnsn=scwspwa\">Canal Oficial de YouTube de la Legislatura<\/a>.<\/p>\n<p>&nbsp;<\/p>\n<figure id=\"attachment_37951\" aria-describedby=\"caption-attachment-37951\" style=\"width: 800px\" class=\"wp-caption alignnone\"><img loading=\"lazy\" decoding=\"async\" class=\"size-full wp-image-37951\" src=\"https:\/\/vocesparalelas.com.ar\/sitio\/wp-content\/uploads\/2021\/05\/CAMARA-EDIFICIO.jpg\" alt=\"\" width=\"800\" height=\"515\" srcset=\"https:\/\/vocesparalelas.com.ar\/sitio\/wp-content\/uploads\/2021\/05\/CAMARA-EDIFICIO.jpg 800w, https:\/\/vocesparalelas.com.ar\/sitio\/wp-content\/uploads\/2021\/05\/CAMARA-EDIFICIO-300x193.jpg 300w, https:\/\/vocesparalelas.com.ar\/sitio\/wp-content\/uploads\/2021\/05\/CAMARA-EDIFICIO-768x494.jpg 768w\" sizes=\"auto, (max-width: 800px) 100vw, 800px\" \/><figcaption id=\"caption-attachment-37951\" class=\"wp-caption-text\">Legislatura Provincial de San Juan, Rep\u00fablica Argentina<\/figcaption><\/figure>\n<p>&nbsp;<\/p>\n<p>&nbsp;<\/p>\n<p>&nbsp;<\/p>\n","protected":false},"excerpt":{"rendered":"<p>El Martes, 10 de Diciembre de 2024, a las 9:30 horas, en el Auditorio Emar Acosta, la C\u00e1mara de Diputados<\/p>\n","protected":false},"author":3,"featured_media":37178,"comment_status":"closed","ping_status":"closed","sticky":false,"template":"","format":"standard","meta":{"_acf_changed":false,"_seopress_robots_primary_cat":"none","_seopress_titles_title":"","_seopress_titles_desc":"","_seopress_robots_index":"","colormag_page_container_layout":"default_layout","colormag_page_sidebar_layout":"default_layout","footnotes":""},"categories":[8],"tags":[],"class_list":["post-80058","post","type-post","status-publish","format-standard","has-post-thumbnail","hentry","category-concursos"],"acf":[],"_links":{"self":[{"href":"https:\/\/vocesparalelas.com.ar\/sitio\/wp-json\/wp\/v2\/posts\/80058","targetHints":{"allow":["GET"]}}],"collection":[{"href":"https:\/\/vocesparalelas.com.ar\/sitio\/wp-json\/wp\/v2\/posts"}],"about":[{"href":"https:\/\/vocesparalelas.com.ar\/sitio\/wp-json\/wp\/v2\/types\/post"}],"author":[{"embeddable":true,"href":"https:\/\/vocesparalelas.com.ar\/sitio\/wp-json\/wp\/v2\/users\/3"}],"replies":[{"embeddable":true,"href":"https:\/\/vocesparalelas.com.ar\/sitio\/wp-json\/wp\/v2\/comments?post=80058"}],"version-history":[{"count":1,"href":"https:\/\/vocesparalelas.com.ar\/sitio\/wp-json\/wp\/v2\/posts\/80058\/revisions"}],"predecessor-version":[{"id":80061,"href":"https:\/\/vocesparalelas.com.ar\/sitio\/wp-json\/wp\/v2\/posts\/80058\/revisions\/80061"}],"wp:featuredmedia":[{"embeddable":true,"href":"https:\/\/vocesparalelas.com.ar\/sitio\/wp-json\/wp\/v2\/media\/37178"}],"wp:attachment":[{"href":"https:\/\/vocesparalelas.com.ar\/sitio\/wp-json\/wp\/v2\/media?parent=80058"}],"wp:term":[{"taxonomy":"category","embeddable":true,"href":"https:\/\/vocesparalelas.com.ar\/sitio\/wp-json\/wp\/v2\/categories?post=80058"},{"taxonomy":"post_tag","embeddable":true,"href":"https:\/\/vocesparalelas.com.ar\/sitio\/wp-json\/wp\/v2\/tags?post=80058"}],"curies":[{"name":"wp","href":"https:\/\/api.w.org\/{rel}","templated":true}]}}