{"id":80054,"date":"2024-12-06T11:39:21","date_gmt":"2024-12-06T14:39:21","guid":{"rendered":"https:\/\/vocesparalelas.com.ar\/sitio\/?p=80054"},"modified":"2024-12-07T23:13:42","modified_gmt":"2024-12-08T02:13:42","slug":"se-encuentra-habilitado-el-paso-de-agua-negra-el-6-de-diciembre-de-2024","status":"publish","type":"post","link":"https:\/\/vocesparalelas.com.ar\/sitio\/se-encuentra-habilitado-el-paso-de-agua-negra-el-6-de-diciembre-de-2024\/","title":{"rendered":"Se encuentra habilitado el Paso de Agua Negra el 6 de Diciembre de 2024"},"content":{"rendered":"<p>El Ministerio de Gobierno, de San Juan a trav\u00e9s de la Secretar\u00eda de Relaciones Institucionales, informa que el Paso Internacional por Agua Negra, Ruta Nacional 150, se encuentra Habilitado para circular de 07:00 a 17:00 hs.<\/p>\n<p>Se recomienda a los conductores circular con luces bajas encendidas y el firme respeto a los l\u00edmites de velocidad, as\u00ed como precauci\u00f3n durante el camino debido a la presencia de personal de Vialidad Nacional, que se encuentra en el lugar realizando tareas de mantenimiento de la ruta.<\/p>\n<p>Durante el trayecto hay Guardia permanente de Vialidad Nacional San Juan, ante cualquier inconveniente no dude en consultar al personal en el lugar.<\/p>\n<p><strong><span style=\"color: #ff6600;\">Tel\u00e9fonos de utilidad<\/span><\/strong><\/p>\n<p><span style=\"color: #ff6600;\"><strong>Centro de Atenci\u00f3n al Usuario \u2013 Vialidad Nacional<\/strong><\/span><\/p>\n<ul>\n<li>Lunes a viernes de 9 a 18 horas<\/li>\n<li>TEL: 0800-222-6272 &#8211; 0800-333-0073<\/li>\n<\/ul>\n<p><strong><span style=\"color: #ff6600;\">Ministerio de Gobierno &#8211; Secretar\u00eda de Relaciones Institucionales<\/span><\/strong><\/p>\n<ul>\n<li>TEL:(+54) (264) 4307246 &#8211; 4307251 &#8211; 4307208 Email: coop.internacional@sanjuan.gov.ar<\/li>\n<\/ul>\n<p><span style=\"color: #ff6600;\"><strong>Consulado General de la Rep\u00fablica Argentina en Valpara\u00edso<\/strong><\/span><\/p>\n<ul>\n<li>TEL: ( +56) (32) 2217419 \/ 2213691 \/ 2745539<\/li>\n<li>Guardia: (+56) (9) 93238104 (Solo casos de emergencia.<\/li>\n<li>Direcci\u00f3n: Blanco 625 5\u00ba piso, oficina 53, V Regi\u00f3n (casilla de correo No.1660). Email:\u00a0<a href=\"cvalp@cancilleria.gob.ar\">cvalp@cancilleria.gob.ar<\/a><\/li>\n<li>Horario de Atenci\u00f3n de 09 a 17hs.<\/li>\n<\/ul>\n<p><strong><span style=\"color: #ff6600;\">Gendarmer\u00eda Nacional Argentina<\/span><\/strong><\/p>\n<ul>\n<li>Guardia de prevenci\u00f3n GNA &#8211; Secci\u00f3n Las Flores TEL: (+54) (2647) 497002<\/li>\n<li>Guardia de prevenci\u00f3n GNA &#8211; Escuadr\u00f3n 25 J\u00e1chal TEL: (+54) (2647) 420473<\/li>\n<\/ul>\n<p><strong><span style=\"color: #ff6600;\">Direcci\u00f3n Nacional de Vialidad<\/span><\/strong><\/p>\n<ul>\n<li>TEL: (+54) (264) 4213534 &#8211; 4212966 &#8211; 4212532 Email: prensasanjuan@vialidad.gob.ar<\/li>\n<\/ul>\n<p><strong><span style=\"color: #ff6600;\">Ministerio de Salud P\u00fablica &#8211; Hospital Tom\u00e1s Per\u00f3n<\/span><\/strong><\/p>\n<ul>\n<li>Calle Santo Domingo s\/n\u00ba, Rodeo &#8211; Iglesia &#8211; San Juan &#8211; Emergencia 107<\/li>\n<\/ul>\n<p><span style=\"color: #ff6600;\"><strong>Para llamar desde Argentina a Chile:<\/strong><\/span><\/p>\n<ul>\n<li>A un tel\u00e9fono fijo deber\u00e1 marcar (+56)+c\u00f3d. de zona + n\u00famero de tel\u00e9fono (el c\u00f3digo de zona de La Serena &#8211; Coquimbo es 51). Para el caso de llamar a celular deber\u00e1 (+56)(9) + n\u00famero de celular.<\/li>\n<\/ul>\n<p>&nbsp;<\/p>\n<p><img loading=\"lazy\" decoding=\"async\" class=\"alignnone size-large wp-image-6984\" src=\"https:\/\/vocesparalelas.com.ar\/sitio\/wp-content\/uploads\/2017\/11\/RUTA-150-800x531.jpg\" alt=\"\" width=\"800\" height=\"531\" srcset=\"https:\/\/vocesparalelas.com.ar\/sitio\/wp-content\/uploads\/2017\/11\/RUTA-150-800x531.jpg 800w, https:\/\/vocesparalelas.com.ar\/sitio\/wp-content\/uploads\/2017\/11\/RUTA-150-300x199.jpg 300w, https:\/\/vocesparalelas.com.ar\/sitio\/wp-content\/uploads\/2017\/11\/RUTA-150-768x510.jpg 768w, https:\/\/vocesparalelas.com.ar\/sitio\/wp-content\/uploads\/2017\/11\/RUTA-150.jpg 1024w\" sizes=\"auto, (max-width: 800px) 100vw, 800px\" \/><\/p>\n","protected":false},"excerpt":{"rendered":"<p>El Ministerio de Gobierno, de San Juan a trav\u00e9s de la Secretar\u00eda de Relaciones Institucionales, informa que el Paso Internacional<\/p>\n","protected":false},"author":3,"featured_media":55101,"comment_status":"closed","ping_status":"closed","sticky":false,"template":"","format":"standard","meta":{"_acf_changed":false,"_seopress_robots_primary_cat":"none","_seopress_titles_title":"","_seopress_titles_desc":"","_seopress_robots_index":"","colormag_page_container_layout":"default_layout","colormag_page_sidebar_layout":"default_layout","footnotes":""},"categories":[6],"tags":[],"class_list":["post-80054","post","type-post","status-publish","format-standard","has-post-thumbnail","hentry","category-eventos"],"acf":[],"_links":{"self":[{"href":"https:\/\/vocesparalelas.com.ar\/sitio\/wp-json\/wp\/v2\/posts\/80054","targetHints":{"allow":["GET"]}}],"collection":[{"href":"https:\/\/vocesparalelas.com.ar\/sitio\/wp-json\/wp\/v2\/posts"}],"about":[{"href":"https:\/\/vocesparalelas.com.ar\/sitio\/wp-json\/wp\/v2\/types\/post"}],"author":[{"embeddable":true,"href":"https:\/\/vocesparalelas.com.ar\/sitio\/wp-json\/wp\/v2\/users\/3"}],"replies":[{"embeddable":true,"href":"https:\/\/vocesparalelas.com.ar\/sitio\/wp-json\/wp\/v2\/comments?post=80054"}],"version-history":[{"count":1,"href":"https:\/\/vocesparalelas.com.ar\/sitio\/wp-json\/wp\/v2\/posts\/80054\/revisions"}],"predecessor-version":[{"id":80057,"href":"https:\/\/vocesparalelas.com.ar\/sitio\/wp-json\/wp\/v2\/posts\/80054\/revisions\/80057"}],"wp:featuredmedia":[{"embeddable":true,"href":"https:\/\/vocesparalelas.com.ar\/sitio\/wp-json\/wp\/v2\/media\/55101"}],"wp:attachment":[{"href":"https:\/\/vocesparalelas.com.ar\/sitio\/wp-json\/wp\/v2\/media?parent=80054"}],"wp:term":[{"taxonomy":"category","embeddable":true,"href":"https:\/\/vocesparalelas.com.ar\/sitio\/wp-json\/wp\/v2\/categories?post=80054"},{"taxonomy":"post_tag","embeddable":true,"href":"https:\/\/vocesparalelas.com.ar\/sitio\/wp-json\/wp\/v2\/tags?post=80054"}],"curies":[{"name":"wp","href":"https:\/\/api.w.org\/{rel}","templated":true}]}}