{"id":80039,"date":"2024-12-05T21:34:04","date_gmt":"2024-12-06T00:34:04","guid":{"rendered":"https:\/\/vocesparalelas.com.ar\/sitio\/?p=80039"},"modified":"2024-12-07T11:02:50","modified_gmt":"2024-12-07T14:02:50","slug":"comenzo-las-tarea-de-mantenimiento-en-el-parque-quebrada-de-zonda","status":"publish","type":"post","link":"https:\/\/vocesparalelas.com.ar\/sitio\/comenzo-las-tarea-de-mantenimiento-en-el-parque-quebrada-de-zonda\/","title":{"rendered":"Comenz\u00f3 las tarea de mantenimiento en el Parque Quebrada de Zonda"},"content":{"rendered":"<p>Con la finalidad de de poner en valor el Parque Quebrada de Zonda y mejorar sus condiciones para el disfrute de los visitantes, se est\u00e1n realizando tareas de mantenimiento general.<\/p>\n<p>El trabajo interministerial, liderado por la Direcci\u00f3n del\u00a0Parque Quebrada de Zonda, consta de levantamiento de polvo como limo arcilloso, retiro de maleza, extracci\u00f3n de ca\u00f1izo, retiro de \u00e1rboles secos y acopio de material en distintos sectores como el\u00a0Centro de Interpretaci\u00f3n\u00a0(ex escuela), parrilleros,\u00a0Paseo del Estero\u00a0(piletones) y\u00a0Monumento al Ciclista.<\/p>\n<p><iframe loading=\"lazy\" title=\"QUEBRADA DEL ZONDA\" width=\"800\" height=\"450\" src=\"https:\/\/www.youtube.com\/embed\/kkleJveQJ-A?feature=oembed\" frameborder=\"0\" allow=\"accelerometer; autoplay; clipboard-write; encrypted-media; gyroscope; picture-in-picture; web-share\" referrerpolicy=\"strict-origin-when-cross-origin\" allowfullscreen><\/iframe><\/p>\n<p>Debido a dichas tareas que se realizan, diariamente, hasta las 15, se solicita a los conductores que circulen con precauci\u00f3n, respetando las medidas de seguridad vial en la extensi\u00f3n del Parque, desde los accesos Avenida Ignacio de la Roza y Avenida Libertador San Martin hasta la Hoster\u00eda Domingo Faustino Sarmiento, Ruta Provincial N\u00b0 12.<\/p>\n<p><img loading=\"lazy\" decoding=\"async\" class=\"alignnone size-full wp-image-80043\" src=\"https:\/\/vocesparalelas.com.ar\/sitio\/wp-content\/uploads\/2024\/12\/ZONDA-MANTENIMIENTO-02.jpg\" alt=\"\" width=\"800\" height=\"450\" srcset=\"https:\/\/vocesparalelas.com.ar\/sitio\/wp-content\/uploads\/2024\/12\/ZONDA-MANTENIMIENTO-02.jpg 800w, https:\/\/vocesparalelas.com.ar\/sitio\/wp-content\/uploads\/2024\/12\/ZONDA-MANTENIMIENTO-02-300x169.jpg 300w, https:\/\/vocesparalelas.com.ar\/sitio\/wp-content\/uploads\/2024\/12\/ZONDA-MANTENIMIENTO-02-768x432.jpg 768w\" sizes=\"auto, (max-width: 800px) 100vw, 800px\" \/><\/p>\n<p>&nbsp;<\/p>\n","protected":false},"excerpt":{"rendered":"<p>Con la finalidad de de poner en valor el Parque Quebrada de Zonda y mejorar sus condiciones para el disfrute<\/p>\n","protected":false},"author":3,"featured_media":80042,"comment_status":"closed","ping_status":"closed","sticky":false,"template":"","format":"standard","meta":{"_acf_changed":false,"_seopress_robots_primary_cat":"none","_seopress_titles_title":"","_seopress_titles_desc":"","_seopress_robots_index":"","colormag_page_container_layout":"default_layout","colormag_page_sidebar_layout":"default_layout","footnotes":""},"categories":[6,7],"tags":[],"class_list":["post-80039","post","type-post","status-publish","format-standard","has-post-thumbnail","hentry","category-eventos","category-videos"],"acf":[],"_links":{"self":[{"href":"https:\/\/vocesparalelas.com.ar\/sitio\/wp-json\/wp\/v2\/posts\/80039","targetHints":{"allow":["GET"]}}],"collection":[{"href":"https:\/\/vocesparalelas.com.ar\/sitio\/wp-json\/wp\/v2\/posts"}],"about":[{"href":"https:\/\/vocesparalelas.com.ar\/sitio\/wp-json\/wp\/v2\/types\/post"}],"author":[{"embeddable":true,"href":"https:\/\/vocesparalelas.com.ar\/sitio\/wp-json\/wp\/v2\/users\/3"}],"replies":[{"embeddable":true,"href":"https:\/\/vocesparalelas.com.ar\/sitio\/wp-json\/wp\/v2\/comments?post=80039"}],"version-history":[{"count":2,"href":"https:\/\/vocesparalelas.com.ar\/sitio\/wp-json\/wp\/v2\/posts\/80039\/revisions"}],"predecessor-version":[{"id":80090,"href":"https:\/\/vocesparalelas.com.ar\/sitio\/wp-json\/wp\/v2\/posts\/80039\/revisions\/80090"}],"wp:featuredmedia":[{"embeddable":true,"href":"https:\/\/vocesparalelas.com.ar\/sitio\/wp-json\/wp\/v2\/media\/80042"}],"wp:attachment":[{"href":"https:\/\/vocesparalelas.com.ar\/sitio\/wp-json\/wp\/v2\/media?parent=80039"}],"wp:term":[{"taxonomy":"category","embeddable":true,"href":"https:\/\/vocesparalelas.com.ar\/sitio\/wp-json\/wp\/v2\/categories?post=80039"},{"taxonomy":"post_tag","embeddable":true,"href":"https:\/\/vocesparalelas.com.ar\/sitio\/wp-json\/wp\/v2\/tags?post=80039"}],"curies":[{"name":"wp","href":"https:\/\/api.w.org\/{rel}","templated":true}]}}