{"id":80027,"date":"2024-12-06T20:00:53","date_gmt":"2024-12-06T23:00:53","guid":{"rendered":"https:\/\/vocesparalelas.com.ar\/sitio\/?p=80027"},"modified":"2024-12-06T20:40:07","modified_gmt":"2024-12-06T23:40:07","slug":"visita-las-muestras-3-bienal-nacional-de-dibujo-y-5-premio-franklin-rawson-en-el-mpbafr-de-san-juan","status":"publish","type":"post","link":"https:\/\/vocesparalelas.com.ar\/sitio\/visita-las-muestras-3-bienal-nacional-de-dibujo-y-5-premio-franklin-rawson-en-el-mpbafr-de-san-juan\/","title":{"rendered":"Visita las Muestras \u00ab3\u00b0 Bienal Nacional de Dibujo\u00bb y \u00ab5\u00b0 Premio Franklin Rawson\u00bb en el MPBAFR de San Juan"},"content":{"rendered":"<p>Durante la temporada de verano est\u00e1n en exposici\u00f3n los seleccionados de la Bienal Nacional del Dibujo y de Premio Franklin Rawson<\/p>\n<p>El Ministerio de Turismo, Cultura y Deporte del Gobierno de San Juan, junto a entidades privadas facilitaron el desarrollo de dos trascendentes convocatorias<\/p>\n<ul>\n<li>3\u00b0 Bienal Nacional de Dibujo<\/li>\n<li>5\u00b0 Premio Franklin Rawson<\/li>\n<\/ul>\n<p>De esta manera, el\u00a0 Museo Provincial de Bellas Artes Franklin Rawson &#8211; MPBAFR-\u00a0 presenta dos muestras centrales que re\u00fanen obras seleccionadas por prestigiosos jurados, despu\u00e9s de instancias de postulaci\u00f3n que iniciaron a mediados de a\u00f1o.<\/p>\n<p>En la noche de inauguraci\u00f3n se dar\u00e1n a conocer los ganadores de obras adquisici\u00f3n- tanto de la Bienal Nacional del Dibujo como del Premio Franklin Rawson a las artes visuales- y de las menciones honor\u00edficas y especiales, respectivamente.<\/p>\n<p>La inauguraci\u00f3n e el Viernes, 6 de Diciembre, a las 20 hs.; con entrada libre y gratuita. Adem\u00e1s, shows en vivo de Kbsonia Full Band, Abel Herrera Tr\u00edo y DJ Gabi Lisi, Live set.<\/p>\n<p>Las muestras pueden visitarse hasta Abril de 2025.<\/p>\n<p>Por ello, el Director del MPBAFR , Lic. Emmanuel D\u00edaz explic\u00f3 que \u00abel trabajo realizado por el jurado arroj\u00f3 un resultado muy positivo\u00bb.<\/p>\n<p><iframe loading=\"lazy\" title=\"MPBAFR LIC EMANUEL D\u00cdAZ\" width=\"800\" height=\"450\" src=\"https:\/\/www.youtube.com\/embed\/yfQ9SSkpuxI?feature=oembed\" frameborder=\"0\" allow=\"accelerometer; autoplay; clipboard-write; encrypted-media; gyroscope; picture-in-picture; web-share\" referrerpolicy=\"strict-origin-when-cross-origin\" allowfullscreen><\/iframe><\/p>\n<p>Posteriormente, Voces Paralelas desarroll\u00f3 la entrevista period\u00edstica al Curador: Daniel Santoro, quien describi\u00f3 como ha evolucionado el dibujo a trav\u00e9s de la historia y lo que se expone en MPBAFR.<\/p>\n<p><iframe loading=\"lazy\" title=\"MPBAFR CURADOR DANIEL SANTORO\" width=\"800\" height=\"450\" src=\"https:\/\/www.youtube.com\/embed\/gQn-If88YAo?feature=oembed\" frameborder=\"0\" allow=\"accelerometer; autoplay; clipboard-write; encrypted-media; gyroscope; picture-in-picture; web-share\" referrerpolicy=\"strict-origin-when-cross-origin\" allowfullscreen><\/iframe><\/p>\n<p>Finalmente, la integrante de la Fundaci\u00f3n del Banco San Juan, Andrea D\u00edaz sostuvo que \u00abapostar a la excelencia de la cultura y educaci\u00f3n es el objetivo de la Fundaci\u00f3n\u00bb.<\/p>\n<p>&nbsp;<\/p>\n<p><iframe loading=\"lazy\" title=\"MPBAFR\" width=\"800\" height=\"450\" src=\"https:\/\/www.youtube.com\/embed\/9XTgwyS0g6k?feature=oembed\" frameborder=\"0\" allow=\"accelerometer; autoplay; clipboard-write; encrypted-media; gyroscope; picture-in-picture; web-share\" referrerpolicy=\"strict-origin-when-cross-origin\" allowfullscreen><\/iframe><\/p>\n<p>Sala 1, 2 y Foyer: 3\u00b0 Bienal Nacional de Dibujo. Curador: Daniel Santoro, con la producci\u00f3n de m\u00e1s de 90 artistas argentinos, seleccionados en el marco de la 3 edici\u00f3n de la BND. El certamen incorpor\u00f3 este a\u00f1o un segundo premio adquisici\u00f3n, con el apoyo de C\u00e1mara Minera de San Juan, C\u00e1mara de Proveedores Mineros y C\u00e1mara de Servicios Mineros. Esta edici\u00f3n cont\u00f3 con m\u00e1s de 1500 postulantes provenientes de todas las regiones del pa\u00eds. Esta cifra r\u00e9cord lograda en tan pocos a\u00f1os constituye un reconocimiento que convierte a este evento en el m\u00e1s importante en la materia a nivel nacional.<\/p>\n<p>Jurado de selecci\u00f3n y premiaci\u00f3n: Daniel Santoro, Roberto Amigo y Lucas Di Pascuale.<\/p>\n<p>&nbsp;<\/p>\n<p><iframe loading=\"lazy\" title=\"SAN JUAN MPBAFR BIENAL DEL DIBUJO\" width=\"800\" height=\"450\" src=\"https:\/\/www.youtube.com\/embed\/QzvWBLeVGp0?feature=oembed\" frameborder=\"0\" allow=\"accelerometer; autoplay; clipboard-write; encrypted-media; gyroscope; picture-in-picture; web-share\" referrerpolicy=\"strict-origin-when-cross-origin\" allowfullscreen><\/iframe><\/p>\n<p>&nbsp;<\/p>\n<p>Sala 3: Premio Franklin Rawson a las artes visuales 5\u00b0 edici\u00f3n\u2028Curador: Espacio Bunker, Luisina Fava, Elisa Jaime y Carolina Herrera<\/p>\n<p><img loading=\"lazy\" decoding=\"async\" class=\"alignnone size-full wp-image-80032\" src=\"https:\/\/vocesparalelas.com.ar\/sitio\/wp-content\/uploads\/2024\/12\/MPBAFR-PREMIO-DIBUJO-03.jpg\" alt=\"\" width=\"800\" height=\"533\" srcset=\"https:\/\/vocesparalelas.com.ar\/sitio\/wp-content\/uploads\/2024\/12\/MPBAFR-PREMIO-DIBUJO-03.jpg 800w, https:\/\/vocesparalelas.com.ar\/sitio\/wp-content\/uploads\/2024\/12\/MPBAFR-PREMIO-DIBUJO-03-300x200.jpg 300w, https:\/\/vocesparalelas.com.ar\/sitio\/wp-content\/uploads\/2024\/12\/MPBAFR-PREMIO-DIBUJO-03-768x512.jpg 768w\" sizes=\"auto, (max-width: 800px) 100vw, 800px\" \/><\/p>\n<p>En sala 3, el MPBAFR presenta una nueva edici\u00f3n del Premio que tiene por objetivo estimular la producci\u00f3n de arte contempor\u00e1neo de artistas locales, con apoyo de Fundaci\u00f3n Banco San Juan. \u00a0Esta vez, 30 artistas resultaron seleccionados para integrar la muestra y, a su vez, postulan para los premios adquisici\u00f3n y las 4 menciones especiales, lo que ser\u00e1 anunciado en el acto de apertura.<\/p>\n<p><img loading=\"lazy\" decoding=\"async\" class=\"alignnone size-full wp-image-80031\" src=\"https:\/\/vocesparalelas.com.ar\/sitio\/wp-content\/uploads\/2024\/12\/MPBAFR-PREMIO-DIBUJO-02.jpg\" alt=\"\" width=\"800\" height=\"533\" srcset=\"https:\/\/vocesparalelas.com.ar\/sitio\/wp-content\/uploads\/2024\/12\/MPBAFR-PREMIO-DIBUJO-02.jpg 800w, https:\/\/vocesparalelas.com.ar\/sitio\/wp-content\/uploads\/2024\/12\/MPBAFR-PREMIO-DIBUJO-02-300x200.jpg 300w, https:\/\/vocesparalelas.com.ar\/sitio\/wp-content\/uploads\/2024\/12\/MPBAFR-PREMIO-DIBUJO-02-768x512.jpg 768w\" sizes=\"auto, (max-width: 800px) 100vw, 800px\" \/><\/p>\n<p>El Premio FR ofrece una visi\u00f3n panor\u00e1mica y diversa de la producci\u00f3n local, que invita a pensar la obra desde el propio espacio geogr\u00e1fico, reflexionando acerca de la cotidianeidad de habitar un contexto que configura el imaginario y por lo tanto los modos de producci\u00f3n.<\/p>\n<p>Jurado de selecci\u00f3n y premiaci\u00f3n: Alberto S\u00e1nchez Maratta, Cecilia Rabi Baldi y Carolina Herrera.<\/p>\n<p><iframe loading=\"lazy\" title=\"MPBAFR PREMIO FRANKLIN RAWSON\" width=\"800\" height=\"450\" src=\"https:\/\/www.youtube.com\/embed\/gJIl2yhFGdE?feature=oembed\" frameborder=\"0\" allow=\"accelerometer; autoplay; clipboard-write; encrypted-media; gyroscope; picture-in-picture; web-share\" referrerpolicy=\"strict-origin-when-cross-origin\" allowfullscreen><\/iframe><\/p>\n<p>&nbsp;<\/p>\n<p><span style=\"color: #ff6600;\"><strong>D\u00edas y horarios de visita<\/strong><\/span><\/p>\n<p>De martes a domingo de 12 a 20h. Lunes cerrado excepto feriados. Entrada general $500, jubilados y estudiantes $300, menores de 6 gratis. Domingo gratis.<\/p>\n<figure id=\"attachment_39924\" aria-describedby=\"caption-attachment-39924\" style=\"width: 800px\" class=\"wp-caption alignnone\"><img loading=\"lazy\" decoding=\"async\" class=\"size-full wp-image-39924\" src=\"https:\/\/vocesparalelas.com.ar\/sitio\/wp-content\/uploads\/2021\/07\/MPBAFR-OBRA-02.jpg\" alt=\"\" width=\"800\" height=\"533\" srcset=\"https:\/\/vocesparalelas.com.ar\/sitio\/wp-content\/uploads\/2021\/07\/MPBAFR-OBRA-02.jpg 800w, https:\/\/vocesparalelas.com.ar\/sitio\/wp-content\/uploads\/2021\/07\/MPBAFR-OBRA-02-300x200.jpg 300w, https:\/\/vocesparalelas.com.ar\/sitio\/wp-content\/uploads\/2021\/07\/MPBAFR-OBRA-02-768x512.jpg 768w\" sizes=\"auto, (max-width: 800px) 100vw, 800px\" \/><figcaption id=\"caption-attachment-39924\" class=\"wp-caption-text\">Museo Provincial de Bellas Artes Franklin Rawson, Provincia de San Juan, Rep\u00fablica Argentina<\/figcaption><\/figure>\n","protected":false},"excerpt":{"rendered":"<p>Durante la temporada de verano est\u00e1n en exposici\u00f3n los seleccionados de la Bienal Nacional del Dibujo y de Premio Franklin<\/p>\n","protected":false},"author":3,"featured_media":80030,"comment_status":"closed","ping_status":"closed","sticky":false,"template":"","format":"standard","meta":{"_acf_changed":false,"_seopress_robots_primary_cat":"none","_seopress_titles_title":"","_seopress_titles_desc":"","_seopress_robots_index":"","colormag_page_container_layout":"default_layout","colormag_page_sidebar_layout":"default_layout","footnotes":""},"categories":[1,7],"tags":[],"class_list":["post-80027","post","type-post","status-publish","format-standard","has-post-thumbnail","hentry","category-destacadas","category-videos"],"acf":[],"_links":{"self":[{"href":"https:\/\/vocesparalelas.com.ar\/sitio\/wp-json\/wp\/v2\/posts\/80027","targetHints":{"allow":["GET"]}}],"collection":[{"href":"https:\/\/vocesparalelas.com.ar\/sitio\/wp-json\/wp\/v2\/posts"}],"about":[{"href":"https:\/\/vocesparalelas.com.ar\/sitio\/wp-json\/wp\/v2\/types\/post"}],"author":[{"embeddable":true,"href":"https:\/\/vocesparalelas.com.ar\/sitio\/wp-json\/wp\/v2\/users\/3"}],"replies":[{"embeddable":true,"href":"https:\/\/vocesparalelas.com.ar\/sitio\/wp-json\/wp\/v2\/comments?post=80027"}],"version-history":[{"count":2,"href":"https:\/\/vocesparalelas.com.ar\/sitio\/wp-json\/wp\/v2\/posts\/80027\/revisions"}],"predecessor-version":[{"id":80112,"href":"https:\/\/vocesparalelas.com.ar\/sitio\/wp-json\/wp\/v2\/posts\/80027\/revisions\/80112"}],"wp:featuredmedia":[{"embeddable":true,"href":"https:\/\/vocesparalelas.com.ar\/sitio\/wp-json\/wp\/v2\/media\/80030"}],"wp:attachment":[{"href":"https:\/\/vocesparalelas.com.ar\/sitio\/wp-json\/wp\/v2\/media?parent=80027"}],"wp:term":[{"taxonomy":"category","embeddable":true,"href":"https:\/\/vocesparalelas.com.ar\/sitio\/wp-json\/wp\/v2\/categories?post=80027"},{"taxonomy":"post_tag","embeddable":true,"href":"https:\/\/vocesparalelas.com.ar\/sitio\/wp-json\/wp\/v2\/tags?post=80027"}],"curies":[{"name":"wp","href":"https:\/\/api.w.org\/{rel}","templated":true}]}}