{"id":79967,"date":"2024-12-04T18:18:22","date_gmt":"2024-12-04T21:18:22","guid":{"rendered":"https:\/\/vocesparalelas.com.ar\/sitio\/?p=79967"},"modified":"2024-12-06T00:17:09","modified_gmt":"2024-12-06T03:17:09","slug":"cronograma-de-renovacion-contratos-2025-del-ministerio-de-educacion-de-san-juan","status":"publish","type":"post","link":"https:\/\/vocesparalelas.com.ar\/sitio\/cronograma-de-renovacion-contratos-2025-del-ministerio-de-educacion-de-san-juan\/","title":{"rendered":"Cronograma de renovaci\u00f3n \u00abContratos 2025\u00bb del Ministerio de Educaci\u00f3n de San Juan"},"content":{"rendered":"<p>El Ministerio de Educaci\u00f3n del Gobierno de San Juan, a trav\u00e9s de la Secretar\u00eda de Coordinaci\u00f3n Administrativa y Financiera, informa el cronograma de Renovaci\u00f3n de Contratos 2025.<\/p>\n<p><span style=\"color: #ff6600;\"><strong>Personal de Servicios Generales<\/strong><\/span><\/p>\n<ul>\n<li>DNI finalizado en 0; 1; 2 y 3; Lunes, 9 de diciembre de 2024, de 14 a 18 hs.; en la Isla del Ministerio de Educaci\u00f3n en planta baja del Centro C\u00edvico.<\/li>\n<li>DNI finalizado en 4; 5 y 6; Martes, 10 de Diciembre, de 14 a 18 hs.; en la Isla del Ministerio de Educaci\u00f3n en planta baja del Centro C\u00edvico.<\/li>\n<li>DNI finalizado en 7; 8 y 9; Mi\u00e9rcoles, 11 de Diciembre de 2024, de 14 a 18 hs.; en la Isla del Ministerio de Educaci\u00f3n en planta baja del Centro C\u00edvico.<\/li>\n<\/ul>\n<p><span style=\"color: #ff6600;\"><strong>Administrativo y Profesionales<\/strong><\/span><\/p>\n<ul>\n<li>DNI finalizado en 0; 1; 2 y 3; Martes, 10 de Diciembre de 2024, de 7,30 a 12,30 hs.; en la Oficina de Personal Administrativo.<\/li>\n<li>DNI finalizado en 4;5 y 6; Mi\u00e9rcoles, 11 de Diciembre de 2024, de 7,30 a 12,30 hs.; en la Oficina de Personal Administrativo.<\/li>\n<li>DNI finalizado en 7; 8 y 9; Jueves, 12 de Diciembre de 2024, de 7,30 a 12,30 hs.; en la Oficina de Personal Administrativo.<\/li>\n<\/ul>\n<p><strong><span style=\"color: #ff6600;\">Documentaci\u00f3n requerida:<\/span><\/strong><\/p>\n<p>1. Dos (2) fotocopias legibles de DNI tarjeta (anverso y reverso), legalizadas.<\/p>\n<p>2. Constancia de inscripci\u00f3n de AFIP actualizada, donde conste la inscripci\u00f3n en Ingresos Brutos a trav\u00e9s de la leyenda \u201cR\u00e9gimen simplificado impuesto sobre los ingresos brutos San Juan &#8211; AC\u201d. Adem\u00e1s es indispensable tener como actividad principal \u201cSERVICIOS PERSONALES NCP\u201d.<\/p>\n<p>3. P\u00f3liza por accidentes laborales. Seg\u00fan los siguientes importes:<\/p>\n<ul>\n<li>Muerte o invalidez total\/parcial por $ 3.000.000<\/li>\n<li>Gastos m\u00e9dicos y farmac\u00e9uticos por $ 150.000<\/li>\n<\/ul>\n<p>En caso de no presentar debidamente la documentaci\u00f3n en el d\u00eda asignado se recibir\u00e1 el 12 y 13 de diciembre en la Oficina de Contratos en horario de 7,30 a 13 hs.<\/p>\n<p>Se advierte que los agentes que no presenten documentaci\u00f3n hasta el 13\/12\/2024 no tendr\u00e1n continuidad en sus contratos de trabajo.<\/p>\n<p><strong><span style=\"color: #ff6600;\">Departamentos alejados<\/span><\/strong><\/p>\n<p>El Ministerio de Educaci\u00f3n, a trav\u00e9s de la Secretar\u00eda de Coordinaci\u00f3n Administrativa y Financiera, informa a continuaci\u00f3n el cronograma de Renovaci\u00f3n de Contratos en departamentos alejados (en el mismo acto se recibir\u00e1n las facturas correspondiente del mes de diciembre 2024, seg\u00fan cronograma de facturaci\u00f3n).<\/p>\n<p><span style=\"color: #ff6600;\"><strong>J\u00e1chal<\/strong>:<\/span> martes 17 de diciembre de 2024, de 8,30 a 12 en E.PE.T. N\u00b01 de J\u00e1chal (General Acha y Agust\u00edn G\u00f3mez).<\/p>\n<p><span style=\"color: #ff6600;\"><strong>Iglesia<\/strong>:<\/span> martes 17 de diciembre de 2024, de 9,30 a 11 en U.G.D.A. Zona L (Santo Domingo Albergue, Rodeo).<\/p>\n<p><span style=\"color: #ff6600;\"><strong>Calingasta<\/strong>:<\/span> mi\u00e9rcoles 18 de diciembre de 2024, de 9,30 a 11 en Centro Cultural de Tamber\u00edas.<\/p>\n<p><span style=\"color: #ff6600;\"><strong>Valle F\u00e9rtil<\/strong>:<\/span> jueves 19 de diciembre de 2024, de 9,30 a 12 en escuela Provincia de Formosa (Mitre y General Acha, Villa San Agust\u00edn).<\/p>\n<p><strong><span style=\"color: #ff6600;\">Documentaci\u00f3n requerida:<\/span><\/strong><\/p>\n<p>1. Dos (2) fotocopias legibles de DNI tarjeta (anverso y reverso), legalizadas.<\/p>\n<p>2. Constancia de inscripci\u00f3n de AFIP actualizada, donde conste la inscripci\u00f3n en Ingresos Brutos a trav\u00e9s de la leyenda \u201cR\u00e9gimen simplificado impuesto sobre los ingresos brutos San Juan &#8211; AC\u201d. Adem\u00e1s es indispensable tener como actividad principal \u201cSERVICIOS PERSONALES NCP\u201d.<\/p>\n<p>3. Presentar P\u00f3liza de Seguro por Accidentes Laborales Vigente. Con los siguientes importes:<\/p>\n<ul>\n<li>Muerte o invalidez total\/parcial por $ 3.000.000<\/li>\n<li>Gastos m\u00e9dicos y farmac\u00e9uticos por $ 150.000<\/li>\n<\/ul>\n<p>La documentaci\u00f3n de los puntos 1, 2 y 3 deber\u00e1 ser presentada seg\u00fan el d\u00eda correspondiente al cronograma.<\/p>\n<p>Se ruega respetar los d\u00edas y horarios asignados. En caso de no presentar debidamente la documentaci\u00f3n en el d\u00eda asignado, se advierte que no tendr\u00e1 continuidad el contrato de trabajo.<\/p>\n<p>&nbsp;<\/p>\n<p><img loading=\"lazy\" decoding=\"async\" class=\"alignnone size-full wp-image-28629\" src=\"https:\/\/vocesparalelas.com.ar\/sitio\/wp-content\/uploads\/2020\/05\/MINISTERIO-EDUCACION-SJ.jpg\" alt=\"\" width=\"800\" height=\"533\" srcset=\"https:\/\/vocesparalelas.com.ar\/sitio\/wp-content\/uploads\/2020\/05\/MINISTERIO-EDUCACION-SJ.jpg 800w, https:\/\/vocesparalelas.com.ar\/sitio\/wp-content\/uploads\/2020\/05\/MINISTERIO-EDUCACION-SJ-300x200.jpg 300w, https:\/\/vocesparalelas.com.ar\/sitio\/wp-content\/uploads\/2020\/05\/MINISTERIO-EDUCACION-SJ-768x512.jpg 768w\" sizes=\"auto, (max-width: 800px) 100vw, 800px\" \/><\/p>\n","protected":false},"excerpt":{"rendered":"<p>El Ministerio de Educaci\u00f3n del Gobierno de San Juan, a trav\u00e9s de la Secretar\u00eda de Coordinaci\u00f3n Administrativa y Financiera, informa<\/p>\n","protected":false},"author":3,"featured_media":5706,"comment_status":"closed","ping_status":"closed","sticky":false,"template":"","format":"standard","meta":{"_acf_changed":false,"_seopress_robots_primary_cat":"none","_seopress_titles_title":"","_seopress_titles_desc":"","_seopress_robots_index":"","colormag_page_container_layout":"default_layout","colormag_page_sidebar_layout":"default_layout","footnotes":""},"categories":[2],"tags":[],"class_list":["post-79967","post","type-post","status-publish","format-standard","has-post-thumbnail","hentry","category-convocatorias"],"acf":[],"_links":{"self":[{"href":"https:\/\/vocesparalelas.com.ar\/sitio\/wp-json\/wp\/v2\/posts\/79967","targetHints":{"allow":["GET"]}}],"collection":[{"href":"https:\/\/vocesparalelas.com.ar\/sitio\/wp-json\/wp\/v2\/posts"}],"about":[{"href":"https:\/\/vocesparalelas.com.ar\/sitio\/wp-json\/wp\/v2\/types\/post"}],"author":[{"embeddable":true,"href":"https:\/\/vocesparalelas.com.ar\/sitio\/wp-json\/wp\/v2\/users\/3"}],"replies":[{"embeddable":true,"href":"https:\/\/vocesparalelas.com.ar\/sitio\/wp-json\/wp\/v2\/comments?post=79967"}],"version-history":[{"count":1,"href":"https:\/\/vocesparalelas.com.ar\/sitio\/wp-json\/wp\/v2\/posts\/79967\/revisions"}],"predecessor-version":[{"id":79970,"href":"https:\/\/vocesparalelas.com.ar\/sitio\/wp-json\/wp\/v2\/posts\/79967\/revisions\/79970"}],"wp:featuredmedia":[{"embeddable":true,"href":"https:\/\/vocesparalelas.com.ar\/sitio\/wp-json\/wp\/v2\/media\/5706"}],"wp:attachment":[{"href":"https:\/\/vocesparalelas.com.ar\/sitio\/wp-json\/wp\/v2\/media?parent=79967"}],"wp:term":[{"taxonomy":"category","embeddable":true,"href":"https:\/\/vocesparalelas.com.ar\/sitio\/wp-json\/wp\/v2\/categories?post=79967"},{"taxonomy":"post_tag","embeddable":true,"href":"https:\/\/vocesparalelas.com.ar\/sitio\/wp-json\/wp\/v2\/tags?post=79967"}],"curies":[{"name":"wp","href":"https:\/\/api.w.org\/{rel}","templated":true}]}}