{"id":79963,"date":"2024-12-04T18:04:01","date_gmt":"2024-12-04T21:04:01","guid":{"rendered":"https:\/\/vocesparalelas.com.ar\/sitio\/?p=79963"},"modified":"2024-12-06T00:16:29","modified_gmt":"2024-12-06T03:16:29","slug":"deben-presentar-factura-diciembre-2024-los-contratados-de-educacion-de-san-juan","status":"publish","type":"post","link":"https:\/\/vocesparalelas.com.ar\/sitio\/deben-presentar-factura-diciembre-2024-los-contratados-de-educacion-de-san-juan\/","title":{"rendered":"Deben presentar factura \u00abDiciembre 2024\u00bb los contratados de Educaci\u00f3n de San Juan"},"content":{"rendered":"<p>El Ministerio de Educaci\u00f3n del Gobierno de San Juan informa que las personas que poseen Contratos Administrativos de Servicios de Colaboraci\u00f3n, deben presentar la factura electr\u00f3nica \u00abDiciembre 2024\u00bb a su directivo, para que la misma sea firmada y sellada al dorso.<\/p>\n<p>La factura puede realizarse a partir del Martes, 3 de Diciembre y debe ser presentada en el Centro C\u00edvico, seg\u00fan el siguiente cronograma:<\/p>\n<p><span style=\"color: #ff6600;\"><strong>Servicios Generales (porteros)<\/strong><\/span><\/p>\n<ul>\n<li>DNI terminado en 0, 1, 2 y 3; el lunes 9 de diciembre de 2024 de 14,30 a 18,30 (se recibir\u00e1 en el momento de la recepci\u00f3n de la documentaci\u00f3n).<\/li>\n<li>DNI terminado en 4, 5 y 6; el martes 10 de diciembre de 14,30 a 18,30 en la isla del Ministerio de Educaci\u00f3n (se recibir\u00e1 al momento de la recepci\u00f3n de la documentaci\u00f3n).<\/li>\n<li>DNI terminado en 7, 8 y 9, el mi\u00e9rcoles 11 de diciembre de 14,30 a 18,30 en la isla del Ministerio de Educaci\u00f3n (se recibir\u00e1 al momento de la recepci\u00f3n de la documentaci\u00f3n).<\/li>\n<\/ul>\n<p><span style=\"color: #ff6600;\"><strong>Administrativos<\/strong><\/span>: presentar\u00e1n la factura en la oficina de Personal Administrativo con el monto correspondiente a cada contrato, los d\u00edas 10; 11 y 12 de diciembre de 2024, en horario de 7,30 a 12,30.<\/p>\n<p>Las personas contratadas que viven en los departamentos de Calingasta, Iglesia, J\u00e1chal y Valle F\u00e9rtil deben entregar la factura electr\u00f3nica impresa a su director y \u00e9ste deber\u00e1 conformarlas y enviarlas en un sobre a su unidad de gesti\u00f3n.<\/p>\n<p><span style=\"color: #ff6600;\"><strong>Para tener en cuenta<\/strong><\/span><\/p>\n<p>Las facturas deber\u00e1n ser electr\u00f3nicas y confeccionadas de la siguiente manera:<\/p>\n<p>Factura mes de diciembre 2024<\/p>\n<p>Fecha emisi\u00f3n: 13\/12\/2024<\/p>\n<p>Periodo facturado: desde 01\/12\/2024 hasta 31\/12\/2024<\/p>\n<p>Vencimiento: 31\/12\/2024<\/p>\n<p>CUIT Gobierno de la Provincia: 30-99901516-2<\/p>\n<p>Condici\u00f3n frente al IVA: IVA Sujeto Exento<\/p>\n<p>Condici\u00f3n de venta: Otra<\/p>\n<p>Detalle: Pago de honorarios por Contrato Administrativo de Servicios de Colaboraci\u00f3n correspondiente al mes de diciembre de 2024.-<\/p>\n<p>Monto a facturar: (PARA PORTEROS): $255.000,00.-<\/p>\n<p>Conformaci\u00f3n de factura: Al dorso de la factura (en la parte de atr\u00e1s) deber\u00e1 colocar lo siguiente:<\/p>\n<p>\u201cArt\u00edculos 6\u00b0 Y 11\u00ba Ley N\u00ba 793-A. Cl\u00e1usula cuarta del contrato administrativo de Servicios de Colaboraci\u00f3n\u201d.<\/p>\n<p>San Juan, 13 de diciembre de 2024. \u2013<\/p>\n<p>Firma y sello del directivo<\/p>\n<p>Presentaci\u00f3n del seguro: constancia de pago del mes de diciembre de 2024, (fotocopia legible con datos del asegurado y legalizada en el frente por el directivo). En caso de presentar el comprobante de pago emitido por el seguro, el mismo debe tener fecha de diciembre de 2024. Sin excepci\u00f3n.<\/p>\n<p>&nbsp;<\/p>\n<p><img loading=\"lazy\" decoding=\"async\" class=\"alignnone size-full wp-image-28629\" src=\"https:\/\/vocesparalelas.com.ar\/sitio\/wp-content\/uploads\/2020\/05\/MINISTERIO-EDUCACION-SJ.jpg\" alt=\"\" width=\"800\" height=\"533\" srcset=\"https:\/\/vocesparalelas.com.ar\/sitio\/wp-content\/uploads\/2020\/05\/MINISTERIO-EDUCACION-SJ.jpg 800w, https:\/\/vocesparalelas.com.ar\/sitio\/wp-content\/uploads\/2020\/05\/MINISTERIO-EDUCACION-SJ-300x200.jpg 300w, https:\/\/vocesparalelas.com.ar\/sitio\/wp-content\/uploads\/2020\/05\/MINISTERIO-EDUCACION-SJ-768x512.jpg 768w\" sizes=\"auto, (max-width: 800px) 100vw, 800px\" \/><\/p>\n","protected":false},"excerpt":{"rendered":"<p>El Ministerio de Educaci\u00f3n del Gobierno de San Juan informa que las personas que poseen Contratos Administrativos de Servicios de<\/p>\n","protected":false},"author":3,"featured_media":37957,"comment_status":"closed","ping_status":"closed","sticky":false,"template":"","format":"standard","meta":{"_acf_changed":false,"_seopress_robots_primary_cat":"none","_seopress_titles_title":"","_seopress_titles_desc":"","_seopress_robots_index":"","colormag_page_container_layout":"default_layout","colormag_page_sidebar_layout":"default_layout","footnotes":""},"categories":[2],"tags":[],"class_list":["post-79963","post","type-post","status-publish","format-standard","has-post-thumbnail","hentry","category-convocatorias"],"acf":[],"_links":{"self":[{"href":"https:\/\/vocesparalelas.com.ar\/sitio\/wp-json\/wp\/v2\/posts\/79963","targetHints":{"allow":["GET"]}}],"collection":[{"href":"https:\/\/vocesparalelas.com.ar\/sitio\/wp-json\/wp\/v2\/posts"}],"about":[{"href":"https:\/\/vocesparalelas.com.ar\/sitio\/wp-json\/wp\/v2\/types\/post"}],"author":[{"embeddable":true,"href":"https:\/\/vocesparalelas.com.ar\/sitio\/wp-json\/wp\/v2\/users\/3"}],"replies":[{"embeddable":true,"href":"https:\/\/vocesparalelas.com.ar\/sitio\/wp-json\/wp\/v2\/comments?post=79963"}],"version-history":[{"count":1,"href":"https:\/\/vocesparalelas.com.ar\/sitio\/wp-json\/wp\/v2\/posts\/79963\/revisions"}],"predecessor-version":[{"id":79966,"href":"https:\/\/vocesparalelas.com.ar\/sitio\/wp-json\/wp\/v2\/posts\/79963\/revisions\/79966"}],"wp:featuredmedia":[{"embeddable":true,"href":"https:\/\/vocesparalelas.com.ar\/sitio\/wp-json\/wp\/v2\/media\/37957"}],"wp:attachment":[{"href":"https:\/\/vocesparalelas.com.ar\/sitio\/wp-json\/wp\/v2\/media?parent=79963"}],"wp:term":[{"taxonomy":"category","embeddable":true,"href":"https:\/\/vocesparalelas.com.ar\/sitio\/wp-json\/wp\/v2\/categories?post=79963"},{"taxonomy":"post_tag","embeddable":true,"href":"https:\/\/vocesparalelas.com.ar\/sitio\/wp-json\/wp\/v2\/tags?post=79963"}],"curies":[{"name":"wp","href":"https:\/\/api.w.org\/{rel}","templated":true}]}}