{"id":79946,"date":"2024-12-03T23:00:49","date_gmt":"2024-12-04T02:00:49","guid":{"rendered":"https:\/\/vocesparalelas.com.ar\/sitio\/?p=79946"},"modified":"2024-12-05T00:32:27","modified_gmt":"2024-12-05T03:32:27","slug":"se-fortalece-el-programa-de-justicia-juvenil-restaurativa-en-san-juan","status":"publish","type":"post","link":"https:\/\/vocesparalelas.com.ar\/sitio\/se-fortalece-el-programa-de-justicia-juvenil-restaurativa-en-san-juan\/","title":{"rendered":"Se fortalece el Programa de Justicia Juvenil Restaurativa en San Juan"},"content":{"rendered":"<p>El Lunes, 2 de Diciembre de 2024, el gobernador de San Juan, Dr. Marcelo Orrego firm\u00f3 convenio con el Poder Judicial de San Juan para desarrollar el trabajo para fortalecer el Programa de Justicia Juvenil Restaurativa.<\/p>\n<p>Participaron adem\u00e1s, el presidente de la Corte de Justicia, Dr. Marcelo Lima, ministros de la Corte de Justicia, Dra. Adriana Garc\u00eda Nieto; Dr. Guillermo De Sanctis; Dr. Daniel Olivares Yapur; Dr. Juan Jos\u00e9 Victoria; ministros de Familia y Desarrollo Humano, Prof. Carlos Platero; Gobierno, Dr. Laura Palma, asesor Letrado de Gobierno, Dr. Alejandro Ferrari, intendentes de la Ciudad de Capital, Dra. Susana Lacia; Rawson, Dr. Carlos Munisaga; J\u00e1chal, Dr. Mat\u00edas Espejo; Santa Luc\u00eda, Juan Jos\u00e9 Orrego, dem\u00e1s funcionarios judiciales, de Seguridad, municipales y legisladores.<\/p>\n<p>El acto comenz\u00f3 con la firma del convenio entre el Gobierno de San Juan y el Poder Judicial de San Juan m\u00e1s con los intendentes de las Municipalidades de Capital, J\u00e1chal, Santa Luc\u00eda y Rawsob.<\/p>\n<p><img loading=\"lazy\" decoding=\"async\" class=\"alignnone size-full wp-image-79949\" src=\"https:\/\/vocesparalelas.com.ar\/sitio\/wp-content\/uploads\/2024\/12\/GOBIERNO-JUSTICIA-02.jpg\" alt=\"\" width=\"800\" height=\"533\" srcset=\"https:\/\/vocesparalelas.com.ar\/sitio\/wp-content\/uploads\/2024\/12\/GOBIERNO-JUSTICIA-02.jpg 800w, https:\/\/vocesparalelas.com.ar\/sitio\/wp-content\/uploads\/2024\/12\/GOBIERNO-JUSTICIA-02-300x200.jpg 300w, https:\/\/vocesparalelas.com.ar\/sitio\/wp-content\/uploads\/2024\/12\/GOBIERNO-JUSTICIA-02-768x512.jpg 768w\" sizes=\"auto, (max-width: 800px) 100vw, 800px\" \/><\/p>\n<p>El responsable del Programa de Justicia Juvenil Restaurativa en San Juan, Dr. Ra\u00fal Calvo Soler explic\u00f3\u00a0 que \u00abeste convenio busca implementar un modelo diferente en un contexto globalmente desafiante, donde la delincuencia juvenil es un problema creciente. La justicia restaurativa ofrece una respuesta innovadora a la problem\u00e1tica que enfrentan nuestros j\u00f3venes, y este acuerdo busca ponerla en pr\u00e1ctica en San Juan. Agradezco profundamente a la Corte por brindarme la oportunidad de participar en este proyecto, que ya involucra a jueces y facilitadores de distintas provincias\u201d.<\/p>\n<p><iframe loading=\"lazy\" title=\"SAN JUAN DR RA\u00daL CALVO SORIA\" width=\"800\" height=\"450\" src=\"https:\/\/www.youtube.com\/embed\/KJ3wx20ELX8?feature=oembed\" frameborder=\"0\" allow=\"accelerometer; autoplay; clipboard-write; encrypted-media; gyroscope; picture-in-picture; web-share\" referrerpolicy=\"strict-origin-when-cross-origin\" allowfullscreen><\/iframe><\/p>\n<p>&nbsp;<\/p>\n<p>Posteriormente, el Dr. Juan Jos\u00e9 Victoria remarc\u00f3 que \u201cfirmar este acuerdo y darle un valor significativo a este programa de justicia restaurativa es un paso m\u00e1s en un largo camino que hemos recorrido desde que decidimos implementarlo en San Juan. Estoy convencido de que ser\u00e1 un gran apoyo a la transformaci\u00f3n del Poder Judicial en el \u00e1mbito penal. Este programa comenzar\u00e1 con menores no punibles y se extender\u00e1 a personas de 18 a 21 a\u00f1os, tanto si est\u00e1n privadas de libertad como si no. Aunque los resultados son a largo plazo, creo firmemente que debemos iniciar y poner en marcha estos programas, porque los sanjuaninos merecemos un mejor servicio de justicia cada d\u00eda. Este programa depende de muchas instituciones, no solo del Poder Judicial\u201d.<\/p>\n<p><iframe loading=\"lazy\" title=\"SAN JUAN DR JUAN JOS\u00c9 VICTORIA\" width=\"800\" height=\"450\" src=\"https:\/\/www.youtube.com\/embed\/fA9TxonTNU0?feature=oembed\" frameborder=\"0\" allow=\"accelerometer; autoplay; clipboard-write; encrypted-media; gyroscope; picture-in-picture; web-share\" referrerpolicy=\"strict-origin-when-cross-origin\" allowfullscreen><\/iframe><\/p>\n<p>En este contexto, el gobernador Orrego expres\u00f3 que \u00abdedico unas palabras a los intendentes de J\u00e1chal, Santa Luc\u00eda, Rawson y Capital, quienes han asumido el compromiso de implementar el Programa de Justicia Juvenil Restaurativa. Este proyecto, que iniciamos junto a la Corte, hace unos meses con determinaci\u00f3n y convicci\u00f3n, no habr\u00eda sido posible sin el apoyo de los municipios\u201d.<\/p>\n<p><iframe loading=\"lazy\" title=\"SAN JUAN GOBERNADOR DR MARCELO ORREGO\" width=\"800\" height=\"450\" src=\"https:\/\/www.youtube.com\/embed\/yfbLQwZUZE4?feature=oembed\" frameborder=\"0\" allow=\"accelerometer; autoplay; clipboard-write; encrypted-media; gyroscope; picture-in-picture; web-share\" referrerpolicy=\"strict-origin-when-cross-origin\" allowfullscreen><\/iframe><\/p>\n<p>&nbsp;<\/p>\n<p>&nbsp;<\/p>\n<p><strong><span style=\"color: #ff6600;\">Caracter\u00edsticas del Convenio Interinstitucional <\/span><\/strong><\/p>\n<p>Tiene como objetivo la implementaci\u00f3n de un Programa de Justicia Juvenil Restaurativa en la provincia de San Juan. Este programa busca ofrecer una respuesta alternativa al sistema de justicia penal juvenil, promoviendo procesos de restauraci\u00f3n a trav\u00e9s de la participaci\u00f3n activa de las v\u00edctimas, los infractores y la comunidad. Su enfoque se basa en la reparaci\u00f3n del da\u00f1o causado por los j\u00f3venes en conflicto con la ley, en lugar de recurrir a castigos punitivos.<\/p>\n<p>Este programa busca innovar en la justicia juvenil, utilizando un enfoque restaurativo que involucra a todos los actores sociales relevantes para lograr una reintegraci\u00f3n efectiva de los j\u00f3venes infractores.<\/p>\n<p>&nbsp;<\/p>\n<p><img loading=\"lazy\" decoding=\"async\" class=\"alignnone size-full wp-image-62371\" src=\"https:\/\/vocesparalelas.com.ar\/sitio\/wp-content\/uploads\/2023\/08\/CORTE-JUSTICIA-SAN-JUAN-01.jpg\" alt=\"\" width=\"800\" height=\"503\" srcset=\"https:\/\/vocesparalelas.com.ar\/sitio\/wp-content\/uploads\/2023\/08\/CORTE-JUSTICIA-SAN-JUAN-01.jpg 800w, https:\/\/vocesparalelas.com.ar\/sitio\/wp-content\/uploads\/2023\/08\/CORTE-JUSTICIA-SAN-JUAN-01-300x189.jpg 300w, https:\/\/vocesparalelas.com.ar\/sitio\/wp-content\/uploads\/2023\/08\/CORTE-JUSTICIA-SAN-JUAN-01-768x483.jpg 768w\" sizes=\"auto, (max-width: 800px) 100vw, 800px\" \/><\/p>\n<p>&nbsp;<\/p>\n<p><img loading=\"lazy\" decoding=\"async\" class=\"alignnone size-full wp-image-65642\" src=\"https:\/\/vocesparalelas.com.ar\/sitio\/wp-content\/uploads\/2023\/11\/GOBIERNO-SAN-JUAN.jpg\" alt=\"\" width=\"800\" height=\"600\" srcset=\"https:\/\/vocesparalelas.com.ar\/sitio\/wp-content\/uploads\/2023\/11\/GOBIERNO-SAN-JUAN.jpg 800w, https:\/\/vocesparalelas.com.ar\/sitio\/wp-content\/uploads\/2023\/11\/GOBIERNO-SAN-JUAN-300x225.jpg 300w, https:\/\/vocesparalelas.com.ar\/sitio\/wp-content\/uploads\/2023\/11\/GOBIERNO-SAN-JUAN-768x576.jpg 768w\" sizes=\"auto, (max-width: 800px) 100vw, 800px\" \/><\/p>\n","protected":false},"excerpt":{"rendered":"<p>El Lunes, 2 de Diciembre de 2024, el gobernador de San Juan, Dr. Marcelo Orrego firm\u00f3 convenio con el Poder<\/p>\n","protected":false},"author":3,"featured_media":79950,"comment_status":"closed","ping_status":"closed","sticky":false,"template":"","format":"standard","meta":{"_acf_changed":false,"_seopress_robots_primary_cat":"none","_seopress_titles_title":"","_seopress_titles_desc":"","_seopress_robots_index":"","colormag_page_container_layout":"default_layout","colormag_page_sidebar_layout":"default_layout","footnotes":""},"categories":[10,7],"tags":[],"class_list":["post-79946","post","type-post","status-publish","format-standard","has-post-thumbnail","hentry","category-opiniones","category-videos"],"acf":[],"_links":{"self":[{"href":"https:\/\/vocesparalelas.com.ar\/sitio\/wp-json\/wp\/v2\/posts\/79946","targetHints":{"allow":["GET"]}}],"collection":[{"href":"https:\/\/vocesparalelas.com.ar\/sitio\/wp-json\/wp\/v2\/posts"}],"about":[{"href":"https:\/\/vocesparalelas.com.ar\/sitio\/wp-json\/wp\/v2\/types\/post"}],"author":[{"embeddable":true,"href":"https:\/\/vocesparalelas.com.ar\/sitio\/wp-json\/wp\/v2\/users\/3"}],"replies":[{"embeddable":true,"href":"https:\/\/vocesparalelas.com.ar\/sitio\/wp-json\/wp\/v2\/comments?post=79946"}],"version-history":[{"count":1,"href":"https:\/\/vocesparalelas.com.ar\/sitio\/wp-json\/wp\/v2\/posts\/79946\/revisions"}],"predecessor-version":[{"id":79951,"href":"https:\/\/vocesparalelas.com.ar\/sitio\/wp-json\/wp\/v2\/posts\/79946\/revisions\/79951"}],"wp:featuredmedia":[{"embeddable":true,"href":"https:\/\/vocesparalelas.com.ar\/sitio\/wp-json\/wp\/v2\/media\/79950"}],"wp:attachment":[{"href":"https:\/\/vocesparalelas.com.ar\/sitio\/wp-json\/wp\/v2\/media?parent=79946"}],"wp:term":[{"taxonomy":"category","embeddable":true,"href":"https:\/\/vocesparalelas.com.ar\/sitio\/wp-json\/wp\/v2\/categories?post=79946"},{"taxonomy":"post_tag","embeddable":true,"href":"https:\/\/vocesparalelas.com.ar\/sitio\/wp-json\/wp\/v2\/tags?post=79946"}],"curies":[{"name":"wp","href":"https:\/\/api.w.org\/{rel}","templated":true}]}}