{"id":79889,"date":"2024-12-02T17:46:24","date_gmt":"2024-12-02T20:46:24","guid":{"rendered":"https:\/\/vocesparalelas.com.ar\/sitio\/?p=79889"},"modified":"2024-12-07T15:02:26","modified_gmt":"2024-12-07T18:02:26","slug":"feria-agroproductiva-de-san-juan-15","status":"publish","type":"post","link":"https:\/\/vocesparalelas.com.ar\/sitio\/feria-agroproductiva-de-san-juan-15\/","title":{"rendered":"Feria Agroproductiva de San Juan"},"content":{"rendered":"<p>El \u00faltimo mes del a\u00f1o llega con el cronograma de la Feria m\u00e1s importante del sector agroproductivo de San Juan, el S\u00e1bado, 7 de Diciembre, de 9 a 13.30 hs., en el tradicional Paseo de las Palmeras del Parque de Mayo para que los visitantes puedan comprar productos locales de calidad.<\/p>\n<p>Emprendedores de la agricultura, ganader\u00eda y agroindustria de todo San Juan ofrecer\u00e1n frutas, verduras, huevos, miel, dulces, conservas, panificaci\u00f3n, aceites, vinos, productos de panificaci\u00f3n y gourmet en la esperada feria agroproductiva del parque.<\/p>\n<p>Desde la Secretar\u00eda de Agricultura, Ganader\u00eda y Agroindustria a cargo del en\u00f3logo Miguel Moreno, informaron que como en cada edici\u00f3n ferial de este a\u00f1o acompa\u00f1ar\u00e1, durante el horario de la misma, el stand de la Tarjeta Sube para brindar informaci\u00f3n y entrega de tarjetas.<\/p>\n<p><iframe loading=\"lazy\" title=\"FERIA AGROPRODUCTIVA SAN JUAN\" width=\"800\" height=\"450\" src=\"https:\/\/www.youtube.com\/embed\/s3Ywi3Ao_z4?feature=oembed\" frameborder=\"0\" allow=\"accelerometer; autoplay; clipboard-write; encrypted-media; gyroscope; picture-in-picture; web-share\" referrerpolicy=\"strict-origin-when-cross-origin\" allowfullscreen><\/iframe><\/p>\n","protected":false},"excerpt":{"rendered":"<p>El \u00faltimo mes del a\u00f1o llega con el cronograma de la Feria m\u00e1s importante del sector agroproductivo de San Juan,<\/p>\n","protected":false},"author":3,"featured_media":71556,"comment_status":"closed","ping_status":"closed","sticky":false,"template":"","format":"standard","meta":{"_acf_changed":false,"_seopress_robots_primary_cat":"none","_seopress_titles_title":"","_seopress_titles_desc":"","_seopress_robots_index":"","colormag_page_container_layout":"default_layout","colormag_page_sidebar_layout":"default_layout","footnotes":""},"categories":[1,7],"tags":[],"class_list":["post-79889","post","type-post","status-publish","format-standard","has-post-thumbnail","hentry","category-destacadas","category-videos"],"acf":[],"_links":{"self":[{"href":"https:\/\/vocesparalelas.com.ar\/sitio\/wp-json\/wp\/v2\/posts\/79889","targetHints":{"allow":["GET"]}}],"collection":[{"href":"https:\/\/vocesparalelas.com.ar\/sitio\/wp-json\/wp\/v2\/posts"}],"about":[{"href":"https:\/\/vocesparalelas.com.ar\/sitio\/wp-json\/wp\/v2\/types\/post"}],"author":[{"embeddable":true,"href":"https:\/\/vocesparalelas.com.ar\/sitio\/wp-json\/wp\/v2\/users\/3"}],"replies":[{"embeddable":true,"href":"https:\/\/vocesparalelas.com.ar\/sitio\/wp-json\/wp\/v2\/comments?post=79889"}],"version-history":[{"count":1,"href":"https:\/\/vocesparalelas.com.ar\/sitio\/wp-json\/wp\/v2\/posts\/79889\/revisions"}],"predecessor-version":[{"id":79892,"href":"https:\/\/vocesparalelas.com.ar\/sitio\/wp-json\/wp\/v2\/posts\/79889\/revisions\/79892"}],"wp:featuredmedia":[{"embeddable":true,"href":"https:\/\/vocesparalelas.com.ar\/sitio\/wp-json\/wp\/v2\/media\/71556"}],"wp:attachment":[{"href":"https:\/\/vocesparalelas.com.ar\/sitio\/wp-json\/wp\/v2\/media?parent=79889"}],"wp:term":[{"taxonomy":"category","embeddable":true,"href":"https:\/\/vocesparalelas.com.ar\/sitio\/wp-json\/wp\/v2\/categories?post=79889"},{"taxonomy":"post_tag","embeddable":true,"href":"https:\/\/vocesparalelas.com.ar\/sitio\/wp-json\/wp\/v2\/tags?post=79889"}],"curies":[{"name":"wp","href":"https:\/\/api.w.org\/{rel}","templated":true}]}}