{"id":79846,"date":"2024-11-30T22:12:44","date_gmt":"2024-12-01T01:12:44","guid":{"rendered":"https:\/\/vocesparalelas.com.ar\/sitio\/?p=79846"},"modified":"2024-12-02T19:24:50","modified_gmt":"2024-12-02T22:24:50","slug":"crece-la-luz-en-diciembre","status":"publish","type":"post","link":"https:\/\/vocesparalelas.com.ar\/sitio\/crece-la-luz-en-diciembre\/","title":{"rendered":"Crece la luz en diciembre"},"content":{"rendered":"<p>Por el Arzobispo de San Juan de Cuyo, Monse\u00f1or Jorge Lozano<\/p>\n<p>Cuando escuchamos decir que aumenta la luz por lo general lo relacionamos con el incremento en las tarifas de la energ\u00eda el\u00e9ctrica. Pero hoy quiero plantearte otra perspectiva.<\/p>\n<p>Estamos iniciando el \u00faltimo mes del a\u00f1o. Unos cuantos sienten que se pas\u00f3 volando. Llegamos cansados, algunos tambi\u00e9n agobiados por la situaci\u00f3n econ\u00f3mica o atravesando situaciones de crisis familiares, laborales o salud.<\/p>\n<p>Quienes tienen ni\u00f1os o adolescentes en edad escolar pueden tambi\u00e9n estar preocupados por resultados acad\u00e9micos adversos. Seguramente podemos sumar m\u00e1s motivos de preocupaci\u00f3n. Pero hay una buena noticia.<\/p>\n<p>En estas penumbras que pueden invadir la vida, la luz empieza a ganar espacio. No solamente los d\u00edas son m\u00e1s largos. Iniciamos el camino de preparaci\u00f3n de la Navidad, fiesta de la cercan\u00eda de Dios con su Pueblo. \u00c9l viene a nosotros.<\/p>\n<p>Uno de los signos utilizados en las Iglesias y en las casas es la llamada \u201ccorona de adviento\u201d. Tiene cuatro velas que vamos encendiendo consecutivamente cada domingo. As\u00ed percibimos c\u00f3mo va creciendo la luz.<\/p>\n<p>Hay un himno muy bonito que canta al Padre: \u201ccrece la luz bajo tu hermosa mano\u201d. El amanecer ha sido un signo de la presencia viva del resucitado.<\/p>\n<p>La Palabra de Dios de este domingo nos invita a no tener miedo ante los sufrimientos y amenazas. Cuando nos sentimos abrumados o tristes estamos con la cabeza baja y con los hombros vencidos. La Palabra nos exhorta a cambiar de actitud: \u201ctengan \u00e1nimo y levanten la cabeza porque est\u00e1 por llegarles la liberaci\u00f3n\u201d (Lc. 21, 28). El gesto de levantar la cabeza nos evoca el ser capaces de mirar el horizonte m\u00e1s lejano, tener una perspectiva de trascendencia. Escuch\u00e9 una frase en un programa de radio que me hizo pensar: la sombra de un gigante puede ser m\u00e1s grande que el gigante mismo.<\/p>\n<p>Este tiempo lit\u00fargico nos pone en tensi\u00f3n entre la primera venida hist\u00f3rica de Jesucristo en la humildad y fragilidad del ni\u00f1o de Bel\u00e9n, y la segunda que acontecer\u00e1 al fin de los tiempos, rodeado de la gloria celestial. Estos dos puntos nos ayudan a destacar nuestra condici\u00f3n peregrina.<\/p>\n<p>La alegr\u00eda y la esperanza son dos notas caracter\u00edsticas del Adviento. Ellas tienen empuje, movilizan; van avanzando de la mano y convoc\u00e1ndonos a ponernos en marcha. Es un tiempo propicio de preparaci\u00f3n para el Jubileo del 2025, que tiene como lema \u201cPeregrinos de esperanza\u201d.<\/p>\n<p>Le damos en nuestro coraz\u00f3n m\u00e1s espacio a las b\u00fasquedas m\u00e1s profundas: \u201cnosotros esperamos cielos nuevos y tierra nueva, en los que habita la justicia\u201d (2 Pe 3, 13). No nos conformamos con poco.<\/p>\n<p>Se repite en nuestra oraci\u00f3n \u201c\u00a1Ven, Se\u00f1or Jes\u00fas!\u201d. El anhelo y deseo de encuentro con el amado.<\/p>\n<p>Al encender la primera vela en la corona del adviento, o acompa\u00f1ando con la imaginaci\u00f3n, recemos:<\/p>\n<p>\u201cEncendemos, Se\u00f1or, esta luz, como aquel que enciende su l\u00e1mpara para salir, en la noche, al encuentro del amigo que ya viene. Al iniciar este Adviento queremos escuchar tu voz que nos dice \u2018\u00c1nimo, est\u00e1 por llegarles la liberaci\u00f3n\u2019. Muchas sombras nos envuelven, muchas crisis nos oprimen. \u00bfPero qui\u00e9n podr\u00e1 separarnos del amor de Jesucristo? En vos hemos puesto nuestra esperanza y sabemos que no seremos defraudados. En el pr\u00f3ximo a\u00f1o jubilar que vamos a iniciar danos, Se\u00f1or, la esperanza m\u00e1s verdadera.<\/p>\n<p>\u00a1Ven, Se\u00f1or Jes\u00fas!, \u00a1Ven, Se\u00f1or Jes\u00fas!\u201d<\/p>\n<p><iframe loading=\"lazy\" title=\"SAN JUAN MONSE\u00d1OR JORGE LOZANO\" width=\"800\" height=\"450\" src=\"https:\/\/www.youtube.com\/embed\/rWgrqLkI7P4?feature=oembed\" frameborder=\"0\" allow=\"accelerometer; autoplay; clipboard-write; encrypted-media; gyroscope; picture-in-picture; web-share\" referrerpolicy=\"strict-origin-when-cross-origin\" allowfullscreen><\/iframe><\/p>\n<p><img loading=\"lazy\" decoding=\"async\" class=\"alignnone size-full wp-image-61416\" src=\"https:\/\/vocesparalelas.com.ar\/sitio\/wp-content\/uploads\/2023\/07\/ARZOBISPADO-EDIFICIO.jpg\" alt=\"\" width=\"800\" height=\"600\" srcset=\"https:\/\/vocesparalelas.com.ar\/sitio\/wp-content\/uploads\/2023\/07\/ARZOBISPADO-EDIFICIO.jpg 800w, https:\/\/vocesparalelas.com.ar\/sitio\/wp-content\/uploads\/2023\/07\/ARZOBISPADO-EDIFICIO-300x225.jpg 300w, https:\/\/vocesparalelas.com.ar\/sitio\/wp-content\/uploads\/2023\/07\/ARZOBISPADO-EDIFICIO-768x576.jpg 768w\" sizes=\"auto, (max-width: 800px) 100vw, 800px\" \/><\/p>\n<p>&nbsp;<\/p>\n","protected":false},"excerpt":{"rendered":"<p>Por el Arzobispo de San Juan de Cuyo, Monse\u00f1or Jorge Lozano Cuando escuchamos decir que aumenta la luz por lo<\/p>\n","protected":false},"author":3,"featured_media":20281,"comment_status":"closed","ping_status":"closed","sticky":false,"template":"","format":"standard","meta":{"_acf_changed":false,"_seopress_robots_primary_cat":"none","_seopress_titles_title":"","_seopress_titles_desc":"","_seopress_robots_index":"","colormag_page_container_layout":"default_layout","colormag_page_sidebar_layout":"default_layout","footnotes":""},"categories":[10,7],"tags":[],"class_list":["post-79846","post","type-post","status-publish","format-standard","has-post-thumbnail","hentry","category-opiniones","category-videos"],"acf":[],"_links":{"self":[{"href":"https:\/\/vocesparalelas.com.ar\/sitio\/wp-json\/wp\/v2\/posts\/79846","targetHints":{"allow":["GET"]}}],"collection":[{"href":"https:\/\/vocesparalelas.com.ar\/sitio\/wp-json\/wp\/v2\/posts"}],"about":[{"href":"https:\/\/vocesparalelas.com.ar\/sitio\/wp-json\/wp\/v2\/types\/post"}],"author":[{"embeddable":true,"href":"https:\/\/vocesparalelas.com.ar\/sitio\/wp-json\/wp\/v2\/users\/3"}],"replies":[{"embeddable":true,"href":"https:\/\/vocesparalelas.com.ar\/sitio\/wp-json\/wp\/v2\/comments?post=79846"}],"version-history":[{"count":2,"href":"https:\/\/vocesparalelas.com.ar\/sitio\/wp-json\/wp\/v2\/posts\/79846\/revisions"}],"predecessor-version":[{"id":79859,"href":"https:\/\/vocesparalelas.com.ar\/sitio\/wp-json\/wp\/v2\/posts\/79846\/revisions\/79859"}],"wp:featuredmedia":[{"embeddable":true,"href":"https:\/\/vocesparalelas.com.ar\/sitio\/wp-json\/wp\/v2\/media\/20281"}],"wp:attachment":[{"href":"https:\/\/vocesparalelas.com.ar\/sitio\/wp-json\/wp\/v2\/media?parent=79846"}],"wp:term":[{"taxonomy":"category","embeddable":true,"href":"https:\/\/vocesparalelas.com.ar\/sitio\/wp-json\/wp\/v2\/categories?post=79846"},{"taxonomy":"post_tag","embeddable":true,"href":"https:\/\/vocesparalelas.com.ar\/sitio\/wp-json\/wp\/v2\/tags?post=79846"}],"curies":[{"name":"wp","href":"https:\/\/api.w.org\/{rel}","templated":true}]}}