{"id":79812,"date":"2024-11-29T19:41:11","date_gmt":"2024-11-29T22:41:11","guid":{"rendered":"https:\/\/vocesparalelas.com.ar\/sitio\/?p=79812"},"modified":"2024-11-30T16:05:43","modified_gmt":"2024-11-30T19:05:43","slug":"el-ciclo-escuchame-una-cosita-diciembre-2024-despide-el-ano-en-san-juan","status":"publish","type":"post","link":"https:\/\/vocesparalelas.com.ar\/sitio\/el-ciclo-escuchame-una-cosita-diciembre-2024-despide-el-ano-en-san-juan\/","title":{"rendered":"El Ciclo \u00abEscuchame una cosita\u00bb \u00abDiciembre 2024\u00bb despide el a\u00f1o en San Juan"},"content":{"rendered":"<p>El reconocido ciclo de solistas Escuchame una cosita cierra su temporada con una programaci\u00f3n especial para despedir el a\u00f1o 2024.<\/p>\n<p>Durante diciembre, cada domingo a las 20:00 hs, el escenario de Donata del Desierto, Av. Libertador 3311 Oeste Rivadavia es el epicentro de las tendencias musicales m\u00e1s frescas y vibrantes, en un espacio que combina m\u00fasica en vivo y cervezas artesanales en un ambiente \u00fanico.<\/p>\n<p>Una oportunidad \u00fanica para que te reunas con tus amigos, compa\u00f1eros de trabajo y despedir el a\u00f1o en un encuentro diferente.<\/p>\n<p>La agenda \u00abDiciembre 2024\u00bb incluye una variedad de propuestas art\u00edsticas que prometen cautivar a los asistentes:<\/p>\n<ul>\n<li>01 de Diciembre, La Pke &amp; Ekiss<\/li>\n<li>08 de Diciembre, Lichy &amp; Solana<\/li>\n<li>15 de Diciembre, Tokio &amp; Kid Shooter<\/li>\n<li>22 de Diciembre, Guada Zabala &amp; Alvarado<\/li>\n<li>29 de Diciembre, Kbsonia &amp; Gringos Turistas<\/li>\n<\/ul>\n<p>Fabricio Montilla, Curadur\u00eda y Producci\u00f3n<\/p>\n<p>El ciclo se despide ofreciendo noches inolvidables en un entorno \u00edntimo, donde la m\u00fasica es protagonista.<\/p>\n<p>Entrada libre y gratuita.<\/p>\n<p><img loading=\"lazy\" decoding=\"async\" class=\"alignnone size-full wp-image-59803\" src=\"https:\/\/vocesparalelas.com.ar\/sitio\/wp-content\/uploads\/2023\/06\/DONATA-01.jpg\" alt=\"\" width=\"800\" height=\"757\" srcset=\"https:\/\/vocesparalelas.com.ar\/sitio\/wp-content\/uploads\/2023\/06\/DONATA-01.jpg 800w, https:\/\/vocesparalelas.com.ar\/sitio\/wp-content\/uploads\/2023\/06\/DONATA-01-300x284.jpg 300w, https:\/\/vocesparalelas.com.ar\/sitio\/wp-content\/uploads\/2023\/06\/DONATA-01-768x727.jpg 768w\" sizes=\"auto, (max-width: 800px) 100vw, 800px\" \/><\/p>\n","protected":false},"excerpt":{"rendered":"<p>El reconocido ciclo de solistas Escuchame una cosita cierra su temporada con una programaci\u00f3n especial para despedir el a\u00f1o 2024.<\/p>\n","protected":false},"author":3,"featured_media":79815,"comment_status":"closed","ping_status":"closed","sticky":false,"template":"","format":"standard","meta":{"_acf_changed":false,"_seopress_robots_primary_cat":"none","_seopress_titles_title":"","_seopress_titles_desc":"","_seopress_robots_index":"","colormag_page_container_layout":"default_layout","colormag_page_sidebar_layout":"default_layout","footnotes":""},"categories":[20],"tags":[],"class_list":["post-79812","post","type-post","status-publish","format-standard","has-post-thumbnail","hentry","category-cartelera"],"acf":[],"_links":{"self":[{"href":"https:\/\/vocesparalelas.com.ar\/sitio\/wp-json\/wp\/v2\/posts\/79812","targetHints":{"allow":["GET"]}}],"collection":[{"href":"https:\/\/vocesparalelas.com.ar\/sitio\/wp-json\/wp\/v2\/posts"}],"about":[{"href":"https:\/\/vocesparalelas.com.ar\/sitio\/wp-json\/wp\/v2\/types\/post"}],"author":[{"embeddable":true,"href":"https:\/\/vocesparalelas.com.ar\/sitio\/wp-json\/wp\/v2\/users\/3"}],"replies":[{"embeddable":true,"href":"https:\/\/vocesparalelas.com.ar\/sitio\/wp-json\/wp\/v2\/comments?post=79812"}],"version-history":[{"count":1,"href":"https:\/\/vocesparalelas.com.ar\/sitio\/wp-json\/wp\/v2\/posts\/79812\/revisions"}],"predecessor-version":[{"id":79816,"href":"https:\/\/vocesparalelas.com.ar\/sitio\/wp-json\/wp\/v2\/posts\/79812\/revisions\/79816"}],"wp:featuredmedia":[{"embeddable":true,"href":"https:\/\/vocesparalelas.com.ar\/sitio\/wp-json\/wp\/v2\/media\/79815"}],"wp:attachment":[{"href":"https:\/\/vocesparalelas.com.ar\/sitio\/wp-json\/wp\/v2\/media?parent=79812"}],"wp:term":[{"taxonomy":"category","embeddable":true,"href":"https:\/\/vocesparalelas.com.ar\/sitio\/wp-json\/wp\/v2\/categories?post=79812"},{"taxonomy":"post_tag","embeddable":true,"href":"https:\/\/vocesparalelas.com.ar\/sitio\/wp-json\/wp\/v2\/tags?post=79812"}],"curies":[{"name":"wp","href":"https:\/\/api.w.org\/{rel}","templated":true}]}}