{"id":79796,"date":"2024-11-29T22:06:39","date_gmt":"2024-11-30T01:06:39","guid":{"rendered":"https:\/\/vocesparalelas.com.ar\/sitio\/?p=79796"},"modified":"2024-11-30T00:07:00","modified_gmt":"2024-11-30T03:07:00","slug":"10-mil-alumnos-apostaron-al-deporte-de-san-juan-en-la-maraton-de-los-intercolegiales-2024","status":"publish","type":"post","link":"https:\/\/vocesparalelas.com.ar\/sitio\/10-mil-alumnos-apostaron-al-deporte-de-san-juan-en-la-maraton-de-los-intercolegiales-2024\/","title":{"rendered":"10 mil alumnos apostaron al Deporte de San Juan en la marat\u00f3n de los intercolegiales 2024"},"content":{"rendered":"<p>El gobernador de San Juan, Dr. Marcelo Orrego estuvo presente en la partida de la Marat\u00f3n de los Juegos Intercolegiales 2024, un evento que marc\u00f3 el cierre de la competencia escolar m\u00e1s importante de la provincia de San Juan. La jornada se llev\u00f3 a cabo en el Estadio Aldo Cantoni el Viernes, 29 de Noviembre, reuniendo a miles de estudiantes en una celebraci\u00f3n deportiva \u00fanica.<\/p>\n<p>M\u00e1s de 10.000 chicos participaron en la marat\u00f3n, seleccionados entre los 23.000 que compitieron desde el inicio de los juegos provinciales.\u00a0Este evento cont\u00f3 con la presencia de alumnos de escuelas primarias y secundarias de todos los departamentos de la provincia, incluyendo j\u00f3venes provenientes de localidades alejadas como J\u00e1chal, Calingasta, Iglesia y Valle F\u00e9rtil.<\/p>\n<p>En este sentido, el gobernador de San Juan, Dr. Marcelo Orrego\u00a0 manifest\u00f3 que \u00absiempre, por supuesto, el deporte trae autoestima, disciplina, nos ayuda a trabajar en equipo. Debo felicitar a los profesores que han implementado todas estas pol\u00edticas, no solo de deporte, sino tambi\u00e9n de conductas. La verdad es que los chicos construyen h\u00e1bitos. en momentos y circunstancias espec\u00edficas, y ellos han hecho un gran trabajo\u201d.<\/p>\n<p><iframe loading=\"lazy\" title=\"SAN JUAN INTERCOLEGIALES 2024\" width=\"800\" height=\"450\" src=\"https:\/\/www.youtube.com\/embed\/LAw-Vvl8AxU?feature=oembed\" frameborder=\"0\" allow=\"accelerometer; autoplay; clipboard-write; encrypted-media; gyroscope; picture-in-picture; web-share\" referrerpolicy=\"strict-origin-when-cross-origin\" allowfullscreen><\/iframe><\/p>\n<p>La actividad comenz\u00f3 a las 9 hs. con las acreditaciones y la entrega de indumentaria deportiva, creando un ambiente de entusiasmo y camarader\u00eda entre los participantes.<\/p>\n<p>Los recorridos, dise\u00f1ados para estudiantes de diferentes niveles, tuvieron como punto de partida y llegada el Estadio Aldo Cantoni en el caso de los alumnos secundarios, mientras que los estudiantes primarios iniciaron frente al Lawn Tenis y finalizaron tambi\u00e9n en el estadio. Ambas rutas incluyeron un tramo por el Parque de Mayo.<\/p>\n<p><iframe loading=\"lazy\" title=\"SAN JUAN INTERCOLEGIALES 2024\" width=\"800\" height=\"450\" src=\"https:\/\/www.youtube.com\/embed\/M2IGqJY6hEc?feature=oembed\" frameborder=\"0\" allow=\"accelerometer; autoplay; clipboard-write; encrypted-media; gyroscope; picture-in-picture; web-share\" referrerpolicy=\"strict-origin-when-cross-origin\" allowfullscreen><\/iframe><\/p>\n<p>La marat\u00f3n de los Juegos Intercolegiales no solo foment\u00f3 el esp\u00edritu competitivo y el trabajo en equipo, sino que tambi\u00e9n reafirm\u00f3 la importancia del deporte como herramienta de integraci\u00f3n y desarrollo en la formaci\u00f3n de los valores.<\/p>\n<p><img loading=\"lazy\" decoding=\"async\" class=\"alignnone size-full wp-image-79800\" src=\"https:\/\/vocesparalelas.com.ar\/sitio\/wp-content\/uploads\/2024\/11\/MARATON-INTERCOLEGIALES-01.jpg\" alt=\"\" width=\"800\" height=\"533\" srcset=\"https:\/\/vocesparalelas.com.ar\/sitio\/wp-content\/uploads\/2024\/11\/MARATON-INTERCOLEGIALES-01.jpg 800w, https:\/\/vocesparalelas.com.ar\/sitio\/wp-content\/uploads\/2024\/11\/MARATON-INTERCOLEGIALES-01-300x200.jpg 300w, https:\/\/vocesparalelas.com.ar\/sitio\/wp-content\/uploads\/2024\/11\/MARATON-INTERCOLEGIALES-01-768x512.jpg 768w\" sizes=\"auto, (max-width: 800px) 100vw, 800px\" \/><\/p>\n<p><iframe loading=\"lazy\" title=\"M\u00e1s de 10 mil alumnos participaron de la marat\u00f3n de cierre de los Juegos Intercolegiales\" width=\"800\" height=\"450\" src=\"https:\/\/www.youtube.com\/embed\/12bL9DpqCSY?feature=oembed\" frameborder=\"0\" allow=\"accelerometer; autoplay; clipboard-write; encrypted-media; gyroscope; picture-in-picture; web-share\" referrerpolicy=\"strict-origin-when-cross-origin\" allowfullscreen><\/iframe><\/p>\n","protected":false},"excerpt":{"rendered":"<p>El gobernador de San Juan, Dr. Marcelo Orrego estuvo presente en la partida de la Marat\u00f3n de los Juegos Intercolegiales<\/p>\n","protected":false},"author":3,"featured_media":79801,"comment_status":"closed","ping_status":"closed","sticky":false,"template":"","format":"standard","meta":{"_acf_changed":false,"_seopress_robots_primary_cat":"none","_seopress_titles_title":"","_seopress_titles_desc":"","_seopress_robots_index":"","colormag_page_container_layout":"default_layout","colormag_page_sidebar_layout":"default_layout","footnotes":""},"categories":[1,7],"tags":[],"class_list":["post-79796","post","type-post","status-publish","format-standard","has-post-thumbnail","hentry","category-destacadas","category-videos"],"acf":[],"_links":{"self":[{"href":"https:\/\/vocesparalelas.com.ar\/sitio\/wp-json\/wp\/v2\/posts\/79796","targetHints":{"allow":["GET"]}}],"collection":[{"href":"https:\/\/vocesparalelas.com.ar\/sitio\/wp-json\/wp\/v2\/posts"}],"about":[{"href":"https:\/\/vocesparalelas.com.ar\/sitio\/wp-json\/wp\/v2\/types\/post"}],"author":[{"embeddable":true,"href":"https:\/\/vocesparalelas.com.ar\/sitio\/wp-json\/wp\/v2\/users\/3"}],"replies":[{"embeddable":true,"href":"https:\/\/vocesparalelas.com.ar\/sitio\/wp-json\/wp\/v2\/comments?post=79796"}],"version-history":[{"count":1,"href":"https:\/\/vocesparalelas.com.ar\/sitio\/wp-json\/wp\/v2\/posts\/79796\/revisions"}],"predecessor-version":[{"id":79802,"href":"https:\/\/vocesparalelas.com.ar\/sitio\/wp-json\/wp\/v2\/posts\/79796\/revisions\/79802"}],"wp:featuredmedia":[{"embeddable":true,"href":"https:\/\/vocesparalelas.com.ar\/sitio\/wp-json\/wp\/v2\/media\/79801"}],"wp:attachment":[{"href":"https:\/\/vocesparalelas.com.ar\/sitio\/wp-json\/wp\/v2\/media?parent=79796"}],"wp:term":[{"taxonomy":"category","embeddable":true,"href":"https:\/\/vocesparalelas.com.ar\/sitio\/wp-json\/wp\/v2\/categories?post=79796"},{"taxonomy":"post_tag","embeddable":true,"href":"https:\/\/vocesparalelas.com.ar\/sitio\/wp-json\/wp\/v2\/tags?post=79796"}],"curies":[{"name":"wp","href":"https:\/\/api.w.org\/{rel}","templated":true}]}}