{"id":79784,"date":"2024-11-29T22:28:50","date_gmt":"2024-11-30T01:28:50","guid":{"rendered":"https:\/\/vocesparalelas.com.ar\/sitio\/?p=79784"},"modified":"2024-12-02T23:47:51","modified_gmt":"2024-12-03T02:47:51","slug":"inauguraron-el-edificio-del-eni-no-53-los-colibries-en-san-juan","status":"publish","type":"post","link":"https:\/\/vocesparalelas.com.ar\/sitio\/inauguraron-el-edificio-del-eni-no-53-los-colibries-en-san-juan\/","title":{"rendered":"Inauguraron el edificio del ENI N\u00ba 53 \u00abLos Colibr\u00edes\u00bb en San Juan"},"content":{"rendered":"<p>En un a\u00f1o marcado por los desaf\u00edos econ\u00f3micos, el gobernador de San Juan, Dr. Marcelo Orrego y el Vicegobernador, Dr. Fabi\u00e1n Mart\u00edn presidieron la inauguraci\u00f3n del edificio del ENI N\u00ba 53 \u00abLos Colibr\u00edes\u00bb, San Lorenzo entre Gral. Acha y Tucum\u00e1n, Departamento Capital.<\/p>\n<p>&nbsp;<\/p>\n<p><img loading=\"lazy\" decoding=\"async\" class=\"alignnone size-full wp-image-79787\" src=\"https:\/\/vocesparalelas.com.ar\/sitio\/wp-content\/uploads\/2024\/11\/ENI-LOS-COLIBRIES-01.jpg\" alt=\"\" width=\"800\" height=\"533\" srcset=\"https:\/\/vocesparalelas.com.ar\/sitio\/wp-content\/uploads\/2024\/11\/ENI-LOS-COLIBRIES-01.jpg 800w, https:\/\/vocesparalelas.com.ar\/sitio\/wp-content\/uploads\/2024\/11\/ENI-LOS-COLIBRIES-01-300x200.jpg 300w, https:\/\/vocesparalelas.com.ar\/sitio\/wp-content\/uploads\/2024\/11\/ENI-LOS-COLIBRIES-01-768x512.jpg 768w\" sizes=\"auto, (max-width: 800px) 100vw, 800px\" \/><\/p>\n<p>La obra fue construida en un terreno perteneciente al Ministerio de Educaci\u00f3n del Gobierno de San Juan, donde antiguamente funcion\u00f3 el Taller \u201cMart\u00edn Fierro\u201d, representa un avance significativo en la infraestructura educativa destinada a los m\u00e1s peque\u00f1os de la familia.<\/p>\n<p>En la previa, el gobernador de San Juan, Dr. Marcelo Orrego y la Ministra de Educaci\u00f3n, Lic. Silvia Fuentes respondieron pregunta de los Periodistas San Juan.<\/p>\n<p><iframe loading=\"lazy\" title=\"SAN JUAN ENI LOS COLIBR\u00cdES GOBERNADOR DR MARCELO ORREGO\" width=\"800\" height=\"450\" src=\"https:\/\/www.youtube.com\/embed\/2AAMx_Mh7_s?feature=oembed\" frameborder=\"0\" allow=\"accelerometer; autoplay; clipboard-write; encrypted-media; gyroscope; picture-in-picture; web-share\" referrerpolicy=\"strict-origin-when-cross-origin\" allowfullscreen><\/iframe><\/p>\n<p>Seguidamente, las autoridades realizaron el tradicional corte de la cinta Argentina para dejar el espacio inaugurado y luego fue el momento de descubrir la plaga testigo de la entrega del edificio a la comunidad del ENI N\u00ba 53 \u00abLos Colibr\u00edes\u00bb.<\/p>\n<figure id=\"attachment_79789\" aria-describedby=\"caption-attachment-79789\" style=\"width: 800px\" class=\"wp-caption alignnone\"><img loading=\"lazy\" decoding=\"async\" class=\"size-full wp-image-79789\" src=\"https:\/\/vocesparalelas.com.ar\/sitio\/wp-content\/uploads\/2024\/11\/ENI-LOS-COLIBRIES-03.jpg\" alt=\"\" width=\"800\" height=\"533\" srcset=\"https:\/\/vocesparalelas.com.ar\/sitio\/wp-content\/uploads\/2024\/11\/ENI-LOS-COLIBRIES-03.jpg 800w, https:\/\/vocesparalelas.com.ar\/sitio\/wp-content\/uploads\/2024\/11\/ENI-LOS-COLIBRIES-03-300x200.jpg 300w, https:\/\/vocesparalelas.com.ar\/sitio\/wp-content\/uploads\/2024\/11\/ENI-LOS-COLIBRIES-03-768x512.jpg 768w\" sizes=\"auto, (max-width: 800px) 100vw, 800px\" \/><figcaption id=\"caption-attachment-79789\" class=\"wp-caption-text\">Comunidad Educativa del ENI N\u00ba 53 \u00abLos Colibr\u00edes\u00bb<\/figcaption><\/figure>\n<p><img loading=\"lazy\" decoding=\"async\" class=\"alignnone size-full wp-image-79788\" src=\"https:\/\/vocesparalelas.com.ar\/sitio\/wp-content\/uploads\/2024\/11\/ENI-LOS-COLIBRIES-02.jpg\" alt=\"\" width=\"800\" height=\"533\" srcset=\"https:\/\/vocesparalelas.com.ar\/sitio\/wp-content\/uploads\/2024\/11\/ENI-LOS-COLIBRIES-02.jpg 800w, https:\/\/vocesparalelas.com.ar\/sitio\/wp-content\/uploads\/2024\/11\/ENI-LOS-COLIBRIES-02-300x200.jpg 300w, https:\/\/vocesparalelas.com.ar\/sitio\/wp-content\/uploads\/2024\/11\/ENI-LOS-COLIBRIES-02-768x512.jpg 768w\" sizes=\"auto, (max-width: 800px) 100vw, 800px\" \/><\/p>\n<p><img loading=\"lazy\" decoding=\"async\" class=\"alignnone size-full wp-image-79791\" src=\"https:\/\/vocesparalelas.com.ar\/sitio\/wp-content\/uploads\/2024\/11\/ENI-LOS-COLIBRIES-05.jpg\" alt=\"\" width=\"800\" height=\"533\" srcset=\"https:\/\/vocesparalelas.com.ar\/sitio\/wp-content\/uploads\/2024\/11\/ENI-LOS-COLIBRIES-05.jpg 800w, https:\/\/vocesparalelas.com.ar\/sitio\/wp-content\/uploads\/2024\/11\/ENI-LOS-COLIBRIES-05-300x200.jpg 300w, https:\/\/vocesparalelas.com.ar\/sitio\/wp-content\/uploads\/2024\/11\/ENI-LOS-COLIBRIES-05-768x512.jpg 768w\" sizes=\"auto, (max-width: 800px) 100vw, 800px\" \/><\/p>\n<p>A continuaci\u00f3n, las autoridades firmaron el libro hist\u00f3rico del ENI N\u00b0 53 Los Colibr\u00edes para ubicarse en el lugar<\/p>\n<p><img loading=\"lazy\" decoding=\"async\" class=\"alignnone size-full wp-image-79790\" src=\"https:\/\/vocesparalelas.com.ar\/sitio\/wp-content\/uploads\/2024\/11\/ENI-LOS-COLIBRIES-04.jpg\" alt=\"\" width=\"800\" height=\"533\" srcset=\"https:\/\/vocesparalelas.com.ar\/sitio\/wp-content\/uploads\/2024\/11\/ENI-LOS-COLIBRIES-04.jpg 800w, https:\/\/vocesparalelas.com.ar\/sitio\/wp-content\/uploads\/2024\/11\/ENI-LOS-COLIBRIES-04-300x200.jpg 300w, https:\/\/vocesparalelas.com.ar\/sitio\/wp-content\/uploads\/2024\/11\/ENI-LOS-COLIBRIES-04-768x512.jpg 768w\" sizes=\"auto, (max-width: 800px) 100vw, 800px\" \/><\/p>\n<p>Fue el momento m\u00e1s emotivo, cantar el Himno Nacional Argentino como s\u00edmbolo del sentir Patrio apostando a la Educaci\u00f3n.<\/p>\n<p><iframe loading=\"lazy\" title=\"SAN JUAN ENI LOS COLIBR\u00cdES HIMNO NACIONAL ARGENTINO\" width=\"800\" height=\"450\" src=\"https:\/\/www.youtube.com\/embed\/1CnOYvoaQ7E?feature=oembed\" frameborder=\"0\" allow=\"accelerometer; autoplay; clipboard-write; encrypted-media; gyroscope; picture-in-picture; web-share\" referrerpolicy=\"strict-origin-when-cross-origin\" allowfullscreen><\/iframe><\/p>\n<p>Luego, el Locutor del acto oficial del Gobierno de San Juan, quien ley\u00f3 la resoluci\u00f3n de la C\u00e1mara de Diputados de San Juan cuyos diputados aprobaron la imposici\u00f3n del nombre ENI N\u00b0 53 Los Colibr\u00edes.<\/p>\n<p>&nbsp;<\/p>\n<p><iframe loading=\"lazy\" title=\"SAN JUAN ENI LOS COLIBR\u00cdES BENDICION DEL SACERDOTE\" width=\"800\" height=\"450\" src=\"https:\/\/www.youtube.com\/embed\/7SFxvhvMi6Y?feature=oembed\" frameborder=\"0\" allow=\"accelerometer; autoplay; clipboard-write; encrypted-media; gyroscope; picture-in-picture; web-share\" referrerpolicy=\"strict-origin-when-cross-origin\" allowfullscreen><\/iframe><\/p>\n<p>&nbsp;<\/p>\n<p>Otra instancia muy fuerte de sentires encontrados, fue las palabras de la Directora del ENI N\u00b0 53 Los Colibr\u00edes, Prof. Liliana Vicente, quien describi\u00f3 la felicidad de tener un edificio digno para la comunidad educativa.<\/p>\n<p>&nbsp;<\/p>\n<p><iframe loading=\"lazy\" title=\"SAN JUAN ENI LOS COLIBR\u00cdES\" width=\"800\" height=\"450\" src=\"https:\/\/www.youtube.com\/embed\/k2R2MzM2N4k?feature=oembed\" frameborder=\"0\" allow=\"accelerometer; autoplay; clipboard-write; encrypted-media; gyroscope; picture-in-picture; web-share\" referrerpolicy=\"strict-origin-when-cross-origin\" allowfullscreen><\/iframe><\/p>\n<p>&nbsp;<\/p>\n<p><span style=\"color: #ff6600;\"><strong>Caracter\u00edsticas del Edificio del ENI N\u00b0 53 Los Colibr\u00edes<\/strong><\/span><\/p>\n<p>El nuevo establecimiento reemplaza el espacio que anteriormente compart\u00eda con la escuela primaria Dr. Guillermo Rawson \u2013 Dr. Jos\u00e9 Ignacio de la Roza. Con una inversi\u00f3n actualizada de $206.510.640,52 y una superficie total construida de 677,73 m\u00b2, el jard\u00edn est\u00e1 dise\u00f1ado para garantizar un entorno moderno, seguro y funcional, ideal para el aprendizaje y la recreaci\u00f3n.<\/p>\n<p>El edificio cuenta con un acceso peatonal principal, acceso vehicular para estacionamiento y acceso secundario al patio t\u00e9cnico. \u00c1reas administrativas como direcci\u00f3n y S.U.M. con ludoteca y espacios de guardado. Instalaciones sanitarias adaptadas para docentes, no docentes y alumnos con discapacidades. Seis salas de nivel inicial, cada una equipada con sanitarios y dep\u00f3sitos propios. Espacios recreativos, como patio c\u00edvico y de juegos.<\/p>\n<p>El ENI N\u00ba 53 \u00abLos Colibr\u00edes\u00bb no solo es una infraestructura moderna, sino una inversi\u00f3n en el desarrollo integral de los ni\u00f1os de nivel inicial, quienes ahora cuentan con un espacio especialmente dise\u00f1ado para garantizar su crecimiento y aprendizaje en un ambiente adecuado. Este jard\u00edn de infantes reafirma la convicci\u00f3n de la gesti\u00f3n provincial de priorizar la educaci\u00f3n como motor de desarrollo social, incluso en contextos adversos.<\/p>\n<p><iframe loading=\"lazy\" title=\"Orrego inaugur\u00f3 una escuela de Nivel Inicial\" width=\"800\" height=\"450\" src=\"https:\/\/www.youtube.com\/embed\/i1a33Sf5pfc?feature=oembed\" frameborder=\"0\" allow=\"accelerometer; autoplay; clipboard-write; encrypted-media; gyroscope; picture-in-picture; web-share\" referrerpolicy=\"strict-origin-when-cross-origin\" allowfullscreen><\/iframe><\/p>\n<p>&nbsp;<\/p>\n<p><img loading=\"lazy\" decoding=\"async\" class=\"alignnone size-full wp-image-28629\" src=\"https:\/\/vocesparalelas.com.ar\/sitio\/wp-content\/uploads\/2020\/05\/MINISTERIO-EDUCACION-SJ.jpg\" alt=\"\" width=\"800\" height=\"533\" srcset=\"https:\/\/vocesparalelas.com.ar\/sitio\/wp-content\/uploads\/2020\/05\/MINISTERIO-EDUCACION-SJ.jpg 800w, https:\/\/vocesparalelas.com.ar\/sitio\/wp-content\/uploads\/2020\/05\/MINISTERIO-EDUCACION-SJ-300x200.jpg 300w, https:\/\/vocesparalelas.com.ar\/sitio\/wp-content\/uploads\/2020\/05\/MINISTERIO-EDUCACION-SJ-768x512.jpg 768w\" sizes=\"auto, (max-width: 800px) 100vw, 800px\" \/><\/p>\n","protected":false},"excerpt":{"rendered":"<p>En un a\u00f1o marcado por los desaf\u00edos econ\u00f3micos, el gobernador de San Juan, Dr. Marcelo Orrego y el Vicegobernador, Dr.<\/p>\n","protected":false},"author":3,"featured_media":79789,"comment_status":"closed","ping_status":"closed","sticky":false,"template":"","format":"standard","meta":{"_acf_changed":false,"_seopress_robots_primary_cat":"none","_seopress_titles_title":"","_seopress_titles_desc":"","_seopress_robots_index":"","colormag_page_container_layout":"default_layout","colormag_page_sidebar_layout":"default_layout","footnotes":""},"categories":[10,7],"tags":[],"class_list":["post-79784","post","type-post","status-publish","format-standard","has-post-thumbnail","hentry","category-opiniones","category-videos"],"acf":[],"_links":{"self":[{"href":"https:\/\/vocesparalelas.com.ar\/sitio\/wp-json\/wp\/v2\/posts\/79784","targetHints":{"allow":["GET"]}}],"collection":[{"href":"https:\/\/vocesparalelas.com.ar\/sitio\/wp-json\/wp\/v2\/posts"}],"about":[{"href":"https:\/\/vocesparalelas.com.ar\/sitio\/wp-json\/wp\/v2\/types\/post"}],"author":[{"embeddable":true,"href":"https:\/\/vocesparalelas.com.ar\/sitio\/wp-json\/wp\/v2\/users\/3"}],"replies":[{"embeddable":true,"href":"https:\/\/vocesparalelas.com.ar\/sitio\/wp-json\/wp\/v2\/comments?post=79784"}],"version-history":[{"count":4,"href":"https:\/\/vocesparalelas.com.ar\/sitio\/wp-json\/wp\/v2\/posts\/79784\/revisions"}],"predecessor-version":[{"id":79795,"href":"https:\/\/vocesparalelas.com.ar\/sitio\/wp-json\/wp\/v2\/posts\/79784\/revisions\/79795"}],"wp:featuredmedia":[{"embeddable":true,"href":"https:\/\/vocesparalelas.com.ar\/sitio\/wp-json\/wp\/v2\/media\/79789"}],"wp:attachment":[{"href":"https:\/\/vocesparalelas.com.ar\/sitio\/wp-json\/wp\/v2\/media?parent=79784"}],"wp:term":[{"taxonomy":"category","embeddable":true,"href":"https:\/\/vocesparalelas.com.ar\/sitio\/wp-json\/wp\/v2\/categories?post=79784"},{"taxonomy":"post_tag","embeddable":true,"href":"https:\/\/vocesparalelas.com.ar\/sitio\/wp-json\/wp\/v2\/tags?post=79784"}],"curies":[{"name":"wp","href":"https:\/\/api.w.org\/{rel}","templated":true}]}}