{"id":79708,"date":"2024-11-27T21:14:31","date_gmt":"2024-11-28T00:14:31","guid":{"rendered":"https:\/\/vocesparalelas.com.ar\/sitio\/?p=79708"},"modified":"2024-11-27T21:14:31","modified_gmt":"2024-11-28T00:14:31","slug":"se-desarrolla-la-decimoquinta-sesion-del-periodo-ordinario-de-la-camara-de-diputados-de-san-juan-2","status":"publish","type":"post","link":"https:\/\/vocesparalelas.com.ar\/sitio\/se-desarrolla-la-decimoquinta-sesion-del-periodo-ordinario-de-la-camara-de-diputados-de-san-juan-2\/","title":{"rendered":"Se desarrolla la Decimoquinta Sesi\u00f3n del periodo ordinario de la C\u00e1mara de Diputados de San Juan"},"content":{"rendered":"<p>La C\u00e1mara de Diputados de San Juan desarrolla la Decimoquinta Sesi\u00f3n del periodo ordinario el Jueves, 28 de Noviembre de 2024.<\/p>\n<p>En la ocasi\u00f3n, el cuerpo legislativo pondr\u00e1 a consideraci\u00f3n el proyecto de resoluci\u00f3n que propone prorrogar el Periodo Ordinario de Sesiones hasta el d\u00eda 30 de Diciembre de 2024, en virtud del art\u00edculo 152\u00ba de la Constituci\u00f3n Provincial.<\/p>\n<p><strong><span style=\"color: #666699;\">Asimismo, los legisladores tratar\u00e1n en el recinto tres proyectos de Ley:<\/span><\/strong><\/p>\n<ul>\n<li>Uno de ellos presentado por el interbloque Cambia San Juan que propone crear el R\u00e9gimen de formaci\u00f3n integral desde la perspectiva gerontol\u00f3gica para empleados estatales.<\/li>\n<li>Otro presentado por el bloque Bloquista por el cual instituye el Premio Anual C\u00e1mara de Diputados San Juan a las personas f\u00edsicas y jur\u00eddicas que trabajen a favor de la inclusi\u00f3n social de las personas con discapacidad.<\/li>\n<li>Y el tercero, remitido por el Poder Ejecutivo que propone exceptuar la presentaci\u00f3n de t\u00edtulo habilitante para el concurso de ingreso a la docencia 2025 que se reemplaza por la presentaci\u00f3n de las certificaciones provisorias aprobadas por la autoridad del Ministerio de Educaci\u00f3n provincial.<\/li>\n<\/ul>\n<p>Por otro lado, el cuerpo legislativo pondr\u00e1 a consideraci\u00f3n las comunicaciones particulares presentadas por la Facultad de Ciencias Sociales de la Universidad Nacional de San Juan y la Universidad Cat\u00f3lica de Cuyo, por la que remiten informaci\u00f3n de los aspirantes a la Distinci\u00f3n de diploma de Honor Republicano, que a continuaci\u00f3n se detalla:<\/p>\n<p><span style=\"color: #666699;\"><strong>UNIVERSIDAD CAT\u00d3LICA DE CUYO<\/strong><\/span><\/p>\n<p><span style=\"color: #666699;\"><strong>\u00a0Carrera de Abogac\u00eda<\/strong><\/span><\/p>\n<ul>\n<li>ALUMNA: BRAVO ROCA, Mar\u00eda Fernanda &#8211; Promedio Acad\u00e9mico: 8.37<\/li>\n<\/ul>\n<p><span style=\"color: #666699;\"><strong>UNIVERSIDAD NACIONAL DE SAN JUAN<\/strong><\/span><\/p>\n<p><span style=\"color: #666699;\"><strong>Carrera de la Licenciatura en Ciencias Pol\u00edticas<\/strong><\/span><\/p>\n<ul>\n<li>ALUMNA: GALLARDO LEZCANO, Sof\u00eda Ail\u00e9n &#8211; Promedio Acad\u00e9mico: 8.81<\/li>\n<\/ul>\n<p><span style=\"color: #666699;\"><strong>Carrera de Abogac\u00eda<\/strong><\/span><\/p>\n<ul>\n<li>ALUMNO: BAIGORRI QUIROGA, Maximiliano -Promedio Acad\u00e9mico: 8.41<\/li>\n<li>ALUMNO: PEREZ CALVO, Germ\u00e1n &#8211; Promedio Acad\u00e9mico: 8.47<\/li>\n<\/ul>\n<p><span style=\"color: #666699;\"><strong>Tambi\u00e9n someten a votaci\u00f3n diez proyectos de Resoluci\u00f3n que proponen declarar de inter\u00e9s las siguientes actividades:<\/strong><\/span><\/p>\n<ol>\n<li>El emprendimiento vitivin\u00edcola gastron\u00f3mico EL MILAGRO, departamento Albard\u00f3n. (Autora: diputada Cristina L\u00f3pez)<\/li>\n<li>El programa de formato televisivo, EL FOG\u00d3N SAN JUAN, producido por SOCIALMEDIA Producciones. (Autor: diputado Luis Rueda)<\/li>\n<li>El CONVERSATORIO EXTROFIA DE CLOACA Y VESICAL: Una Mirada Integral de la Discapacidad, Autonom\u00eda e Independencia. \u00a0(Autor: diputado Emilio Escudero)<\/li>\n<li>El 7\u00b0 concurso provincial del asador sanjuanino\u00bb, Municipalidad de San Martin. (Autora: diputada Marta Gramajo)<\/li>\n<li>Las XI Jornadas Provinciales de Administraci\u00f3n, bajo el lema \u00abSentido de Pertenencia\u00bb, organizada por la Comisi\u00f3n de Administradores en el Consejo Profesional de Ciencias Econ\u00f3micas de la provincia de San Juan. (Autor: interbloque Cambia San Juan)<\/li>\n<li>La \u00abFiesta en honor a Santa B\u00e1rbara de Mogna\u00bb, departamento J\u00e1chal. (Autores: diputados Miguel Vega y Pedro Albagli)<\/li>\n<li>Las \u00abFiestas Patronales en Honor a Santa Barbara\u00bb , departamento de Pocito. (Autora: diputada Stella Caparr\u00f3s)<\/li>\n<li>La \u00abCharla Abierta sobre Movilidad Previsional\u00bb, en el Sal\u00f3n Sarmiento el Foro de Abogados de San Juan. (Autor: interbloque Cambia San Juan)<\/li>\n<li>La Jornada de Capacitaci\u00f3n y Reflexi\u00f3n \u00abMIRAMOS LA DISCAPACIDAD DESDE DIFERENTES ENFOQUES\u00bb. (Autor: interbloque Cambia San Juan)<\/li>\n<li>Los \u00abXIV Juegos Argentinos y X Juegos Latinoamericanos para Deportistas Trasplantados\u00bb. (Autor: diputado Franco Aranda)<\/li>\n<\/ol>\n<ol>\n<li style=\"list-style-type: none;\"><\/li>\n<\/ol>\n<p>Adem\u00e1s, la Legislatura aborda un proyecto de Comunicaci\u00f3n del bloque Del Este- Primero Angaco, por el que solicita al Poder Ejecutivo la instalaci\u00f3n de cajeros autom\u00e1ticos en el departamento Angaco.<\/p>\n<p>Y, por \u00faltimo, ponen a consideraci\u00f3n la renuncia de dos jueces, una de la Dra. Vilma Balmaceda al cargo de Juez de Primera Instancia; y la otra, del Dr. Ricardo Grossi Colombo, al cargo de Juez de Faltas de la provincia de San Juan.<\/p>\n<p><span style=\"color: #666699;\"><strong>Proyectos que ser\u00e1n girados a comisiones<\/strong><\/span><\/p>\n<p>En la Decimoquinta Sesi\u00f3n tomar\u00e1n estado parlamentario para ser analizados en comisiones los siguientes proyectos de Ley que proponen:<\/p>\n<ul>\n<li>Aprobar el Convenio Marco de Colaboraci\u00f3n y Asistencia celebrado entre el Ministerio de Familia y Desarrollo Humano de la provincia de San Juan y la Sociedad Israelita de Beneficencia de San Juan. (Comisiones: Legislaci\u00f3n y Asuntos Constitucionales\/ Desarrollo Humano y Laboral. Autor: Poder Ejecutivo<\/li>\n<li>Aprobar el Convenio de Adhesi\u00f3n suscripto entre la Secretar\u00eda de Energ\u00eda del Ministerio de Econom\u00eda de la Naci\u00f3n y el Ministerio de Obras y Servicio P\u00fablicos de la provincia de San Juan, para implementar el Programa Nacional de Etiquetado de Viviendas (PRONEV). (Comisiones: Legislaci\u00f3n y Asuntos Constitucionales\/ Obras y Servicios P\u00fablicos. Autor: Poder Ejecutivo<\/li>\n<li>Imponer el nombre \u00abFelipa Rojas\u00bb, a la escuela de Educaci\u00f3n Especial M\u00faltiple de Iglesia. (Comisiones: Educaci\u00f3n, Cultura, Ciencia y T\u00e9cnica\/ Peticiones y Poderes. Autor: diputado Gustavo Deguer<\/li>\n<li>Declarar Bien Integrante del Patrimonio Cultural y Natural de la provincia de San Juan a la Orquesta Sinf\u00f3nica de la Universidad Nacional de San Juan. (Comisiones: Legislaci\u00f3n y Asuntos Constitucionales\/ Educaci\u00f3n, Cultura, Ciencia y T\u00e9cnica. Autor: Interbloque Cambia San Juan)<\/li>\n<li>Instituir la \u00faltima semana de junio de cada a\u00f1o, como la Semana de Concientizaci\u00f3n y Prevenci\u00f3n de Consumos Problem\u00e1ticos y Adicciones. (Comisiones: Legislaci\u00f3n y Asuntos Constitucionales\/ Educaci\u00f3n, Cultura, Ciencia y T\u00e9cnica. Autor: Interbloque Cambia San Juan<\/li>\n<li>Modificar el art\u00edculo 3 de la Ley N\u00b0 1498-P, sobre el calendario de eventos anuales de discapacidad. (Comisiones: Legislaci\u00f3n y Asuntos Constitucionales\/ Salud y Discapacidad. Autora: diputada Fernanda Paredes)<\/li>\n<li>Adherir a la Ley Nacional N\u00b0 27.306, que declara de Inter\u00e9s Nacional el abordaje integral e interdisciplinario de los sujetos que presentan Dislexia y Dificultades Espec\u00edficas del Aprendizaje (DEA). (Comisiones: Legislaci\u00f3n y Asuntos Constitucionales\/ Educaci\u00f3n, Cultura, Ciencia y T\u00e9cnica. Autor: Interbloque Cambia San Juan)<\/li>\n<li>Establecer la Capacitaci\u00f3n Obligatoria en la tem\u00e1tica de g\u00e9nero y violencia contra las mujeres, para las personas que se desempe\u00f1an en asociaciones deportivas. (Comisiones: Legislaci\u00f3n y Asuntos Constitucionales\/ Mujer, G\u00e9nero y Diversidad\/ Deporte y Turismo. Autor: Interbloque Cambia San Juan)<\/li>\n<li style=\"list-style-type: none;\"><\/li>\n<\/ul>\n<p>Por \u00faltimo, pasar\u00e1 a su antecedente la Comunicaci\u00f3n Oficial remitida por el Ministerio de Salud de la Provincia, por la que se eleva informe sobre la Comunicaci\u00f3n N\u00b0 12-2024 de esta C\u00e1mara de Diputados.<\/p>\n<p>&nbsp;<\/p>\n<figure id=\"attachment_37951\" aria-describedby=\"caption-attachment-37951\" style=\"width: 800px\" class=\"wp-caption alignnone\"><img loading=\"lazy\" decoding=\"async\" class=\"size-full wp-image-37951\" src=\"https:\/\/vocesparalelas.com.ar\/sitio\/wp-content\/uploads\/2021\/05\/CAMARA-EDIFICIO.jpg\" alt=\"\" width=\"800\" height=\"515\" srcset=\"https:\/\/vocesparalelas.com.ar\/sitio\/wp-content\/uploads\/2021\/05\/CAMARA-EDIFICIO.jpg 800w, https:\/\/vocesparalelas.com.ar\/sitio\/wp-content\/uploads\/2021\/05\/CAMARA-EDIFICIO-300x193.jpg 300w, https:\/\/vocesparalelas.com.ar\/sitio\/wp-content\/uploads\/2021\/05\/CAMARA-EDIFICIO-768x494.jpg 768w\" sizes=\"auto, (max-width: 800px) 100vw, 800px\" \/><figcaption id=\"caption-attachment-37951\" class=\"wp-caption-text\">Legislatura Provincial de San Juan, Rep\u00fablica Argentina<\/figcaption><\/figure>\n","protected":false},"excerpt":{"rendered":"<p>La C\u00e1mara de Diputados de San Juan desarrolla la Decimoquinta Sesi\u00f3n del periodo ordinario el Jueves, 28 de Noviembre de<\/p>\n","protected":false},"author":3,"featured_media":8062,"comment_status":"closed","ping_status":"closed","sticky":false,"template":"","format":"standard","meta":{"_acf_changed":false,"_seopress_robots_primary_cat":"none","_seopress_titles_title":"","_seopress_titles_desc":"","_seopress_robots_index":"","colormag_page_container_layout":"default_layout","colormag_page_sidebar_layout":"default_layout","footnotes":""},"categories":[1],"tags":[],"class_list":["post-79708","post","type-post","status-publish","format-standard","has-post-thumbnail","hentry","category-destacadas"],"acf":[],"_links":{"self":[{"href":"https:\/\/vocesparalelas.com.ar\/sitio\/wp-json\/wp\/v2\/posts\/79708","targetHints":{"allow":["GET"]}}],"collection":[{"href":"https:\/\/vocesparalelas.com.ar\/sitio\/wp-json\/wp\/v2\/posts"}],"about":[{"href":"https:\/\/vocesparalelas.com.ar\/sitio\/wp-json\/wp\/v2\/types\/post"}],"author":[{"embeddable":true,"href":"https:\/\/vocesparalelas.com.ar\/sitio\/wp-json\/wp\/v2\/users\/3"}],"replies":[{"embeddable":true,"href":"https:\/\/vocesparalelas.com.ar\/sitio\/wp-json\/wp\/v2\/comments?post=79708"}],"version-history":[{"count":1,"href":"https:\/\/vocesparalelas.com.ar\/sitio\/wp-json\/wp\/v2\/posts\/79708\/revisions"}],"predecessor-version":[{"id":79711,"href":"https:\/\/vocesparalelas.com.ar\/sitio\/wp-json\/wp\/v2\/posts\/79708\/revisions\/79711"}],"wp:featuredmedia":[{"embeddable":true,"href":"https:\/\/vocesparalelas.com.ar\/sitio\/wp-json\/wp\/v2\/media\/8062"}],"wp:attachment":[{"href":"https:\/\/vocesparalelas.com.ar\/sitio\/wp-json\/wp\/v2\/media?parent=79708"}],"wp:term":[{"taxonomy":"category","embeddable":true,"href":"https:\/\/vocesparalelas.com.ar\/sitio\/wp-json\/wp\/v2\/categories?post=79708"},{"taxonomy":"post_tag","embeddable":true,"href":"https:\/\/vocesparalelas.com.ar\/sitio\/wp-json\/wp\/v2\/tags?post=79708"}],"curies":[{"name":"wp","href":"https:\/\/api.w.org\/{rel}","templated":true}]}}