{"id":79679,"date":"2024-11-27T14:07:25","date_gmt":"2024-11-27T17:07:25","guid":{"rendered":"https:\/\/vocesparalelas.com.ar\/sitio\/?p=79679"},"modified":"2024-11-30T21:20:17","modified_gmt":"2024-12-01T00:20:17","slug":"presidente-de-la-mesa-del-cobre-el-gobernador-de-san-juan-dr-marcelo-orrego","status":"publish","type":"post","link":"https:\/\/vocesparalelas.com.ar\/sitio\/presidente-de-la-mesa-del-cobre-el-gobernador-de-san-juan-dr-marcelo-orrego\/","title":{"rendered":"Presidente de la Mesa del Cobre el gobernador de San Juan Dr. Marcelo Orrego"},"content":{"rendered":"<p>En Mendoza, se desarroll\u00f3 la Cumbre de Miner\u00eda Sostenible y en este contexto, el Gobernador de San Juan, Dr. Marcelo Orrego fue elegido Presidente de la Mesa del Cobre 2024 &#8211; 2025.<\/p>\n<p>Es importante recordar que, la Mesa del Cobre est\u00e1 constituida por los Gobernadores de San Juan, Dr. Marcelo Orrego, de Mendoza, Ing. Alfredo Cornejo, de Catamarca, Economista Ra\u00fal Jalil, de Salta, Dr. Gustavo S\u00e1enz, y de Jujuy, CPN Carlos Sadir, quienes expusieron sobre el potencial respecto al cobre en cada espacio.<\/p>\n<p>En este marco, eligieron al gobernador de San Juan, Dr. Marcelo Orrego, como el primer presidente de la Mesa del Cobre por un per\u00edodo de un a\u00f1o, tras el cual la presidencia es ejercida de manera rotativa por los dem\u00e1s gobernadores integrantes.<\/p>\n<p>Asimismo, se inici\u00f3 la creaci\u00f3n de la Secretar\u00eda Ejecutiva Colegiada, conformada inicialmente por el ministro de Miner\u00eda de San Juan, Dr. Juan Pablo Perea, y el director de Miner\u00eda de Mendoza, Ing. Jer\u00f3nimo Shantal. La vigencia de este \u00f3rgano es la misma que la de la presidencia, con posibilidad de renovaci\u00f3n bajo los mismos t\u00e9rminos.<\/p>\n<p>El acuerdo fue formalizado con la firma de los gobernadores de las provincias participantes.<\/p>\n<p>Luego, el presidente de la Mesa del Cobre, Dr. Marcelo Orrego destac\u00f3 que \u00abes un honor acompa\u00f1arlos hoy en esta 1\u00aa Cumbre de Miner\u00eda que reafirma el compromiso de nuestras provincias y nuestro pa\u00eds con una miner\u00eda moderna, sostenible y responsable. San Juan es, indiscutiblemente, una provincia minera por historia y por presente. El 75% de nuestras exportaciones provienen de esta actividad. Contamos con minas emblem\u00e1ticas como Veladero, la m\u00e1s grande de Argentina, y proyectos avanzados como Hualil\u00e1n, que iniciar\u00e1 su construcci\u00f3n en 2025\u201d.<\/p>\n<p>Dio detalles de lo realizado durante su gesti\u00f3n y concret\u00f3 la evaluaci\u00f3n de 34 informes de impacto ambiental de prospecci\u00f3n y exploraci\u00f3n, destac\u00e1ndose la DIA del proyecto Hualil\u00e1n, el primer proyecto de oro aprobado despu\u00e9s de 17 a\u00f1os\u201d.<\/p>\n<p>\u00abSan Juan entiende la miner\u00eda como una pol\u00edtica de Estado, construyendo una industria robusta que respete los recursos naturales, prioriza el cuidado del agua y genera empleo\u201d. Agreg\u00f3 que \u00abcelebramos alianzas estrat\u00e9gicas como la reciente entre BHP y Lundin para proyectos como Josemar\u00eda y Filo del Sol, posicionando a San Juan dentro del Top 10 global\u201d.<\/p>\n<p>\u201cLa confianza de las comunidades es esencial. La confianza se gana en gramos, pero se pierde en kilos y en San Juan hemos demostrado que es posible lograr consensos duraderos. La miner\u00eda no es solo el presente, sino el futuro de nuestras provincias y de un pa\u00eds que apuesta por un desarrollo sostenible\u201d &#8211; sintetiz\u00f3 el Dr. Marcelo Orrego.<\/p>\n<p>Mientras, el Gobernador de Mendoza, Ing. Alfredo Cornejo puntualiz\u00f3 que se plantearon muchos desaf\u00edos y que se viene un camino de convivencia y consenso en cuanto a la miner\u00eda.<\/p>\n<p>Por ello, el gobernador de Salta, Dr. Gustavo S\u00e1enz remarc\u00f3 que que \u201cel desaf\u00edo m\u00e1s grande que tenemos es que hoy el mundo demanda lo que nosotros tenemos para darles. En este caso la oportunidad es hoy. Hay que lograr mantener durante el tiempo la sustentabilidad y la licencia social en miner\u00eda\u201d.<\/p>\n<p>Mientras que el Gobernador de Catamarca, Economista Ra\u00fal Jalil se\u00f1al\u00f3 que \u201chay una madurez pol\u00edtica en Argentina. Cuando empezamos la Mesa del Litio, fue un buen inicio. Hoy avanzar con la Mesa del Cobre es muy importante sobre todo para el sector minero\u201d.<\/p>\n<p>El gobernador Jujuy, CPN Carlos Sadir declar\u00f3 que \u201clos desaf\u00edos que tenemos son comunes. Ahora trabajamos en como acortar procesos, no solo con el estudio del impacto ambiental. Pero tambi\u00e9n tenemos que buscar nuevos y m\u00e1s inversores para que sigan explorando\u201d.<\/p>\n<p>Por otro lado, y en el marco de esta cumbre, se presentaron las proyecciones de mercados como el del cobre, buenas pr\u00e1cticas de sostenibilidad por parte de empresas l\u00edderes, bancos y su rol en el desarrollo de la miner\u00eda, actores del mercado de capitales local comentando sobre instrumentos de financiamiento e inversi\u00f3n.<\/p>\n<p>&nbsp;<\/p>\n<p><iframe loading=\"lazy\" title=\"El gobernador Marcelo Orrego, primer presidente de la Mesa del Cobre\" width=\"800\" height=\"450\" src=\"https:\/\/www.youtube.com\/embed\/APKzPEWLwUM?feature=oembed\" frameborder=\"0\" allow=\"accelerometer; autoplay; clipboard-write; encrypted-media; gyroscope; picture-in-picture; web-share\" referrerpolicy=\"strict-origin-when-cross-origin\" allowfullscreen><\/iframe><\/p>\n","protected":false},"excerpt":{"rendered":"<p>En Mendoza, se desarroll\u00f3 la Cumbre de Miner\u00eda Sostenible y en este contexto, el Gobernador de San Juan, Dr. Marcelo<\/p>\n","protected":false},"author":3,"featured_media":79682,"comment_status":"closed","ping_status":"closed","sticky":false,"template":"","format":"standard","meta":{"_acf_changed":false,"_seopress_robots_primary_cat":"none","_seopress_titles_title":"","_seopress_titles_desc":"","_seopress_robots_index":"","colormag_page_container_layout":"default_layout","colormag_page_sidebar_layout":"default_layout","footnotes":""},"categories":[10,7],"tags":[],"class_list":["post-79679","post","type-post","status-publish","format-standard","has-post-thumbnail","hentry","category-opiniones","category-videos"],"acf":[],"_links":{"self":[{"href":"https:\/\/vocesparalelas.com.ar\/sitio\/wp-json\/wp\/v2\/posts\/79679","targetHints":{"allow":["GET"]}}],"collection":[{"href":"https:\/\/vocesparalelas.com.ar\/sitio\/wp-json\/wp\/v2\/posts"}],"about":[{"href":"https:\/\/vocesparalelas.com.ar\/sitio\/wp-json\/wp\/v2\/types\/post"}],"author":[{"embeddable":true,"href":"https:\/\/vocesparalelas.com.ar\/sitio\/wp-json\/wp\/v2\/users\/3"}],"replies":[{"embeddable":true,"href":"https:\/\/vocesparalelas.com.ar\/sitio\/wp-json\/wp\/v2\/comments?post=79679"}],"version-history":[{"count":2,"href":"https:\/\/vocesparalelas.com.ar\/sitio\/wp-json\/wp\/v2\/posts\/79679\/revisions"}],"predecessor-version":[{"id":79684,"href":"https:\/\/vocesparalelas.com.ar\/sitio\/wp-json\/wp\/v2\/posts\/79679\/revisions\/79684"}],"wp:featuredmedia":[{"embeddable":true,"href":"https:\/\/vocesparalelas.com.ar\/sitio\/wp-json\/wp\/v2\/media\/79682"}],"wp:attachment":[{"href":"https:\/\/vocesparalelas.com.ar\/sitio\/wp-json\/wp\/v2\/media?parent=79679"}],"wp:term":[{"taxonomy":"category","embeddable":true,"href":"https:\/\/vocesparalelas.com.ar\/sitio\/wp-json\/wp\/v2\/categories?post=79679"},{"taxonomy":"post_tag","embeddable":true,"href":"https:\/\/vocesparalelas.com.ar\/sitio\/wp-json\/wp\/v2\/tags?post=79679"}],"curies":[{"name":"wp","href":"https:\/\/api.w.org\/{rel}","templated":true}]}}