{"id":79670,"date":"2024-11-26T22:00:15","date_gmt":"2024-11-27T01:00:15","guid":{"rendered":"https:\/\/vocesparalelas.com.ar\/sitio\/?p=79670"},"modified":"2024-11-28T11:57:40","modified_gmt":"2024-11-28T14:57:40","slug":"gran-preocupacion-de-la-comunidad-educativa-del-colegio-provincial-barrio-parque-rivadavia-norte","status":"publish","type":"post","link":"https:\/\/vocesparalelas.com.ar\/sitio\/gran-preocupacion-de-la-comunidad-educativa-del-colegio-provincial-barrio-parque-rivadavia-norte\/","title":{"rendered":"Gran preocupaci\u00f3n de la Comunidad Educativa del Colegio Provincial Barrio Parque Rivadavia Norte"},"content":{"rendered":"<p>La Comunidad Educativa del Colegio Provincial Barrio Parque Rivadavia Norte, del Nivel Secundario, est\u00e1n muy preocupados porque se encuentra en consideraci\u00f3n la posibilidad de cerrar la Orientaci\u00f3n Econom\u00eda de la Instituci\u00f3n Educativa.<\/p>\n<p>Actualmente, la modalidad econom\u00eda cuenta con 4\u00b0 y 5\u00b0 a\u00f1o pero se gestiona el 6\u00b0 A\u00f1o. La informaci\u00f3n que tienen es que pretenden cerrar la Orientaci\u00f3n Econom\u00eda, al no crearse el 6\u00b0 A\u00f1o acusando la falta de espacio f\u00edsico.<\/p>\n<p><strong><span style=\"color: #ff6600;\">Representantes del Colegio Provincial Barrio Parque Rivadavia Norte <\/span><\/strong><\/p>\n<ul>\n<li>Prof. Paula Zuliani<\/li>\n<li>Alumno Bautista D\u00edaz,<\/li>\n<li>Juan Cruz Chena,<\/li>\n<li>Yasmin P\u00e9rez,<\/li>\n<li>Vania Jofre y<\/li>\n<li>2 mam\u00e1s.<\/li>\n<\/ul>\n<p><strong><span style=\"color: #ff6600;\">Es importante destacar que las autoridades del colegio son\u00a0<\/span><\/strong><\/p>\n<ul>\n<li>Directora Prof. Susana Monsalvo<\/li>\n<li>Vicedirector Prof. Miguel Maya<\/li>\n<\/ul>\n<p>Por ello, Voces Paralelas desarroll\u00f3 una entrevista period\u00edstica a la Profesora de Historia Paula, quien acompa\u00f1\u00f3 a los alumnos y padres que buscan una soluci\u00f3n conjunta.<\/p>\n<p><iframe loading=\"lazy\" title=\"RIVADAVIA PROF PAULA ZULIANI\" width=\"800\" height=\"450\" src=\"https:\/\/www.youtube.com\/embed\/ECg9eFPM3yM?feature=oembed\" frameborder=\"0\" allow=\"accelerometer; autoplay; clipboard-write; encrypted-media; gyroscope; picture-in-picture; web-share\" referrerpolicy=\"strict-origin-when-cross-origin\" allowfullscreen><\/iframe><\/p>\n<p>Es importante destacar que es un servicio educativo que no s\u00f3lo atrae alumnos del Departamento &gt;Rivadavia sino de otros departamentos ya que es una orientaci\u00f3n muy buscada dentro de la oferta educativa de la zona.<\/p>\n<p>Otra observaci\u00f3n es que es una situaci\u00f3n que debe solucionar el Ministerio de Educaci\u00f3n del Gobierno de San Juan. La preocupaci\u00f3n es muy fuerte y buscan una soluci\u00f3n para el bienestar de las partes que intervienen.<\/p>\n<p>En la Paritaria Docente, del Martes, 26 de Noviembre, los gremios UDAP, AMET y UDA solicitaron provisi\u00f3n de m\u00f3dulos para el Colegio Provincial Barrio Parque Rivadavia Norte como tambi\u00e9n que no se cierre la Orientaci\u00f3n Econom\u00eda.<\/p>\n<p>&nbsp;<\/p>\n<p><img loading=\"lazy\" decoding=\"async\" class=\"alignnone size-full wp-image-79674\" src=\"https:\/\/vocesparalelas.com.ar\/sitio\/wp-content\/uploads\/2024\/11\/COLEGIO-PROVINCIAL-B-PARQUE-RIVADAVIA-NORTE.jpg\" alt=\"\" width=\"800\" height=\"600\" srcset=\"https:\/\/vocesparalelas.com.ar\/sitio\/wp-content\/uploads\/2024\/11\/COLEGIO-PROVINCIAL-B-PARQUE-RIVADAVIA-NORTE.jpg 800w, https:\/\/vocesparalelas.com.ar\/sitio\/wp-content\/uploads\/2024\/11\/COLEGIO-PROVINCIAL-B-PARQUE-RIVADAVIA-NORTE-300x225.jpg 300w, https:\/\/vocesparalelas.com.ar\/sitio\/wp-content\/uploads\/2024\/11\/COLEGIO-PROVINCIAL-B-PARQUE-RIVADAVIA-NORTE-768x576.jpg 768w\" sizes=\"auto, (max-width: 800px) 100vw, 800px\" \/><\/p>\n<p><img loading=\"lazy\" decoding=\"async\" class=\"size-full wp-image-79673 aligncenter\" src=\"https:\/\/vocesparalelas.com.ar\/sitio\/wp-content\/uploads\/2024\/11\/ESCUELA-PROVINCIAL-PARQUE-RIVADAVIA-01.jpg\" alt=\"\" width=\"500\" height=\"660\" srcset=\"https:\/\/vocesparalelas.com.ar\/sitio\/wp-content\/uploads\/2024\/11\/ESCUELA-PROVINCIAL-PARQUE-RIVADAVIA-01.jpg 500w, https:\/\/vocesparalelas.com.ar\/sitio\/wp-content\/uploads\/2024\/11\/ESCUELA-PROVINCIAL-PARQUE-RIVADAVIA-01-227x300.jpg 227w\" sizes=\"auto, (max-width: 500px) 100vw, 500px\" \/><\/p>\n","protected":false},"excerpt":{"rendered":"<p>La Comunidad Educativa del Colegio Provincial Barrio Parque Rivadavia Norte, del Nivel Secundario, est\u00e1n muy preocupados porque se encuentra en<\/p>\n","protected":false},"author":3,"featured_media":79675,"comment_status":"closed","ping_status":"closed","sticky":false,"template":"","format":"standard","meta":{"_acf_changed":false,"_seopress_robots_primary_cat":"none","_seopress_titles_title":"","_seopress_titles_desc":"","_seopress_robots_index":"","colormag_page_container_layout":"default_layout","colormag_page_sidebar_layout":"default_layout","footnotes":""},"categories":[5,7],"tags":[],"class_list":["post-79670","post","type-post","status-publish","format-standard","has-post-thumbnail","hentry","category-ofrecimientos","category-videos"],"acf":[],"_links":{"self":[{"href":"https:\/\/vocesparalelas.com.ar\/sitio\/wp-json\/wp\/v2\/posts\/79670","targetHints":{"allow":["GET"]}}],"collection":[{"href":"https:\/\/vocesparalelas.com.ar\/sitio\/wp-json\/wp\/v2\/posts"}],"about":[{"href":"https:\/\/vocesparalelas.com.ar\/sitio\/wp-json\/wp\/v2\/types\/post"}],"author":[{"embeddable":true,"href":"https:\/\/vocesparalelas.com.ar\/sitio\/wp-json\/wp\/v2\/users\/3"}],"replies":[{"embeddable":true,"href":"https:\/\/vocesparalelas.com.ar\/sitio\/wp-json\/wp\/v2\/comments?post=79670"}],"version-history":[{"count":3,"href":"https:\/\/vocesparalelas.com.ar\/sitio\/wp-json\/wp\/v2\/posts\/79670\/revisions"}],"predecessor-version":[{"id":79730,"href":"https:\/\/vocesparalelas.com.ar\/sitio\/wp-json\/wp\/v2\/posts\/79670\/revisions\/79730"}],"wp:featuredmedia":[{"embeddable":true,"href":"https:\/\/vocesparalelas.com.ar\/sitio\/wp-json\/wp\/v2\/media\/79675"}],"wp:attachment":[{"href":"https:\/\/vocesparalelas.com.ar\/sitio\/wp-json\/wp\/v2\/media?parent=79670"}],"wp:term":[{"taxonomy":"category","embeddable":true,"href":"https:\/\/vocesparalelas.com.ar\/sitio\/wp-json\/wp\/v2\/categories?post=79670"},{"taxonomy":"post_tag","embeddable":true,"href":"https:\/\/vocesparalelas.com.ar\/sitio\/wp-json\/wp\/v2\/tags?post=79670"}],"curies":[{"name":"wp","href":"https:\/\/api.w.org\/{rel}","templated":true}]}}